{"id":14936,"date":"2016-11-24T12:03:22","date_gmt":"2016-11-24T11:03:22","guid":{"rendered":"http:\/\/www.conselharan.org\/ca\/?p=14936"},"modified":"2016-11-24T12:04:02","modified_gmt":"2016-11-24T11:04:02","slug":"nova-convocatoria-dels-ajuts-del-programa-leader-fins-el-16-de-gener","status":"publish","type":"post","link":"https:\/\/www.conselharan.org\/ca\/nova-convocatoria-dels-ajuts-del-programa-leader-fins-el-16-de-gener\/","title":{"rendered":"Nova convocat\u00f2ria dels ajuts del programa \u201cLeader\u201d fins el 16 de gener"},"content":{"rendered":"<p><strong>El termini de presentaci\u00f3 de les ajudes finalitzar\u00e0 el proper 16 de gener.<\/strong><\/p>\n<p><strong>Les persones interessades poden informar-se sobre les ajudes en la seu del Conselh Generau d\u2019Aran demanant hora amb Judit Jaquet en <a href=\"mailto:j.jaquet@aran.org\" target=\"_blank\">j.jaquet@aran.org <\/a>o en tel. 973 64 18 01.<\/strong><\/p>\n<p>&nbsp;<\/p>\n<p><img loading=\"lazy\" decoding=\"async\" class=\"aligncenter size-large wp-image-14934\" src=\"http:\/\/www.conselharan.org\/wp-content\/uploads\/2016\/11\/DSC_0002-1024x890.jpg\" alt=\"DSC_0002\" width=\"1024\" height=\"890\" srcset=\"https:\/\/www.conselharan.org\/wp-content\/uploads\/2016\/11\/DSC_0002-1024x890.jpg 1024w, https:\/\/www.conselharan.org\/wp-content\/uploads\/2016\/11\/DSC_0002-300x261.jpg 300w, https:\/\/www.conselharan.org\/wp-content\/uploads\/2016\/11\/DSC_0002-768x667.jpg 768w\" sizes=\"(max-width: 1024px) 100vw, 1024px\" \/><\/p>\n<p>&nbsp;<\/p>\n<p>El Conselh Generau d\u2019Aran ha presentat a les microempreses, petites i mitjanes empreses de la Val d\u2019Aran les noves ajudes europees LEADER 2016, <strong>on podran beneficiar-se&#8217;n tots els particulars de la Val d\u2019Aran interessats en impulsar un projecte empresarial generador d\u2019activitat econ\u00f2mica, aix\u00ed com els ajuntaments de la Val d\u2019Aran.<\/strong><\/p>\n<p>En 2015 el Gov\u00e8rn d\u2019Aran va aconseguir materialitzar aquest fet reivindicat per la Val d\u2019Aran, que ha de suposar un impuls important al desenvolupament econ\u00f2mic del territori.<\/p>\n<p>El <strong>Departament d\u2019Agricultura, Ramaderia, Pesca i Alimentaci\u00f3 (DARP)<\/strong> de la Generalitat de Catalunya, ha seleccionat 11 Grups d\u2019Acci\u00f3 Local (GAL) Leader, per aplicar el desenvolupament local participatiu Leader en el marc del Programa de Desenvolupament Rural ( PDR) de Catalunya 2014-2020.<\/p>\n<p>Un dels objectius principals del GAL \u00e9s la dinamitzaci\u00f3 territorial i la divulgaci\u00f3 dels seus projectes m\u00e9s estrat\u00e8gics i bones pr\u00e0ctiques, juntament amb la gesti\u00f3 de les ajudes, que convoca anualment el DARP per fomentar la realitzaci\u00f3 d\u2019inversions que generin activitat econ\u00f2mica a les zones rurals i fomenten la creaci\u00f3 i\/o manteniment de llocs de treball, principalment de dones i de joves, en accions de millora dels<strong> processos de transformaci\u00f3 i comercialitzaci\u00f3 dels productes agraris, creaci\u00f3 i desenvolupament de microempreses, foment d\u2019activitats tur\u00edstiques, i conservaci\u00f3 i millora del patrimoni rural<\/strong>.<\/p>\n<p>En paraules de la conselh\u00e8ra de Turisme i Desenvolupament Econ\u00f2mic d\u2019Aran, <strong>Anna D\u00edaz: \u201cEls ajuts Leader pretenen fomentar la realitzaci\u00f3 d\u2019inversions que generin activitat econ\u00f2mica amb accions adre\u00e7ades en fomentar la reactivaci\u00f3 econ\u00f2mica i la creaci\u00f3 d\u2019ocupaci\u00f3\u201d.<\/strong><\/p>\n<p>&nbsp;<\/p>\n<p><em><strong>Convocat\u00f2ria Leader gener 2016<\/strong><\/em><\/p>\n<p>Es van presentar al Consorci Leader Pirineu Occidental un total de 84, de les quals van ser elegibles a valorar 66.<\/p>\n<p>A la Val d\u2019Aran d\u2019un total de 25 expedients elegibles, van obtenir ajuda 8 sol\u2022licituds, per un import de 207.070,02\u20ac. La resta van quedar exclosos per manca de disponibilitat pressupost\u00e0ria.<\/p>\n<p>&nbsp;<\/p>\n<p>Les persones interessades poden informar-se sobre les ajudes en la seu del Conselh Generau d\u2019Aran demanant hora amb Judit Jaquet en<a href=\"mailto:j.jaquet@aran.org\" target=\"_blank\"> j.jaquet@aran.org <\/a>o en tel. 973 64 18 01.<\/p>\n<p>&nbsp;<\/p>\n<p>&nbsp;<\/p>\n<p>&nbsp;<\/p>\n<p>Vielha, 24 de novembre de 2016<\/p>\n<p>&nbsp;<\/p>\n<p><em>Conselh Generau d&#8217;Aran: N\u00faria Sanjuan<\/em><\/p>\n ","protected":false},"excerpt":{"rendered":"<p>El termini de presentaci\u00f3 de les ajudes finalitzar\u00e0 el proper 16 de gener. Les persones interessades poden informar-se sobre les ajudes en la seu del Conselh Generau d\u2019Aran demanant hora amb Judit Jaquet en j.jaquet@aran.org o en tel. 973 64 18 01. &nbsp; &nbsp; El Conselh Generau d\u2019Aran ha presentat a les microempreses, petites i&#8230;<\/p>\n","protected":false},"author":2,"featured_media":14934,"comment_status":"closed","ping_status":"closed","sticky":false,"template":"","format":"standard","meta":{"footnotes":""},"categories":[31,53,127,36],"tags":[],"_links":{"self":[{"href":"https:\/\/www.conselharan.org\/ca\/wp-json\/wp\/v2\/posts\/14936"}],"collection":[{"href":"https:\/\/www.conselharan.org\/ca\/wp-json\/wp\/v2\/posts"}],"about":[{"href":"https:\/\/www.conselharan.org\/ca\/wp-json\/wp\/v2\/types\/post"}],"author":[{"embeddable":true,"href":"https:\/\/www.conselharan.org\/ca\/wp-json\/wp\/v2\/users\/2"}],"replies":[{"embeddable":true,"href":"https:\/\/www.conselharan.org\/ca\/wp-json\/wp\/v2\/comments?post=14936"}],"version-history":[{"count":1,"href":"https:\/\/www.conselharan.org\/ca\/wp-json\/wp\/v2\/posts\/14936\/revisions"}],"predecessor-version":[{"id":14937,"href":"https:\/\/www.conselharan.org\/ca\/wp-json\/wp\/v2\/posts\/14936\/revisions\/14937"}],"wp:featuredmedia":[{"embeddable":true,"href":"https:\/\/www.conselharan.org\/ca\/wp-json\/wp\/v2\/media\/14934"}],"wp:attachment":[{"href":"https:\/\/www.conselharan.org\/ca\/wp-json\/wp\/v2\/media?parent=14936"}],"wp:term":[{"taxonomy":"category","embeddable":true,"href":"https:\/\/www.conselharan.org\/ca\/wp-json\/wp\/v2\/categories?post=14936"},{"taxonomy":"post_tag","embeddable":true,"href":"https:\/\/www.conselharan.org\/ca\/wp-json\/wp\/v2\/tags?post=14936"}],"curies":[{"name":"wp","href":"https:\/\/api.w.org\/{rel}","templated":true}]}}