{"id":15047,"date":"2016-12-01T14:32:12","date_gmt":"2016-12-01T13:32:12","guid":{"rendered":"http:\/\/www.conselharan.org\/ca\/?p=15047"},"modified":"2016-12-01T14:37:29","modified_gmt":"2016-12-01T13:37:29","slug":"loficina-de-joventut-del-conselh-generau-daran-fica-vuit-punts-dinformacio-sobre-la-sida","status":"publish","type":"post","link":"https:\/\/www.conselharan.org\/ca\/loficina-de-joventut-del-conselh-generau-daran-fica-vuit-punts-dinformacio-sobre-la-sida\/","title":{"rendered":"L\u2019Oficina de Joventut del Conselh Generau d\u2019Aran fica vuit punts d\u2019informaci\u00f3 sobre la SIDA"},"content":{"rendered":"<p><img loading=\"lazy\" decoding=\"async\" class=\"aligncenter size-large wp-image-15044\" src=\"http:\/\/www.conselharan.org\/wp-content\/uploads\/2016\/12\/dia-mondiau-contra-sida-2016-768x1024.jpg\" alt=\"dia mondiau contra sida 2016\" width=\"768\" height=\"1024\" srcset=\"https:\/\/www.conselharan.org\/wp-content\/uploads\/2016\/12\/dia-mondiau-contra-sida-2016-768x1024.jpg 768w, https:\/\/www.conselharan.org\/wp-content\/uploads\/2016\/12\/dia-mondiau-contra-sida-2016-225x300.jpg 225w, https:\/\/www.conselharan.org\/wp-content\/uploads\/2016\/12\/dia-mondiau-contra-sida-2016.jpg 1920w\" sizes=\"(max-width: 768px) 100vw, 768px\" \/><br \/>\nAmb motiu del Dia mundial de la lluita contra la SIDA, el Conselh Generau d\u2019Aran a trav\u00e9s de l&#8217;Oficina de Joventut ha ficat vuit punts d\u2019informaci\u00f3 repartits per la Val d\u2019Aran que tracten sobre aquesta malaltia. Cada punt acull material informatiu. Els punts d\u2019informaci\u00f3 s\u2019han distribu\u00eft al llarg del territori aran\u00e8s: en el punt Omnia eth Haro de Les; en la zona esportiva de Boss\u00f2st; a l&#8217;Hospital Val d\u2019Aran; en el Centre de Formaci\u00f3 d\u2019Adults; en l&#8217;Institut d\u2019Aran, en l&#8217;Oficina de Joventut, en la seu del Conselh Generau d\u2019Aran i en l&#8217;Alberg de Salard\u00fa.<\/p>\n<p>En paraules de la conselh\u00e8ra de Salut i Benestar d\u2019Aran, <strong>Anna D\u00edaz: \u201cAmb aquests punts es vol informar als nois i noies sobre la prevenci\u00f3 del VIH, les malalties de transmissi\u00f3 sexual i els embarassos no desitjats i sobre les accions de suport a les persones, col\u2022lectius, familiars o comunitats afectades per la malaltia i la seva estigmatitzaci\u00f3\u201d.<\/strong><\/p>\n<p>&nbsp;<\/p>\n<p>&nbsp;<\/p>\n<p>&nbsp;<\/p>\n<p>&nbsp;<\/p>\n<p>&nbsp;<\/p>\n<p>Vielha, 1 de desembre de 2016<\/p>\n<p>&nbsp;<\/p>\n<p>&nbsp;<\/p>\n<p><em>Conselh Generau d&#8217;Aran: N\u00faria Sanjuan<\/em><\/p>\n<p><em>Font: Oficina de Joenessa<\/em><\/p>\n ","protected":false},"excerpt":{"rendered":"<p>Amb motiu del Dia mundial de la lluita contra la SIDA, el Conselh Generau d\u2019Aran a trav\u00e9s de l&#8217;Oficina de Joventut ha ficat vuit punts d\u2019informaci\u00f3 repartits per la Val d\u2019Aran que tracten sobre aquesta malaltia. Cada punt acull material informatiu. Els punts d\u2019informaci\u00f3 s\u2019han distribu\u00eft al llarg del territori aran\u00e8s: en el punt Omnia&#8230;<\/p>\n","protected":false},"author":2,"featured_media":15045,"comment_status":"closed","ping_status":"closed","sticky":false,"template":"","format":"standard","meta":{"footnotes":""},"categories":[33],"tags":[],"_links":{"self":[{"href":"https:\/\/www.conselharan.org\/ca\/wp-json\/wp\/v2\/posts\/15047"}],"collection":[{"href":"https:\/\/www.conselharan.org\/ca\/wp-json\/wp\/v2\/posts"}],"about":[{"href":"https:\/\/www.conselharan.org\/ca\/wp-json\/wp\/v2\/types\/post"}],"author":[{"embeddable":true,"href":"https:\/\/www.conselharan.org\/ca\/wp-json\/wp\/v2\/users\/2"}],"replies":[{"embeddable":true,"href":"https:\/\/www.conselharan.org\/ca\/wp-json\/wp\/v2\/comments?post=15047"}],"version-history":[{"count":2,"href":"https:\/\/www.conselharan.org\/ca\/wp-json\/wp\/v2\/posts\/15047\/revisions"}],"predecessor-version":[{"id":15049,"href":"https:\/\/www.conselharan.org\/ca\/wp-json\/wp\/v2\/posts\/15047\/revisions\/15049"}],"wp:featuredmedia":[{"embeddable":true,"href":"https:\/\/www.conselharan.org\/ca\/wp-json\/wp\/v2\/media\/15045"}],"wp:attachment":[{"href":"https:\/\/www.conselharan.org\/ca\/wp-json\/wp\/v2\/media?parent=15047"}],"wp:term":[{"taxonomy":"category","embeddable":true,"href":"https:\/\/www.conselharan.org\/ca\/wp-json\/wp\/v2\/categories?post=15047"},{"taxonomy":"post_tag","embeddable":true,"href":"https:\/\/www.conselharan.org\/ca\/wp-json\/wp\/v2\/tags?post=15047"}],"curies":[{"name":"wp","href":"https:\/\/api.w.org\/{rel}","templated":true}]}}