{"id":15156,"date":"2016-12-07T15:36:55","date_gmt":"2016-12-07T14:36:55","guid":{"rendered":"http:\/\/www.conselharan.org\/ca\/accion-durgencia-deth-conselh-generau-daran-eth-bisbat-durgell-e-era-direccio-general-de-patrimoni-dera-generalitat-ena-gleisa-dera-purificacion-de-bossost\/"},"modified":"2016-12-07T15:42:52","modified_gmt":"2016-12-07T14:42:52","slug":"accion-durgencia-deth-conselh-generau-daran-eth-bisbat-durgell-e-era-direccio-general-de-patrimoni-dera-generalitat-ena-gleisa-dera-purificacion-de-bossost","status":"publish","type":"post","link":"https:\/\/www.conselharan.org\/ca\/accion-durgencia-deth-conselh-generau-daran-eth-bisbat-durgell-e-era-direccio-general-de-patrimoni-dera-generalitat-ena-gleisa-dera-purificacion-de-bossost\/","title":{"rendered":"Actuaci\u00f3 d&#8217;urg\u00e8ncia del Conselh Generau d&#8217;Aran, el Bisbat d&#8217;Urgell  i la Direcci\u00f3 General de Patrimoni de la Generalitat a l&#8217;esgl\u00e9sia de la Purificaci\u00f3 de Boss\u00f2st."},"content":{"rendered":"<p><img loading=\"lazy\" decoding=\"async\" class=\"aligncenter size-full wp-image-15151\" src=\"http:\/\/www.conselharan.org\/wp-content\/uploads\/2016\/12\/IMG_4560.jpg\" alt=\"IMG_4560\" width=\"1920\" height=\"1440\" srcset=\"https:\/\/www.conselharan.org\/wp-content\/uploads\/2016\/12\/IMG_4560.jpg 1920w, https:\/\/www.conselharan.org\/wp-content\/uploads\/2016\/12\/IMG_4560-300x225.jpg 300w, https:\/\/www.conselharan.org\/wp-content\/uploads\/2016\/12\/IMG_4560-768x576.jpg 768w, https:\/\/www.conselharan.org\/wp-content\/uploads\/2016\/12\/IMG_4560-1024x768.jpg 1024w\" sizes=\"(max-width: 1920px) 100vw, 1920px\" \/><\/p>\n<p>Vielha, 7 de desembre de 2016.- T\u00e8cnics de patrimoni del Conselh Generau d&#8217;Aran, juntament amb el catedr\u00e0tic de l&#8217;Escola T\u00e8cnica Superior d&#8217;Arquitectura de la Universitat Rovira i Virgili de Tarragona, Josep Lluis Guinovart, van constatar en la visita del passat dia 5 de desembre de comprovaci\u00f3 d&#8217;obres a la coberta de l&#8217;esgl\u00e9sia de la Purificaci\u00f3 de Boss\u00f2st, l&#8217;exist\u00e8ncia d&#8217;esquerdes en l&#8217;estructura del campanar de l&#8217;esgl\u00e9sia de Boss\u00f2st.<\/p>\n<p>Aquesta greu situaci\u00f3 ha comportat la convocat\u00f2ria per part del sindic d&#8217;Aran Carlos Barrera, d&#8217;una reuni\u00f3 urgent, realitzada avui dia 7 de desembre de 2016, amb la pres\u00e8ncia del director general de Patrimoni de la Generalitat de Catalunya, Josep Maria Boya; Lluis Guinovart; l&#8217;arxiprest de la Vall d&#8217;Aran, Pere Balaguer; l&#8217;alcalde de Boss\u00f2st, Amador Marqu\u00e9s i t\u00e8cnics del Conselh Generau d&#8217;Aran i de la Generalitat de Catalunya.<\/p>\n<p>En aquesta reuni\u00f3 s&#8217;ha pres la decisi\u00f3 de construir una bastida de \u00a0refor\u00e7 estructural interior i exterior del campanar, elaborar un estudi geot\u00e8cnic de l&#8217;entorn del campanar i la redacci\u00f3 d&#8217;un projecte t\u00e8cnic per a l&#8217;articulaci\u00f3 d&#8217;una soluci\u00f3 definitiva a aquest greu problema.<\/p>\n<p>Aquesta actuaci\u00f3 definitiva s&#8217;ha de fer necess\u00e0riament durant el proper any 2017.<\/p>\n<p>L&#8217;any 2015 l&#8217;esgl\u00e9sia de la Purificaci\u00f3 de Boss\u00f2st, va ser declarada BCIN (B\u00e9 Cultural d&#8217;Inter\u00e8s Nacional) per la Generalitat de Catalunya, de la qual el campanar \u00e9s un element valuos\u00edssim del rom\u00e0nic de la Vall d&#8217;Aran. \u00c9s per aquest motiu que, en paraules del sindic d&#8217;Aran, Carlos Barrera, &#8220;el Conselh Generau d&#8217;Aran donar\u00e0 la m\u00e0xima prioritat a aquesta actuaci\u00f3, que es materialitzar\u00e0 a trav\u00e9s d&#8217;un conveni entre el Bisbat d&#8217;Urgell, la Direcci\u00f3 General de Patrimoni de la Generalitat de Catalunya i el propi Conselh Generau d&#8217;Aran &#8220;.<\/p>\n ","protected":false},"excerpt":{"rendered":"<p>Vielha, 7 de desembre de 2016.- T\u00e8cnics de patrimoni del Conselh Generau d&#8217;Aran, juntament amb el catedr\u00e0tic de l&#8217;Escola T\u00e8cnica Superior d&#8217;Arquitectura de la Universitat Rovira i Virgili de Tarragona, Josep Lluis Guinovart, van constatar en la visita del passat dia 5 de desembre de comprovaci\u00f3 d&#8217;obres a la coberta de l&#8217;esgl\u00e9sia de la Purificaci\u00f3&#8230;<\/p>\n","protected":false},"author":1,"featured_media":15151,"comment_status":"closed","ping_status":"closed","sticky":false,"template":"","format":"standard","meta":{"footnotes":""},"categories":[31,36],"tags":[],"_links":{"self":[{"href":"https:\/\/www.conselharan.org\/ca\/wp-json\/wp\/v2\/posts\/15156"}],"collection":[{"href":"https:\/\/www.conselharan.org\/ca\/wp-json\/wp\/v2\/posts"}],"about":[{"href":"https:\/\/www.conselharan.org\/ca\/wp-json\/wp\/v2\/types\/post"}],"author":[{"embeddable":true,"href":"https:\/\/www.conselharan.org\/ca\/wp-json\/wp\/v2\/users\/1"}],"replies":[{"embeddable":true,"href":"https:\/\/www.conselharan.org\/ca\/wp-json\/wp\/v2\/comments?post=15156"}],"version-history":[{"count":1,"href":"https:\/\/www.conselharan.org\/ca\/wp-json\/wp\/v2\/posts\/15156\/revisions"}],"predecessor-version":[{"id":15158,"href":"https:\/\/www.conselharan.org\/ca\/wp-json\/wp\/v2\/posts\/15156\/revisions\/15158"}],"wp:featuredmedia":[{"embeddable":true,"href":"https:\/\/www.conselharan.org\/ca\/wp-json\/wp\/v2\/media\/15151"}],"wp:attachment":[{"href":"https:\/\/www.conselharan.org\/ca\/wp-json\/wp\/v2\/media?parent=15156"}],"wp:term":[{"taxonomy":"category","embeddable":true,"href":"https:\/\/www.conselharan.org\/ca\/wp-json\/wp\/v2\/categories?post=15156"},{"taxonomy":"post_tag","embeddable":true,"href":"https:\/\/www.conselharan.org\/ca\/wp-json\/wp\/v2\/tags?post=15156"}],"curies":[{"name":"wp","href":"https:\/\/api.w.org\/{rel}","templated":true}]}}