{"id":15217,"date":"2017-01-09T13:15:47","date_gmt":"2017-01-09T12:15:47","guid":{"rendered":"http:\/\/www.conselharan.org\/ca\/?p=15217"},"modified":"2017-01-09T13:36:15","modified_gmt":"2017-01-09T12:36:15","slug":"campanya-per-millorar-la-recollida-selectiva-dels-envasos-lleugers-en-establiments-hotelers-i-restauradors","status":"publish","type":"post","link":"https:\/\/www.conselharan.org\/ca\/campanya-per-millorar-la-recollida-selectiva-dels-envasos-lleugers-en-establiments-hotelers-i-restauradors\/","title":{"rendered":"Campanya per millorar la recollida selectiva dels envasos lleugers en establiments hotelers i restauradors"},"content":{"rendered":"<p><img loading=\"lazy\" decoding=\"async\" class=\"aligncenter size-full wp-image-15215\" src=\"http:\/\/www.conselharan.org\/wp-content\/uploads\/2017\/01\/container-149449_960_720.png\" alt=\"container-149449_960_720\" width=\"960\" height=\"666\" srcset=\"https:\/\/www.conselharan.org\/wp-content\/uploads\/2017\/01\/container-149449_960_720.png 960w, https:\/\/www.conselharan.org\/wp-content\/uploads\/2017\/01\/container-149449_960_720-300x208.png 300w, https:\/\/www.conselharan.org\/wp-content\/uploads\/2017\/01\/container-149449_960_720-768x533.png 768w\" sizes=\"(max-width: 960px) 100vw, 960px\" \/><\/p>\n<p>&nbsp;<\/p>\n<p>&nbsp;<\/p>\n<p>El passat mes d\u2019octubre el<strong> Conselh Generau d\u2019Aran<\/strong> i l\u2019entitat<strong><em> Ecoembalajes Espa\u00f1a S.A.<\/em> (ECOEMBES)<\/strong>, van signar un conveni per posar en marxa un projecte destinat a la millora de la recollida selectiva d\u2019envasos lleugers en l\u2019\u00e0mbit de la Val d\u2019Aran, mitjan\u00e7ant el foment de la participaci\u00f3 d\u2019establiments del sector HORECA (Hostaleria, Restauraci\u00f3 i Catering).<\/p>\n<p>Les actuacions que es preveuen realitzar com es va acordar en el conveni es resumeixen en:<\/p>\n<p>\u2022 Incrementar de la dotaci\u00f3 de contenidors instal\u2022lats a la via p\u00fablica per a la recollida selectiva d\u2019envasos lleugers adaptats a un \u00fas compartit entre el ciutad\u00e0 i els generadors singulars. Intentant afavorir i facilitar la gesti\u00f3 de grans volums als usuaris del sector de l\u2019hoteleria.<\/p>\n<p>\u2022 Lliurament als establiments participants en el projecte de contenidors per poder-los instal\u2022lar en l\u2019interior dels seus establiments.<\/p>\n<p>\u2022 Oferir informaci\u00f3 i formaci\u00f3 al personal dels establiments per assegurar la seva participaci\u00f3 activa i correcta en la recollida.<\/p>\n<p>En aplicaci\u00f3 d\u2019aquest conveni,<strong> personal acreditat pel Conselh Generau d\u2019Aran i ECOEMBES visitar\u00e0 bars, hotels i restaurants de tota la Val d\u2019Aran, amb l\u2019objectiu de demanar la seva implicaci\u00f3 en la separaci\u00f3 i recollida selectiva dels residus que generen.<\/strong><\/p>\n<p><strong>Aquest any 2017 l\u2019accent es posar\u00e0 en els envasos lleugers de la mateixa manera que l\u2019any anterior es va fer en el vidre.<\/strong><\/p>\n<p>Aquestes visites s\u2019emmarquen dins de les accions que s\u2019estan portant a terme per la millora de la gesti\u00f3 del residus a la Val d\u2019Aran.<\/p>\n<p>En paraules del conselh\u00e8r de Territori d\u2019Aran,<strong> Jose Antonio Boya: \u201cEl que ens interessa \u00e9s obtenir una major conscienciaci\u00f3 de la import\u00e0ncia que t\u00e9, en tots els sentits, tant ambientals com econ\u00f2mics, treballar conjuntament per una separaci\u00f3 m\u00e0xima dels residus que es generen en el nostre territori\u201d.<\/strong><\/p>\n<p>&nbsp;<\/p>\n<p>&nbsp;<\/p>\n<p>&nbsp;<\/p>\n<p>Vielha, 9 de gener de 2017<\/p>\n<p>&nbsp;<\/p>\n<p><em>Conselh Generau d&#8217;Aran: N\u00faria Sanjuan<\/em><\/p>\n ","protected":false},"excerpt":{"rendered":"<p>&nbsp; &nbsp; El passat mes d\u2019octubre el Conselh Generau d\u2019Aran i l\u2019entitat Ecoembalajes Espa\u00f1a S.A. (ECOEMBES), van signar un conveni per posar en marxa un projecte destinat a la millora de la recollida selectiva d\u2019envasos lleugers en l\u2019\u00e0mbit de la Val d\u2019Aran, mitjan\u00e7ant el foment de la participaci\u00f3 d\u2019establiments del sector HORECA (Hostaleria, Restauraci\u00f3 i&#8230;<\/p>\n","protected":false},"author":2,"featured_media":15215,"comment_status":"closed","ping_status":"closed","sticky":false,"template":"","format":"standard","meta":{"footnotes":""},"categories":[53,127],"tags":[],"_links":{"self":[{"href":"https:\/\/www.conselharan.org\/ca\/wp-json\/wp\/v2\/posts\/15217"}],"collection":[{"href":"https:\/\/www.conselharan.org\/ca\/wp-json\/wp\/v2\/posts"}],"about":[{"href":"https:\/\/www.conselharan.org\/ca\/wp-json\/wp\/v2\/types\/post"}],"author":[{"embeddable":true,"href":"https:\/\/www.conselharan.org\/ca\/wp-json\/wp\/v2\/users\/2"}],"replies":[{"embeddable":true,"href":"https:\/\/www.conselharan.org\/ca\/wp-json\/wp\/v2\/comments?post=15217"}],"version-history":[{"count":1,"href":"https:\/\/www.conselharan.org\/ca\/wp-json\/wp\/v2\/posts\/15217\/revisions"}],"predecessor-version":[{"id":15218,"href":"https:\/\/www.conselharan.org\/ca\/wp-json\/wp\/v2\/posts\/15217\/revisions\/15218"}],"wp:featuredmedia":[{"embeddable":true,"href":"https:\/\/www.conselharan.org\/ca\/wp-json\/wp\/v2\/media\/15215"}],"wp:attachment":[{"href":"https:\/\/www.conselharan.org\/ca\/wp-json\/wp\/v2\/media?parent=15217"}],"wp:term":[{"taxonomy":"category","embeddable":true,"href":"https:\/\/www.conselharan.org\/ca\/wp-json\/wp\/v2\/categories?post=15217"},{"taxonomy":"post_tag","embeddable":true,"href":"https:\/\/www.conselharan.org\/ca\/wp-json\/wp\/v2\/tags?post=15217"}],"curies":[{"name":"wp","href":"https:\/\/api.w.org\/{rel}","templated":true}]}}