{"id":15236,"date":"2017-01-10T10:42:51","date_gmt":"2017-01-10T09:42:51","guid":{"rendered":"http:\/\/www.conselharan.org\/ca\/?p=15236"},"modified":"2017-01-10T11:44:06","modified_gmt":"2017-01-10T10:44:06","slug":"la-val-daran-saixeca-amb-la-primera-nevada-important-de-la-temporada","status":"publish","type":"post","link":"https:\/\/www.conselharan.org\/ca\/la-val-daran-saixeca-amb-la-primera-nevada-important-de-la-temporada\/","title":{"rendered":"La Val d&#8217;Aran s&#8217;aixeca amb la primera nevada important de la temporada"},"content":{"rendered":"<p><img loading=\"lazy\" decoding=\"async\" class=\"aligncenter size-large wp-image-15233\" src=\"http:\/\/www.conselharan.org\/wp-content\/uploads\/2017\/01\/DSC_0843-1024x685.jpg\" alt=\"DSC_0843\" width=\"1024\" height=\"685\" srcset=\"https:\/\/www.conselharan.org\/wp-content\/uploads\/2017\/01\/DSC_0843-1024x685.jpg 1024w, https:\/\/www.conselharan.org\/wp-content\/uploads\/2017\/01\/DSC_0843-300x201.jpg 300w, https:\/\/www.conselharan.org\/wp-content\/uploads\/2017\/01\/DSC_0843-768x514.jpg 768w\" sizes=\"(max-width: 1024px) 100vw, 1024px\" \/><br \/>\nAvui dimarts 10 de gener ser\u00e0 una jornada hivernal amb nuvolositat abundant i ruixats moderats i puntualment intensos. La cota de neu se situar\u00e0 entre els 800 &#8211; 900 m. Acumulacions de m\u00e9s de 50 cm a 2.500 de Baqueira i m\u00e9s de 30 cm a Bagergue 1.419 m.<\/p>\n<p>A partir de migdia, vents moderats de component nord-oest amb alguna ratxa forta sobretot a cotes altes.<\/p>\n<p>Temperatures al fons de la Val (0\u00b0\/4\u00b0). En cota 1.800 (-5\u00b0\/-2).<\/p>\n<p>&nbsp;<\/p>\n<p><img loading=\"lazy\" decoding=\"async\" class=\"aligncenter size-large wp-image-15234\" src=\"http:\/\/www.conselharan.org\/wp-content\/uploads\/2017\/01\/DSC_0845-1024x685.jpg\" alt=\"DSC_0845\" width=\"1024\" height=\"685\" srcset=\"https:\/\/www.conselharan.org\/wp-content\/uploads\/2017\/01\/DSC_0845-1024x685.jpg 1024w, https:\/\/www.conselharan.org\/wp-content\/uploads\/2017\/01\/DSC_0845-300x201.jpg 300w, https:\/\/www.conselharan.org\/wp-content\/uploads\/2017\/01\/DSC_0845-768x514.jpg 768w\" sizes=\"(max-width: 1024px) 100vw, 1024px\" \/><\/p>\n<p>&nbsp;<\/p>\n<p>El dimecres ser\u00e0 bastant ennuvolat amb precipitacions moderades durant la matinada; cota de neu al voltant dels 1.000 m. Les nevades aniran afeblint-se durant el mat\u00ed i pujant de cota cap als 1.500 m. Durant la matinada es podrien acumular altres 20 cm en cota 2.500.<\/p>\n<p>Temperatures en lleuger ascens (1\u00b0\/6\u00b0).<\/p>\n<p>&nbsp;<\/p>\n<p>El dijous ser\u00e0 bastant assolellat durant el mat\u00ed amb alguns intervals de boires. A \u00faltimes hores augmentar\u00e0 la nuvolositat i es podria produir algun feble ruixat amb cota de neu sobre els 1800 m que anir\u00e0 descendint durant la matinada.<\/p>\n<p>Temperatures en ascens (2\u00b0\/10\u00b0).<\/p>\n<p>&nbsp;<\/p>\n<p>&nbsp;<\/p>\n<p>&nbsp;<\/p>\n<p>Vielha, 10 de gener de 2017<\/p>\n<p>&nbsp;<\/p>\n<p><em>Conselh Generau d&#8217;Aran: N\u00faria Sanjuan<\/em><\/p>\n<p><em>Font: MeteoAran (<a href=\"http:\/\/www.meteoaran.com\/\" target=\"_blank\">http:\/\/www.meteoaran.com\/<\/a>)<\/em><\/p>\n ","protected":false},"excerpt":{"rendered":"<p>Avui dimarts 10 de gener ser\u00e0 una jornada hivernal amb nuvolositat abundant i ruixats moderats i puntualment intensos. La cota de neu se situar\u00e0 entre els 800 &#8211; 900 m. Acumulacions de m\u00e9s de 50 cm a 2.500 de Baqueira i m\u00e9s de 30 cm a Bagergue 1.419 m. A partir de migdia, vents moderats&#8230;<\/p>\n","protected":false},"author":2,"featured_media":15233,"comment_status":"closed","ping_status":"closed","sticky":false,"template":"","format":"standard","meta":{"footnotes":""},"categories":[33],"tags":[],"_links":{"self":[{"href":"https:\/\/www.conselharan.org\/ca\/wp-json\/wp\/v2\/posts\/15236"}],"collection":[{"href":"https:\/\/www.conselharan.org\/ca\/wp-json\/wp\/v2\/posts"}],"about":[{"href":"https:\/\/www.conselharan.org\/ca\/wp-json\/wp\/v2\/types\/post"}],"author":[{"embeddable":true,"href":"https:\/\/www.conselharan.org\/ca\/wp-json\/wp\/v2\/users\/2"}],"replies":[{"embeddable":true,"href":"https:\/\/www.conselharan.org\/ca\/wp-json\/wp\/v2\/comments?post=15236"}],"version-history":[{"count":2,"href":"https:\/\/www.conselharan.org\/ca\/wp-json\/wp\/v2\/posts\/15236\/revisions"}],"predecessor-version":[{"id":15247,"href":"https:\/\/www.conselharan.org\/ca\/wp-json\/wp\/v2\/posts\/15236\/revisions\/15247"}],"wp:featuredmedia":[{"embeddable":true,"href":"https:\/\/www.conselharan.org\/ca\/wp-json\/wp\/v2\/media\/15233"}],"wp:attachment":[{"href":"https:\/\/www.conselharan.org\/ca\/wp-json\/wp\/v2\/media?parent=15236"}],"wp:term":[{"taxonomy":"category","embeddable":true,"href":"https:\/\/www.conselharan.org\/ca\/wp-json\/wp\/v2\/categories?post=15236"},{"taxonomy":"post_tag","embeddable":true,"href":"https:\/\/www.conselharan.org\/ca\/wp-json\/wp\/v2\/tags?post=15236"}],"curies":[{"name":"wp","href":"https:\/\/api.w.org\/{rel}","templated":true}]}}