{"id":15295,"date":"2017-01-11T09:30:53","date_gmt":"2017-01-11T08:30:53","guid":{"rendered":"http:\/\/www.conselharan.org\/ca\/?p=15295"},"modified":"2017-01-11T09:59:03","modified_gmt":"2017-01-11T08:59:03","slug":"conveni-de-col-laboracio-entre-leteva-i-linefc","status":"publish","type":"post","link":"https:\/\/www.conselharan.org\/ca\/conveni-de-col-laboracio-entre-leteva-i-linefc\/","title":{"rendered":"Conveni de col.laboraci\u00f3 entre l&#8217;ETEVA i l\u2019INEFC"},"content":{"rendered":"<ul>\n<li><strong>La col\u2022laboraci\u00f3 s\u2019estableix en el marc de la formaci\u00f3 de t\u00e8cnics esportius, reciclatges professionals i formaci\u00f3 continuada amb la mobilitat dels professorat entre les dues institucions, la coordinaci\u00f3 i especialitzaci\u00f3 dels diferents plans d\u2019estudis, cosa que suposar\u00e0 facilitats i una major qualitat per als alumnes que cursin els seus estudis tant a ETEVA com a l\u2019INEFC.<\/strong><\/li>\n<\/ul>\n<p>&nbsp;<\/p>\n<p><img loading=\"lazy\" decoding=\"async\" class=\"aligncenter size-large wp-image-15292\" src=\"http:\/\/www.conselharan.org\/wp-content\/uploads\/2017\/01\/CONV\u00c8NI-eteva-inefc2-1024x576.jpg\" alt=\"CONV\u00c8NI eteva-inefc2\" width=\"1024\" height=\"576\" srcset=\"https:\/\/www.conselharan.org\/wp-content\/uploads\/2017\/01\/CONV\u00c8NI-eteva-inefc2-1024x576.jpg 1024w, https:\/\/www.conselharan.org\/wp-content\/uploads\/2017\/01\/CONV\u00c8NI-eteva-inefc2-300x169.jpg 300w, https:\/\/www.conselharan.org\/wp-content\/uploads\/2017\/01\/CONV\u00c8NI-eteva-inefc2-768x432.jpg 768w, https:\/\/www.conselharan.org\/wp-content\/uploads\/2017\/01\/CONV\u00c8NI-eteva-inefc2.jpg 1600w\" sizes=\"(max-width: 1024px) 100vw, 1024px\" \/><\/p>\n<p>&nbsp;<\/p>\n<p>L\u2019Escola de T\u00e8cnics Esportius de la Val d\u2019Aran (ETEVA) i l\u2019INEFC han signat un conveni de cooperaci\u00f3 educativa que suposa la formalitzaci\u00f3 de la col\u2022laboraci\u00f3 que des de fa anys es du a terme entre ambdues institucions.<\/p>\n<p>&nbsp;<\/p>\n<p><img loading=\"lazy\" decoding=\"async\" class=\"aligncenter size-large wp-image-15291\" src=\"http:\/\/www.conselharan.org\/wp-content\/uploads\/2017\/01\/CONV\u00c8NI-eteva-inefc-1024x576.jpg\" alt=\"CONV\u00c8NI eteva-inefc\" width=\"1024\" height=\"576\" srcset=\"https:\/\/www.conselharan.org\/wp-content\/uploads\/2017\/01\/CONV\u00c8NI-eteva-inefc-1024x576.jpg 1024w, https:\/\/www.conselharan.org\/wp-content\/uploads\/2017\/01\/CONV\u00c8NI-eteva-inefc-300x169.jpg 300w, https:\/\/www.conselharan.org\/wp-content\/uploads\/2017\/01\/CONV\u00c8NI-eteva-inefc-768x432.jpg 768w, https:\/\/www.conselharan.org\/wp-content\/uploads\/2017\/01\/CONV\u00c8NI-eteva-inefc.jpg 1600w\" sizes=\"(max-width: 1024px) 100vw, 1024px\" \/><\/p>\n<p>&nbsp;<\/p>\n<p>Tant el vicesindic d\u2019Aran i conselh\u00e8r d\u2019Esports, <strong>Luis Carlos Medina<\/strong>, com el director de l\u2019INEFC, <strong>Jordi Sol\u00e0<\/strong>, van manifestar la seva satisfacci\u00f3 durant l\u2019acte de signatura que es va realitzar a les instal\u2022lacions de la Escola a Salard\u00fa (Val d\u2019Aran). Posteriorment es va realitzar un visita als diferents grups d\u2019alumnes de ETEVA i de l\u2019INEFC que durant aquests dies realitzen la formaci\u00f3 pr\u00e0ctica a l\u2019estaci\u00f3 d\u2019esqu\u00ed aranesa, Baqueira Beret.<\/p>\n<p>&nbsp;<\/p>\n<p><img loading=\"lazy\" decoding=\"async\" class=\"aligncenter size-large wp-image-15293\" src=\"http:\/\/www.conselharan.org\/wp-content\/uploads\/2017\/01\/foto-grup-ETEVA-INEF-1024x576.jpg\" alt=\"foto grup ETEVA INEF\" width=\"1024\" height=\"576\" srcset=\"https:\/\/www.conselharan.org\/wp-content\/uploads\/2017\/01\/foto-grup-ETEVA-INEF-1024x576.jpg 1024w, https:\/\/www.conselharan.org\/wp-content\/uploads\/2017\/01\/foto-grup-ETEVA-INEF-300x169.jpg 300w, https:\/\/www.conselharan.org\/wp-content\/uploads\/2017\/01\/foto-grup-ETEVA-INEF-768x432.jpg 768w\" sizes=\"(max-width: 1024px) 100vw, 1024px\" \/><\/p>\n<p>&nbsp;<\/p>\n<p>En paraules del vicesindic d\u2019Aran i conselh\u00e8r d\u2019Esports, <strong>Luis Carlos Medina: \u201cEl conveni t\u00e9 com a objecte establir l\u00ednies de col\u2022laboraci\u00f3 en el marc de la formaci\u00f3, l\u2019intercanvi de coneixements cient\u00edfics i t\u00e8cnics i l\u2019aprofitament de recursos personals i materials en l\u2019\u00e0mbit dels esports d\u2019hivern, de muntanya i escalada\u201d.<\/strong><\/p>\n<p>La col\u2022laboraci\u00f3 s\u2019estableix en el marc de la formaci\u00f3 de t\u00e8cnics esportius, reciclatges professionals i formaci\u00f3 continuada amb la mobilitat dels professorat entre les dues institucions, la coordinaci\u00f3 i especialitzaci\u00f3 dels diferents plans d\u2019estudis, cosa que suposar\u00e0 facilitats i una major qualitat per als alumnes que cursin els seus estudis tant a ETEVA com a l\u2019INEFC.<\/p>\n<p>Tamb\u00e9 es pret\u00e9n avan\u00e7ar en l\u2019\u00e0mbit de la recerca, facilitant recursos i log\u00edstica a les possibles propostes que des de l\u2019INEFC vagin vinculades amb els esports d\u2019hivern i la muntanya.<\/p>\n<p>&nbsp;<\/p>\n<p>&nbsp;<\/p>\n<p>&nbsp;<\/p>\n<p>&nbsp;<\/p>\n<p>Vielha, 11 de gener de 2017<\/p>\n<p>&nbsp;<\/p>\n<p><em>Conselh Generau d&#8217;Aran: N\u00faria Sanjuan<\/em><\/p>\n<p><em>Font: ETEVA<\/em><\/p>\n ","protected":false},"excerpt":{"rendered":"<p>La col\u2022laboraci\u00f3 s\u2019estableix en el marc de la formaci\u00f3 de t\u00e8cnics esportius, reciclatges professionals i formaci\u00f3 continuada amb la mobilitat dels professorat entre les dues institucions, la coordinaci\u00f3 i especialitzaci\u00f3 dels diferents plans d\u2019estudis, cosa que suposar\u00e0 facilitats i una major qualitat per als alumnes que cursin els seus estudis tant a ETEVA com a&#8230;<\/p>\n","protected":false},"author":2,"featured_media":15291,"comment_status":"closed","ping_status":"closed","sticky":false,"template":"","format":"standard","meta":{"footnotes":""},"categories":[53],"tags":[],"_links":{"self":[{"href":"https:\/\/www.conselharan.org\/ca\/wp-json\/wp\/v2\/posts\/15295"}],"collection":[{"href":"https:\/\/www.conselharan.org\/ca\/wp-json\/wp\/v2\/posts"}],"about":[{"href":"https:\/\/www.conselharan.org\/ca\/wp-json\/wp\/v2\/types\/post"}],"author":[{"embeddable":true,"href":"https:\/\/www.conselharan.org\/ca\/wp-json\/wp\/v2\/users\/2"}],"replies":[{"embeddable":true,"href":"https:\/\/www.conselharan.org\/ca\/wp-json\/wp\/v2\/comments?post=15295"}],"version-history":[{"count":1,"href":"https:\/\/www.conselharan.org\/ca\/wp-json\/wp\/v2\/posts\/15295\/revisions"}],"predecessor-version":[{"id":15296,"href":"https:\/\/www.conselharan.org\/ca\/wp-json\/wp\/v2\/posts\/15295\/revisions\/15296"}],"wp:featuredmedia":[{"embeddable":true,"href":"https:\/\/www.conselharan.org\/ca\/wp-json\/wp\/v2\/media\/15291"}],"wp:attachment":[{"href":"https:\/\/www.conselharan.org\/ca\/wp-json\/wp\/v2\/media?parent=15295"}],"wp:term":[{"taxonomy":"category","embeddable":true,"href":"https:\/\/www.conselharan.org\/ca\/wp-json\/wp\/v2\/categories?post=15295"},{"taxonomy":"post_tag","embeddable":true,"href":"https:\/\/www.conselharan.org\/ca\/wp-json\/wp\/v2\/tags?post=15295"}],"curies":[{"name":"wp","href":"https:\/\/api.w.org\/{rel}","templated":true}]}}