{"id":15310,"date":"2017-01-11T13:08:49","date_gmt":"2017-01-11T12:08:49","guid":{"rendered":"http:\/\/www.conselharan.org\/ca\/?p=15310"},"modified":"2017-01-11T13:15:53","modified_gmt":"2017-01-11T12:15:53","slug":"baqueira-beret-acollira-aquest-cap-de-setmana-el-ii-trofeu-ac-hotels-caei-masters","status":"publish","type":"post","link":"https:\/\/www.conselharan.org\/ca\/baqueira-beret-acollira-aquest-cap-de-setmana-el-ii-trofeu-ac-hotels-caei-masters\/","title":{"rendered":"Baqueira Beret acollir\u00e0 aquest cap de setmana el II Trofeu AC- Hotels CAEI M\u00e0sters"},"content":{"rendered":"<p><img loading=\"lazy\" decoding=\"async\" class=\"aligncenter size-full wp-image-15307\" src=\"http:\/\/www.conselharan.org\/wp-content\/uploads\/2017\/01\/caei-masters.jpg\" alt=\"caei-masters\" width=\"681\" height=\"960\" srcset=\"https:\/\/www.conselharan.org\/wp-content\/uploads\/2017\/01\/caei-masters.jpg 681w, https:\/\/www.conselharan.org\/wp-content\/uploads\/2017\/01\/caei-masters-213x300.jpg 213w\" sizes=\"(max-width: 681px) 100vw, 681px\" \/><\/p>\n<p>&nbsp;<\/p>\n<p>La primera cursa de la Copa d&#8217;Espanya M\u00e0sters (esquiadors amb m\u00e9s de 30 anys) destinada tant a corredors amb llic\u00e8ncia federativa com als de categoria Open es disputar\u00e0 el cap de setmana del 14 i 15 de gener en el Stadium de Beret.<\/p>\n<p>Molts dels esquiadors que s&#8217;inscriuen en curses de m\u00e0sters s\u00f3n ex-corredors per\u00f2 tamb\u00e9 esquiadors de turisme que s&#8217;han vist sedu\u00efts o volen provar la competici\u00f3. No obstant aix\u00f2, el que m\u00e9s anima a aquests esportistes \u00e9s el gran ambient que es viu en aquests esdeveniments, tant el companyerisme com la festa que s&#8217;organitza.<\/p>\n<p>Per permetre a tothom experimentar el repte de la competici\u00f3, aquesta cursa organitzada per la <strong>RFEDI, CAEI <\/strong>i<strong> AC-Hotels a Baqueira Beret<\/strong> t\u00e9 tamb\u00e9 una categoria Open, tant en el gegant del dissabte com en l&#8217;esl\u00e0lom del diumenge, per als esquiadors sense llic\u00e8ncia de corredor que volen experimentar qu\u00e8 se sent en competici\u00f3.<\/p>\n<p>El gegant es disputar\u00e0 el dissabte 14 i s&#8217;instal\u2022lar\u00e0 a la zona de meta un &#8220;hospitality&#8221; per animar l&#8217;ambient amb m\u00fasica, aperitiu i un sorteig de caps de setmana en allotjaments AC-Hotels de la pen\u00ednsula. El lliurament de premis del GS es far\u00e0 a les 19h00 del dissabte a l&#8217;Hotel AC Baqueira de les Galeries de Ruda i s&#8217;acompanyar\u00e0 l&#8217;esdeveniment amb una copa de cava oferta per la cadena hotelera. El diumenge 15 es disputar\u00e0 l&#8217;esl\u00e0lom i el lliurament de premis es far\u00e0 al finalitzar la carrera a la zona de meta.<\/p>\n<p>Aquesta cursa de Baqueira forma part de la Copa d&#8217;Espanya M\u00e0sters juntament amb tres caps de setmana m\u00e9s a Navacerrada, Formigal i Sierra Nevada. Els guanyadors del circuit amb llic\u00e8ncia tindran una ajuda per acudir a l&#8217;estiu a la Casa d&#8217;Espanya de la RFEDI en l&#8217;estaci\u00f3 su\u00efssa de Saas Fee per a entrenaments de pretemporada.<\/p>\n<p>&nbsp;<\/p>\n<p><strong>Com s&#8217;organitzen les categories?<\/strong><\/p>\n<p>La categoria de M\u00e0sters s&#8217;inicia als 30 anys i s&#8217;organitza per franges d&#8217;edats de 5 anys, i de 10 anys per a la Copa Espanya: els nascuts entre el 1985 i 1976 i successivament fins als nascuts en 1945 o anterior, majors de 70 anys.<\/p>\n<p>Es pot consultar el programa de la cursa del II Trofeu M\u00e0sters AC-Hotels CAEI a <a href=\"http:\/\/bit.ly\/2jrS1hy\" target=\"_blank\">http:\/\/bit.ly\/2jrS1hy<\/a><\/p>\n<p>Les inscripcions es poden fer fins al 12 de gener els Open a trav\u00e9s del CAEI telefonant al 973.64.20.57 o enviant un correu electr\u00f2nic a<a href=\"mailto:inscripciones@caei.es\" target=\"_blank\"> inscripciones@caei.es<\/a><\/p>\n<p>&nbsp;<\/p>\n<p>&nbsp;<\/p>\n<p>&nbsp;<\/p>\n<p>&nbsp;<\/p>\n<p>Vielha, 11 de gener de 2017<\/p>\n<p>&nbsp;<\/p>\n<p><em>Conselh Generau d&#8217;Aran: N\u00faria Sanjuan<\/em><\/p>\n<p><em>Font: Baqueira Beret\u00a0<\/em><\/p>\n ","protected":false},"excerpt":{"rendered":"<p>&nbsp; La primera cursa de la Copa d&#8217;Espanya M\u00e0sters (esquiadors amb m\u00e9s de 30 anys) destinada tant a corredors amb llic\u00e8ncia federativa com als de categoria Open es disputar\u00e0 el cap de setmana del 14 i 15 de gener en el Stadium de Beret. Molts dels esquiadors que s&#8217;inscriuen en curses de m\u00e0sters s\u00f3n ex-corredors&#8230;<\/p>\n","protected":false},"author":2,"featured_media":15307,"comment_status":"closed","ping_status":"closed","sticky":false,"template":"","format":"standard","meta":{"footnotes":""},"categories":[33],"tags":[],"_links":{"self":[{"href":"https:\/\/www.conselharan.org\/ca\/wp-json\/wp\/v2\/posts\/15310"}],"collection":[{"href":"https:\/\/www.conselharan.org\/ca\/wp-json\/wp\/v2\/posts"}],"about":[{"href":"https:\/\/www.conselharan.org\/ca\/wp-json\/wp\/v2\/types\/post"}],"author":[{"embeddable":true,"href":"https:\/\/www.conselharan.org\/ca\/wp-json\/wp\/v2\/users\/2"}],"replies":[{"embeddable":true,"href":"https:\/\/www.conselharan.org\/ca\/wp-json\/wp\/v2\/comments?post=15310"}],"version-history":[{"count":1,"href":"https:\/\/www.conselharan.org\/ca\/wp-json\/wp\/v2\/posts\/15310\/revisions"}],"predecessor-version":[{"id":15311,"href":"https:\/\/www.conselharan.org\/ca\/wp-json\/wp\/v2\/posts\/15310\/revisions\/15311"}],"wp:featuredmedia":[{"embeddable":true,"href":"https:\/\/www.conselharan.org\/ca\/wp-json\/wp\/v2\/media\/15307"}],"wp:attachment":[{"href":"https:\/\/www.conselharan.org\/ca\/wp-json\/wp\/v2\/media?parent=15310"}],"wp:term":[{"taxonomy":"category","embeddable":true,"href":"https:\/\/www.conselharan.org\/ca\/wp-json\/wp\/v2\/categories?post=15310"},{"taxonomy":"post_tag","embeddable":true,"href":"https:\/\/www.conselharan.org\/ca\/wp-json\/wp\/v2\/tags?post=15310"}],"curies":[{"name":"wp","href":"https:\/\/api.w.org\/{rel}","templated":true}]}}