{"id":15325,"date":"2017-01-12T10:28:38","date_gmt":"2017-01-12T09:28:38","guid":{"rendered":"http:\/\/www.conselharan.org\/ca\/?p=15325"},"modified":"2017-01-12T10:28:38","modified_gmt":"2017-01-12T09:28:38","slug":"els-u16-del-caei-comencen-les-competicions-amb-dos-ors-de-jana-suau","status":"publish","type":"post","link":"https:\/\/www.conselharan.org\/ca\/els-u16-del-caei-comencen-les-competicions-amb-dos-ors-de-jana-suau\/","title":{"rendered":"Els U16 del CAEI comencen les competicions amb dos ors de Jana Suau"},"content":{"rendered":"<p><strong>\u2022 Aquesta prova era la primera puntuable per a la Lliga Catalana i tamb\u00e9 servia per classificar-se per la 1a de la Copa Espanya, que se celebrar\u00e0 aquest cap de setmana en Sierra Nevada.<\/strong><\/p>\n<p><strong>\u2022 El CAEI ha aconseguit classificar a 11 corredors dels 44 catalans.<\/strong><\/p>\n<p>&nbsp;<\/p>\n<p><img loading=\"lazy\" decoding=\"async\" class=\"aligncenter size-large wp-image-15323\" src=\"http:\/\/www.conselharan.org\/wp-content\/uploads\/2017\/01\/p\u00f2di-CAEI-Jana-Suau-937x1024.jpg\" alt=\"p\u00f2di CAEI- Jana Suau\" width=\"937\" height=\"1024\" srcset=\"https:\/\/www.conselharan.org\/wp-content\/uploads\/2017\/01\/p\u00f2di-CAEI-Jana-Suau-937x1024.jpg 937w, https:\/\/www.conselharan.org\/wp-content\/uploads\/2017\/01\/p\u00f2di-CAEI-Jana-Suau-274x300.jpg 274w, https:\/\/www.conselharan.org\/wp-content\/uploads\/2017\/01\/p\u00f2di-CAEI-Jana-Suau-768x840.jpg 768w\" sizes=\"(max-width: 937px) 100vw, 937px\" \/><\/p>\n<p>&nbsp;<\/p>\n<p>L&#8217;equip U16 del <strong>Club Aran\u00e8s d&#8217;Esports d&#8217;Hivern (CAEI)<\/strong> va obtenir bons resultats el cap de setmana passat en el GP CANM celebrat a Pas de la Casa (Andorra).<\/p>\n<p>La gran triomfadora va ser <strong>Jana Suau<\/strong>, que encara sent el primer any es va imposar en el Gegant del dissabte 7 de gener i en l&#8217;Esl\u00e0lom del diumenge 8 de gener. Tamb\u00e9 per part de l&#8217;equip femen\u00ed, Ana Vidaor, anava 4a en la primera m\u00e0niga del Gegant per\u00f2 en la segona m\u00e0niga va cometre un error i no va poder finalitzar. El diumenge, va finalitzar 7a en l&#8217;Esl\u00e0lom.<\/p>\n<p>Per la seva banda, l&#8217;equip mascul\u00ed es va mostrar s\u00f2lid com un bloc,<strong> 5 dels 11 primers van ser del CAEI en el GS del dissabte<\/strong> amb <strong>Llu\u00eds Relat<\/strong>, 4rt. El diumenge, <strong>David Eseverri<\/strong>, tamb\u00e9 va aconseguir la 4a pla\u00e7a seguit de Llu\u00eds Relat, 5\u00e8. El gran dominador del cap de setmana va ser l&#8217;itali\u00e0 de la Molina Club d&#8217;Esports (LMCE), Jordi Triulzi.<\/p>\n<p>Aquesta prova era la primera puntuable per a la Lliga Catalana i tamb\u00e9 servia per classificar-se per la 1a de la Copa Espanya, que se celebrar\u00e0 aquest cap de setmana a Sierra Nevada. El CAEI ha aconseguit classificar a 11 corredors dels 44 catalans.<\/p>\n<p>&nbsp;<\/p>\n<p>&nbsp;<\/p>\n<p>&nbsp;<\/p>\n<p>&nbsp;<\/p>\n<p>Vielha, 12 de gener de 2017<\/p>\n<p>&nbsp;<\/p>\n<p><em>Conselh Generau d&#8217;Aran: N\u00faria Sanjuan<\/em><\/p>\n<p><em>Font i fotos: CAEI<\/em><\/p>\n ","protected":false},"excerpt":{"rendered":"<p>\u2022 Aquesta prova era la primera puntuable per a la Lliga Catalana i tamb\u00e9 servia per classificar-se per la 1a de la Copa Espanya, que se celebrar\u00e0 aquest cap de setmana en Sierra Nevada. \u2022 El CAEI ha aconseguit classificar a 11 corredors dels 44 catalans. &nbsp; &nbsp; L&#8217;equip U16 del Club Aran\u00e8s d&#8217;Esports d&#8217;Hivern&#8230;<\/p>\n","protected":false},"author":2,"featured_media":15323,"comment_status":"closed","ping_status":"closed","sticky":false,"template":"","format":"standard","meta":{"footnotes":""},"categories":[33],"tags":[],"_links":{"self":[{"href":"https:\/\/www.conselharan.org\/ca\/wp-json\/wp\/v2\/posts\/15325"}],"collection":[{"href":"https:\/\/www.conselharan.org\/ca\/wp-json\/wp\/v2\/posts"}],"about":[{"href":"https:\/\/www.conselharan.org\/ca\/wp-json\/wp\/v2\/types\/post"}],"author":[{"embeddable":true,"href":"https:\/\/www.conselharan.org\/ca\/wp-json\/wp\/v2\/users\/2"}],"replies":[{"embeddable":true,"href":"https:\/\/www.conselharan.org\/ca\/wp-json\/wp\/v2\/comments?post=15325"}],"version-history":[{"count":1,"href":"https:\/\/www.conselharan.org\/ca\/wp-json\/wp\/v2\/posts\/15325\/revisions"}],"predecessor-version":[{"id":15326,"href":"https:\/\/www.conselharan.org\/ca\/wp-json\/wp\/v2\/posts\/15325\/revisions\/15326"}],"wp:featuredmedia":[{"embeddable":true,"href":"https:\/\/www.conselharan.org\/ca\/wp-json\/wp\/v2\/media\/15323"}],"wp:attachment":[{"href":"https:\/\/www.conselharan.org\/ca\/wp-json\/wp\/v2\/media?parent=15325"}],"wp:term":[{"taxonomy":"category","embeddable":true,"href":"https:\/\/www.conselharan.org\/ca\/wp-json\/wp\/v2\/categories?post=15325"},{"taxonomy":"post_tag","embeddable":true,"href":"https:\/\/www.conselharan.org\/ca\/wp-json\/wp\/v2\/tags?post=15325"}],"curies":[{"name":"wp","href":"https:\/\/api.w.org\/{rel}","templated":true}]}}