{"id":15335,"date":"2017-01-09T08:00:13","date_gmt":"2017-01-09T07:00:13","guid":{"rendered":"http:\/\/www.conselharan.org\/ca\/?p=15335"},"modified":"2017-01-12T11:06:41","modified_gmt":"2017-01-12T10:06:41","slug":"eugene-brontons-del-ceva-1a-classificada-en-eslalom-gegant-al-12e-gp-cerdanya-u14","status":"publish","type":"post","link":"https:\/\/www.conselharan.org\/ca\/eugene-brontons-del-ceva-1a-classificada-en-eslalom-gegant-al-12e-gp-cerdanya-u14\/","title":{"rendered":"Eugene Brontons del CEVA 1a classificada en Esl\u00e0lom Gegant al 12\u00e8 GP Cerdanya U14"},"content":{"rendered":"<p>\u2022 <strong>Lisa Vallcorba (CEVA) 3a classificada en el Esl\u00e0lom de l\u201911\u00e8 GP CANM-C U16<\/strong><\/p>\n<p>&nbsp;<\/p>\n<p><img loading=\"lazy\" decoding=\"async\" class=\"aligncenter size-large wp-image-15331\" src=\"http:\/\/www.conselharan.org\/wp-content\/uploads\/2017\/01\/CEVA-09.01.17-1024x768.jpeg\" alt=\"CEVA- 09.01.17\" width=\"1024\" height=\"768\" srcset=\"https:\/\/www.conselharan.org\/wp-content\/uploads\/2017\/01\/CEVA-09.01.17-1024x768.jpeg 1024w, https:\/\/www.conselharan.org\/wp-content\/uploads\/2017\/01\/CEVA-09.01.17-300x225.jpeg 300w, https:\/\/www.conselharan.org\/wp-content\/uploads\/2017\/01\/CEVA-09.01.17-768x576.jpeg 768w, https:\/\/www.conselharan.org\/wp-content\/uploads\/2017\/01\/CEVA-09.01.17.jpeg 1600w\" sizes=\"(max-width: 1024px) 100vw, 1024px\" \/><\/p>\n<p>&nbsp;<\/p>\n<p>Els dies 7 i 8 de gener es van celebrar a les estacions de la Masella i a Pas de la Casa l\u201911\u00e8 GP CANM-C U16 i el 12\u00e8 GP Cerdanya U14, amb la participaci\u00f3 de 26 esquiadors dels equips de competici\u00f3 U14 i U16 del Club CEVA. Proves puntuables per a la Copa d&#8217;Espanya.<\/p>\n<p>&nbsp;<\/p>\n<p><img loading=\"lazy\" decoding=\"async\" class=\"aligncenter size-large wp-image-15332\" src=\"http:\/\/www.conselharan.org\/wp-content\/uploads\/2017\/01\/CEVA-P\u00d2DI-09.01.17-1024x1024.jpeg\" alt=\"CEVA-P\u00d2DI 09.01.17\" width=\"1024\" height=\"1024\" srcset=\"https:\/\/www.conselharan.org\/wp-content\/uploads\/2017\/01\/CEVA-P\u00d2DI-09.01.17-1024x1024.jpeg 1024w, https:\/\/www.conselharan.org\/wp-content\/uploads\/2017\/01\/CEVA-P\u00d2DI-09.01.17-150x150.jpeg 150w, https:\/\/www.conselharan.org\/wp-content\/uploads\/2017\/01\/CEVA-P\u00d2DI-09.01.17-300x300.jpeg 300w, https:\/\/www.conselharan.org\/wp-content\/uploads\/2017\/01\/CEVA-P\u00d2DI-09.01.17-768x769.jpeg 768w, https:\/\/www.conselharan.org\/wp-content\/uploads\/2017\/01\/CEVA-P\u00d2DI-09.01.17-270x270.jpeg 270w, https:\/\/www.conselharan.org\/wp-content\/uploads\/2017\/01\/CEVA-P\u00d2DI-09.01.17-207x207.jpeg 207w, https:\/\/www.conselharan.org\/wp-content\/uploads\/2017\/01\/CEVA-P\u00d2DI-09.01.17-75x75.jpeg 75w, https:\/\/www.conselharan.org\/wp-content\/uploads\/2017\/01\/CEVA-P\u00d2DI-09.01.17.jpeg 1598w\" sizes=\"(max-width: 1024px) 100vw, 1024px\" \/><\/p>\n<p>&nbsp;<\/p>\n<p><strong>Eugene Brontons<\/strong> del CEVA va aconseguir la primera posici\u00f3 en l\u2019Esl\u00e0lom Gegant en el 12\u00e8 GP Cerdanya U14, mentre que <strong>Lisa Vallcorba<\/strong> (CEVA) va obtenir una merit\u00f2ria tercera pla\u00e7a en l\u2019 Esl\u00e0lom de l\u201911\u00e8 GP CANM C U16.<\/p>\n<p>&nbsp;<\/p>\n<p><img loading=\"lazy\" decoding=\"async\" class=\"aligncenter size-large wp-image-15333\" src=\"http:\/\/www.conselharan.org\/wp-content\/uploads\/2017\/01\/CEVA-GROP-09.01.17-1024x614.jpeg\" alt=\"CEVA GROP- 09.01.17\" width=\"1024\" height=\"614\" srcset=\"https:\/\/www.conselharan.org\/wp-content\/uploads\/2017\/01\/CEVA-GROP-09.01.17-1024x614.jpeg 1024w, https:\/\/www.conselharan.org\/wp-content\/uploads\/2017\/01\/CEVA-GROP-09.01.17-300x180.jpeg 300w, https:\/\/www.conselharan.org\/wp-content\/uploads\/2017\/01\/CEVA-GROP-09.01.17-768x461.jpeg 768w, https:\/\/www.conselharan.org\/wp-content\/uploads\/2017\/01\/CEVA-GROP-09.01.17.jpeg 1600w\" sizes=\"(max-width: 1024px) 100vw, 1024px\" \/><\/p>\n<p>&nbsp;<\/p>\n<p>Bons resultats per als esquiadors del Club CEVA en aquesta arrencada de la temporada de competici\u00f3 16\/17, que seguir\u00e0 el proper cap de setmana amb les proves de la 1a Fase de la Copa d&#8217;Espanya U14 i U16 que se celebrar\u00e0 entre el 13 i el 15 de gener a l&#8217;estaci\u00f3 de Sierra Nevada.<\/p>\n<p>&nbsp;<\/p>\n<p>&nbsp;<\/p>\n<p>&nbsp;<\/p>\n<p>&nbsp;<\/p>\n<p>Vielha, 9 de gener de 2017<\/p>\n<p>&nbsp;<\/p>\n<p><em>Conselh Generau d&#8217;Aran: N\u00faria Sanjuan<\/em><\/p>\n<p><em>Font i fotos: CEVA<\/em><\/p>\n ","protected":false},"excerpt":{"rendered":"<p>\u2022 Lisa Vallcorba (CEVA) 3a classificada en el Esl\u00e0lom de l\u201911\u00e8 GP CANM-C U16 &nbsp; &nbsp; Els dies 7 i 8 de gener es van celebrar a les estacions de la Masella i a Pas de la Casa l\u201911\u00e8 GP CANM-C U16 i el 12\u00e8 GP Cerdanya U14, amb la participaci\u00f3 de 26 esquiadors dels&#8230;<\/p>\n","protected":false},"author":2,"featured_media":15333,"comment_status":"closed","ping_status":"closed","sticky":false,"template":"","format":"standard","meta":{"footnotes":""},"categories":[33],"tags":[],"_links":{"self":[{"href":"https:\/\/www.conselharan.org\/ca\/wp-json\/wp\/v2\/posts\/15335"}],"collection":[{"href":"https:\/\/www.conselharan.org\/ca\/wp-json\/wp\/v2\/posts"}],"about":[{"href":"https:\/\/www.conselharan.org\/ca\/wp-json\/wp\/v2\/types\/post"}],"author":[{"embeddable":true,"href":"https:\/\/www.conselharan.org\/ca\/wp-json\/wp\/v2\/users\/2"}],"replies":[{"embeddable":true,"href":"https:\/\/www.conselharan.org\/ca\/wp-json\/wp\/v2\/comments?post=15335"}],"version-history":[{"count":1,"href":"https:\/\/www.conselharan.org\/ca\/wp-json\/wp\/v2\/posts\/15335\/revisions"}],"predecessor-version":[{"id":15336,"href":"https:\/\/www.conselharan.org\/ca\/wp-json\/wp\/v2\/posts\/15335\/revisions\/15336"}],"wp:featuredmedia":[{"embeddable":true,"href":"https:\/\/www.conselharan.org\/ca\/wp-json\/wp\/v2\/media\/15333"}],"wp:attachment":[{"href":"https:\/\/www.conselharan.org\/ca\/wp-json\/wp\/v2\/media?parent=15335"}],"wp:term":[{"taxonomy":"category","embeddable":true,"href":"https:\/\/www.conselharan.org\/ca\/wp-json\/wp\/v2\/categories?post=15335"},{"taxonomy":"post_tag","embeddable":true,"href":"https:\/\/www.conselharan.org\/ca\/wp-json\/wp\/v2\/tags?post=15335"}],"curies":[{"name":"wp","href":"https:\/\/api.w.org\/{rel}","templated":true}]}}