{"id":15353,"date":"2017-01-13T10:11:16","date_gmt":"2017-01-13T09:11:16","guid":{"rendered":"http:\/\/www.conselharan.org\/ca\/?p=15353"},"modified":"2017-01-13T10:11:39","modified_gmt":"2017-01-13T09:11:39","slug":"compte-enrere-per-a-una-nova-edicio-de-la-marxa-beret-la-gran-festa-de-lesqui-de-fons","status":"publish","type":"post","link":"https:\/\/www.conselharan.org\/ca\/compte-enrere-per-a-una-nova-edicio-de-la-marxa-beret-la-gran-festa-de-lesqui-de-fons\/","title":{"rendered":"Compte enrere per a una nova edici\u00f3 de la Marxa Beret, la gran festa de l&#8217;esqu\u00ed de fons"},"content":{"rendered":"<p><strong>La 38\u00aa edici\u00f3 se celebrar\u00e0 els propers 4 i 5 de febrer.<\/strong><\/p>\n<p><strong>Les nevades dels \u00faltims dies disparen les inscripcions, obertes fins al 2 de febrer a: <a href=\"http:\/\/www.marxaberet.com\" target=\"_blank\">www.marxaberet.com<\/a>.<\/strong><\/p>\n<p><strong>Com a novetat, aquest any se celebrar\u00e0 la prova de skating, Sprint Salomon, a Arties.<\/strong><\/p>\n<p>&nbsp;<\/p>\n<p><img loading=\"lazy\" decoding=\"async\" class=\"aligncenter size-large wp-image-15351\" src=\"http:\/\/www.conselharan.org\/wp-content\/uploads\/2017\/01\/37au-MARXA-BERET-GESSUDA1-1024x683.jpg\" alt=\"37au MARXA BERET-GESSUDA1\" width=\"1024\" height=\"683\" srcset=\"https:\/\/www.conselharan.org\/wp-content\/uploads\/2017\/01\/37au-MARXA-BERET-GESSUDA1-1024x683.jpg 1024w, https:\/\/www.conselharan.org\/wp-content\/uploads\/2017\/01\/37au-MARXA-BERET-GESSUDA1-300x200.jpg 300w, https:\/\/www.conselharan.org\/wp-content\/uploads\/2017\/01\/37au-MARXA-BERET-GESSUDA1-768x512.jpg 768w\" sizes=\"(max-width: 1024px) 100vw, 1024px\" \/><\/p>\n<p>&nbsp;<\/p>\n<p>La Marxa Beret \u00e9s una de les proves d&#8217;esqu\u00ed n\u00f2rdic m\u00e9s consolidades que es realitzen al territori nacional i que cada any compta amb m\u00e9s de 1.000 participants provinents de tota Europa. La propera edici\u00f3 es disputar\u00e0 els dies 4 i 5 de febrer de 2017. Aquesta marxa recupera el seu car\u00e0cter popular i t\u00e9 la intenci\u00f3 de convertir-se en la festa de l&#8217;esqu\u00ed n\u00f2rdic. Per aix\u00f2, l&#8217;organitzaci\u00f3 composta pel <strong>Conselh Generau d\u2019Aran<\/strong> i per l&#8217;estaci\u00f3 d&#8217;esqu\u00ed aranesa <strong>Baqueira Beret<\/strong>, ha proposat una s\u00e8rie d&#8217;esdeveniments paral\u2022lels a la Marxa Beret els quals tenen com a objectiu que tots els seus participants i seguidors gaudeixin d&#8217;un agradable cap de setmana a la Val d\u2019Aran.<\/p>\n<p>La Marxa Beret, que aquest any arriba a la 38a edici\u00f3, data de l&#8217;any 1977. L&#8217;edici\u00f3 del 2017 est\u00e0<strong> inclosa dins del calendari FIS (Federaci\u00f3 Internacional d&#8217;Esqu\u00ed), \u00e9s prova puntuable per al Circuit Popular Cross-Country Races, la Copa Catalana i la Copa d&#8217;Espanya d&#8217;Esqu\u00ed N\u00f2rdic.<\/strong><\/p>\n<p>Com a novetat, aquest any se celebrar\u00e0 la prova de skating, Sprint Salomon, a Arties.<\/p>\n<p>Les inscripcions s&#8217;han de realitzar per Internet, a trav\u00e9s de la p\u00e0gina web de la Marxa Beret, <a href=\"http:\/\/www.marxaberet.com\" target=\"_blank\"><strong>www.marxaberet.com<\/strong><\/a>, fins al 2 de febrer. A m\u00e9s, cal destacar que tots aquells que s&#8217;inscriguin abans del 15 de gener de 2017 gaudiran d&#8217;una tarifa m\u00e9s redu\u00efda. Les inscripcions presencials tindran lloc a la Casa d&#8217;Acollida, en la poblaci\u00f3 de Salard\u00fa, el 4 de febrer.<\/p>\n<p>&nbsp;<\/p>\n<p><strong>Programa<\/strong><\/p>\n<p><strong>Dissabte, 4 de febrer<\/strong><\/p>\n<p>09h30 &#8211; Obertura de la \u201cCasa d&#8217;Acollida\u201d<br \/>\n16h00 &#8211; Exhibici\u00f3 \u00abSprint Salomon\u00bb a Arties<br \/>\n19h00 &#8211; Repartiment de premis<br \/>\n19h30 &#8211; Presentaci\u00f3 \u00ab38a Marxa Beret\u00bb<br \/>\n20h30 &#8211; Tancament d&#8217;inscripcions i de la Casa d&#8217;Acollida<\/p>\n<p><strong>Diumenge, 5 de febrer<\/strong><\/p>\n<p>10h00 &#8211; Sortida 38a Marxa Beret<br \/>\n13h30 &#8211; Repartiment de premis<br \/>\n14h00 &#8211; Cerim\u00f2nia de Clausura<br \/>\n14h30 &#8211; Tancament del circuit<\/p>\n<p>&nbsp;<\/p>\n<p>M\u00e9s informaci\u00f3:\u00a0<a href=\"http:\/\/www.marxaberet.com\" target=\"_blank\"><strong>www.marxaberet.com<\/strong><\/a><\/p>\n<p>&nbsp;<\/p>\n<p>&nbsp;<\/p>\n<p>&nbsp;<\/p>\n<p>&nbsp;<\/p>\n<p>Vielha, 13 de gener de 2017<\/p>\n<p>&nbsp;<\/p>\n<p><em>Conselh Generau d&#8217;Aran: N\u00faria Sanjuan<\/em><\/p>\n<p><em>Font: Marxa Beret<\/em><\/p>\n ","protected":false},"excerpt":{"rendered":"<p>La 38\u00aa edici\u00f3 se celebrar\u00e0 els propers 4 i 5 de febrer. Les nevades dels \u00faltims dies disparen les inscripcions, obertes fins al 2 de febrer a: www.marxaberet.com. Com a novetat, aquest any se celebrar\u00e0 la prova de skating, Sprint Salomon, a Arties. &nbsp; &nbsp; La Marxa Beret \u00e9s una de les proves d&#8217;esqu\u00ed n\u00f2rdic&#8230;<\/p>\n","protected":false},"author":2,"featured_media":15351,"comment_status":"closed","ping_status":"closed","sticky":false,"template":"","format":"standard","meta":{"footnotes":""},"categories":[53],"tags":[],"_links":{"self":[{"href":"https:\/\/www.conselharan.org\/ca\/wp-json\/wp\/v2\/posts\/15353"}],"collection":[{"href":"https:\/\/www.conselharan.org\/ca\/wp-json\/wp\/v2\/posts"}],"about":[{"href":"https:\/\/www.conselharan.org\/ca\/wp-json\/wp\/v2\/types\/post"}],"author":[{"embeddable":true,"href":"https:\/\/www.conselharan.org\/ca\/wp-json\/wp\/v2\/users\/2"}],"replies":[{"embeddable":true,"href":"https:\/\/www.conselharan.org\/ca\/wp-json\/wp\/v2\/comments?post=15353"}],"version-history":[{"count":1,"href":"https:\/\/www.conselharan.org\/ca\/wp-json\/wp\/v2\/posts\/15353\/revisions"}],"predecessor-version":[{"id":15354,"href":"https:\/\/www.conselharan.org\/ca\/wp-json\/wp\/v2\/posts\/15353\/revisions\/15354"}],"wp:featuredmedia":[{"embeddable":true,"href":"https:\/\/www.conselharan.org\/ca\/wp-json\/wp\/v2\/media\/15351"}],"wp:attachment":[{"href":"https:\/\/www.conselharan.org\/ca\/wp-json\/wp\/v2\/media?parent=15353"}],"wp:term":[{"taxonomy":"category","embeddable":true,"href":"https:\/\/www.conselharan.org\/ca\/wp-json\/wp\/v2\/categories?post=15353"},{"taxonomy":"post_tag","embeddable":true,"href":"https:\/\/www.conselharan.org\/ca\/wp-json\/wp\/v2\/tags?post=15353"}],"curies":[{"name":"wp","href":"https:\/\/api.w.org\/{rel}","templated":true}]}}