{"id":15362,"date":"2017-01-13T13:00:25","date_gmt":"2017-01-13T12:00:25","guid":{"rendered":"http:\/\/www.conselharan.org\/ca\/?p=15362"},"modified":"2017-01-13T14:09:44","modified_gmt":"2017-01-13T13:09:44","slug":"el-govern-daran-reforca-la-cooperacio-sanitaria-i-demergencies-amb-franca","status":"publish","type":"post","link":"https:\/\/www.conselharan.org\/ca\/el-govern-daran-reforca-la-cooperacio-sanitaria-i-demergencies-amb-franca\/","title":{"rendered":"El Gov\u00e8rn d\u2019Aran refor\u00e7a la cooperaci\u00f3 sanit\u00e0ria i d\u2019emerg\u00e8ncies amb Fran\u00e7a"},"content":{"rendered":"<p><img loading=\"lazy\" decoding=\"async\" class=\"aligncenter size-large wp-image-15359\" src=\"http:\/\/www.conselharan.org\/wp-content\/uploads\/2017\/01\/DSC_0854-1024x642.jpg\" alt=\"DSC_0854\" width=\"1024\" height=\"642\" srcset=\"https:\/\/www.conselharan.org\/wp-content\/uploads\/2017\/01\/DSC_0854-1024x642.jpg 1024w, https:\/\/www.conselharan.org\/wp-content\/uploads\/2017\/01\/DSC_0854-300x188.jpg 300w, https:\/\/www.conselharan.org\/wp-content\/uploads\/2017\/01\/DSC_0854-768x481.jpg 768w\" sizes=\"(max-width: 1024px) 100vw, 1024px\" \/><\/p>\n<p>&nbsp;<\/p>\n<p>El Gov\u00e8rn d\u2019Aran, a trav\u00e9s del Servei Aran\u00e8s de Benestar i Salut (SABS), van signar l&#8217;any passat un conveni de cooperaci\u00f3 amb el Centre Hospitalier Comminges Pyr\u00e9n\u00e9es de Saint-Gaudens i el Centre Hospitalier Universitaire (CHU) de Toulouse per continuar i millorar el tractament de les urg\u00e8ncies de la Val d\u2019Aran que necessitin l&#8217;acc\u00e9s al CHU de Toulouse i\/o al CH Comminges Pyr\u00e9n\u00e9es.<\/p>\n<p>A ra\u00f3 d\u2019aquest conveni, el sindic d\u2019Aran, <strong>Carlos Barrera<\/strong>, el conselh\u00e8r de Territori d\u2019Aran, <strong>Jose A. Boya<\/strong>, la directora del Servei Aran\u00e8s de Benestar i Salut (SABS), <strong>Maria \u00c0ngels Borr\u00e0s<\/strong>, l&#8217;assessor d\u2019Emerg\u00e8ncies de la Val d\u2019Aran, <strong>Joan Canalias<\/strong>, i el responsable de TESVA, <strong>Fran Carde\u00f1es<\/strong>, s\u2019han reunit amb l&#8217;assessor en la direcci\u00f3 del SABS en relacions internacionals, <strong>Dr. Jean Louis Heib<\/strong>, el cap del Servei SAMU 31 (Service d&#8217;Aide M\u00e9dicale Urgente), <strong>Professeur Vincent Bounes<\/strong>, i amb l&#8217;adjunt al cap del Servei del SAMU 31, <strong>Dr. Philippe Frontin<\/strong>.<\/p>\n<p>&nbsp;<\/p>\n<p><img loading=\"lazy\" decoding=\"async\" class=\"aligncenter size-large wp-image-15360\" src=\"http:\/\/www.conselharan.org\/wp-content\/uploads\/2017\/01\/DSC_0850-1024x685.jpg\" alt=\"DSC_0850\" width=\"1024\" height=\"685\" srcset=\"https:\/\/www.conselharan.org\/wp-content\/uploads\/2017\/01\/DSC_0850-1024x685.jpg 1024w, https:\/\/www.conselharan.org\/wp-content\/uploads\/2017\/01\/DSC_0850-300x201.jpg 300w, https:\/\/www.conselharan.org\/wp-content\/uploads\/2017\/01\/DSC_0850-768x514.jpg 768w\" sizes=\"(max-width: 1024px) 100vw, 1024px\" \/><\/p>\n<p>&nbsp;<\/p>\n<p>En la reuni\u00f3 s\u2019han tractat aspectes del conveni com:<\/p>\n<p>&#8211; Els trasllats inter-hospitalaris d\u2019urg\u00e8ncia entre la Val d\u2019Aran i les estructures de tractaments de l&#8217;Haute-Garonne realitzats a c\u00e0rrec del SAMU 31, incl\u00f2s els motius per rec\u00f3rrer al Centre Hospitalier Universitaire de Toulouse, en cas de necessitat, per subsidiarietat sobre els eixos de col\u2022laboraci\u00f3 m\u00e8dica desenvolupada per la Val d\u2019Aran amb el Centre Hospitalier de Comminges Pyr\u00e9n\u00e9es. Se sol\u2022licitar\u00e0 el perm\u00eds del SABS per les demanes de trasllats del CH Comminges Pyr\u00e9n\u00e9es fins a les estructures de Toulouse.<\/p>\n<p>&#8211; Els trasllats de les intervencions prim\u00e0ries sobre el territori aran\u00e8s pels serveis del SAMU 31.<\/p>\n<p>En paraules del s\u00edndic d\u2019Aran, <strong>Carlos Barrera: \u201cAmb aquestes reunions volem continuar millorant la sanitat i el benestar dels nostres ciutadans amb un sistema l\u00f2gic i sostenible\u201d.<\/strong><\/p>\n<p>&nbsp;<\/p>\n<p>&nbsp;<\/p>\n<p>&nbsp;<\/p>\n<p>&nbsp;<\/p>\n<p>Vielha, 13 de gener de 2017<\/p>\n<p>&nbsp;<\/p>\n<p><em>Conselh Generau d&#8217;Aran: N\u00faria Sanjuan<\/em><\/p>\n ","protected":false},"excerpt":{"rendered":"<p>&nbsp; El Gov\u00e8rn d\u2019Aran, a trav\u00e9s del Servei Aran\u00e8s de Benestar i Salut (SABS), van signar l&#8217;any passat un conveni de cooperaci\u00f3 amb el Centre Hospitalier Comminges Pyr\u00e9n\u00e9es de Saint-Gaudens i el Centre Hospitalier Universitaire (CHU) de Toulouse per continuar i millorar el tractament de les urg\u00e8ncies de la Val d\u2019Aran que necessitin l&#8217;acc\u00e9s al&#8230;<\/p>\n","protected":false},"author":2,"featured_media":15360,"comment_status":"closed","ping_status":"closed","sticky":false,"template":"","format":"standard","meta":{"footnotes":""},"categories":[53],"tags":[],"_links":{"self":[{"href":"https:\/\/www.conselharan.org\/ca\/wp-json\/wp\/v2\/posts\/15362"}],"collection":[{"href":"https:\/\/www.conselharan.org\/ca\/wp-json\/wp\/v2\/posts"}],"about":[{"href":"https:\/\/www.conselharan.org\/ca\/wp-json\/wp\/v2\/types\/post"}],"author":[{"embeddable":true,"href":"https:\/\/www.conselharan.org\/ca\/wp-json\/wp\/v2\/users\/2"}],"replies":[{"embeddable":true,"href":"https:\/\/www.conselharan.org\/ca\/wp-json\/wp\/v2\/comments?post=15362"}],"version-history":[{"count":1,"href":"https:\/\/www.conselharan.org\/ca\/wp-json\/wp\/v2\/posts\/15362\/revisions"}],"predecessor-version":[{"id":15363,"href":"https:\/\/www.conselharan.org\/ca\/wp-json\/wp\/v2\/posts\/15362\/revisions\/15363"}],"wp:featuredmedia":[{"embeddable":true,"href":"https:\/\/www.conselharan.org\/ca\/wp-json\/wp\/v2\/media\/15360"}],"wp:attachment":[{"href":"https:\/\/www.conselharan.org\/ca\/wp-json\/wp\/v2\/media?parent=15362"}],"wp:term":[{"taxonomy":"category","embeddable":true,"href":"https:\/\/www.conselharan.org\/ca\/wp-json\/wp\/v2\/categories?post=15362"},{"taxonomy":"post_tag","embeddable":true,"href":"https:\/\/www.conselharan.org\/ca\/wp-json\/wp\/v2\/tags?post=15362"}],"curies":[{"name":"wp","href":"https:\/\/api.w.org\/{rel}","templated":true}]}}