{"id":15377,"date":"2017-01-14T08:00:22","date_gmt":"2017-01-14T07:00:22","guid":{"rendered":"http:\/\/www.conselharan.org\/ca\/?p=15377"},"modified":"2017-01-13T16:14:56","modified_gmt":"2017-01-13T15:14:56","slug":"un-any-mes-el-govern-daran-patrocinara-als-esportistes-delit-aranesos-aymar-navarro-alex-puente-ruben-caseny-i-ton-consul","status":"publish","type":"post","link":"https:\/\/www.conselharan.org\/ca\/un-any-mes-el-govern-daran-patrocinara-als-esportistes-delit-aranesos-aymar-navarro-alex-puente-ruben-caseny-i-ton-consul\/","title":{"rendered":"Un any m\u00e9s el Gov\u00e8rn d\u2019Aran patrocinar\u00e0 als esportistes d\u2019elit aranesos: Aymar Navarro, \u00c1lex Puente, Ruben Caseny i T\u00f2n C\u00f3nsul"},"content":{"rendered":"<p><img loading=\"lazy\" decoding=\"async\" class=\"aligncenter size-large wp-image-15375\" src=\"http:\/\/www.conselharan.org\/wp-content\/uploads\/2017\/01\/patrocini-esportistes-2017-1024x768.jpg\" alt=\"patrocini esportistes 2017\" width=\"1024\" height=\"768\" srcset=\"https:\/\/www.conselharan.org\/wp-content\/uploads\/2017\/01\/patrocini-esportistes-2017-1024x768.jpg 1024w, https:\/\/www.conselharan.org\/wp-content\/uploads\/2017\/01\/patrocini-esportistes-2017-300x225.jpg 300w, https:\/\/www.conselharan.org\/wp-content\/uploads\/2017\/01\/patrocini-esportistes-2017-768x576.jpg 768w, https:\/\/www.conselharan.org\/wp-content\/uploads\/2017\/01\/patrocini-esportistes-2017.jpg 1600w\" sizes=\"(max-width: 1024px) 100vw, 1024px\" \/><\/p>\n<p>&nbsp;<\/p>\n<p><strong>Luis Carlos Medina<\/strong>, vicesindic d\u2019Aran i conselh\u00e8r d\u2019Esports, juntament amb <strong>Anna D\u00edaz<\/strong>, conselh\u00e8ra de Turisme i Desenvolupament Econ\u00f2mic d\u2019Aran, han signat un any m\u00e9s un conveni de patrocini amb els esportistes professionals aranesos: <strong>Aymar Navarro, \u00c1lex Puente, Ruben Caseny <\/strong>i<strong> T\u00f2n C\u00f3nsul<\/strong>, per promoure la destinaci\u00f3 tur\u00edstica esportiva Val d\u2019Aran pel m\u00f3n, representada en la imatge i en els valors dels esportistes mitjan\u00e7ant el patrocini institucional.<\/p>\n<p>Amb aquest conveni de patrocini, els esportistes aranesos en els despla\u00e7aments i \u201cstages\u201d hauran de portar en els equipaments i robes de descans els logotips de Foment Turisme Val d\u2019Aran \u201cVal d\u2019Aran l&#8217;ess\u00e8ncia dels Pirineus\u201d i Conselh Generau d\u2019Aran, a m\u00e9s de portar-los a la roba de competici\u00f3, sempre que la norma i el reglament dels equips ho permetin.<\/p>\n<p>En les rodes de premsa, esdeveniments period\u00edstics o esportius medi\u00e0tics, portaran el logotip \u201cVal d\u2019Aran l&#8217;ess\u00e8ncia dels Pirineus\u201d i Conselh Generau d\u2019Aran, aix\u00ed com els vehicles que utilitzen els esportistes pels despla\u00e7aments i assist\u00e8ncies a les competicions, haurien de portar el mateix logotip.<\/p>\n<ul>\n<li><strong>Aymar Navarro Combali\u00e9<\/strong>, esquiador professional freeride de categoria internacional World Freeride Tour (WFT\/WFQ) que participa en proves nacionals i internacionals de primer nivell pel m\u00f3n, ha assenyalat:<strong> \u201cLa Val d\u2019Aran \u00e9s un parad\u00eds per practicar qualsevol esport per\u00f2, en especial pels practicants com jo del freeride no te l\u2019acabes\u201d.\u00a0<\/strong>A m\u00e9s, Navarro ha afegit: <strong>\u201c\u00c9s un orgull representar a la Val d\u2019Aran i, que millor que representar i que t\u2019ajudin<\/strong>\u201d.<\/li>\n<\/ul>\n<ul>\n<li><strong>\u00c1lex Puente Tasias<\/strong>, \u00e9s esquiador professional membre de l&#8217;equip de la RFEDI, corredor Ol\u00edmpic (Sochi 2014) d\u2019esqu\u00ed alp\u00ed. Participa en proves nacionals i internacionals de primer nivell pel m\u00f3n. <strong>\u201c\u00c9s una ajuda molt important, a m\u00e9s d\u2019un honor representar al meu pa\u00eds, Aran, on vagi a competir\u201d<\/strong> ha assenyalat Puente.<\/li>\n<\/ul>\n<ul>\n<li><strong>Ruben Caseny Catal\u00e1<\/strong>, \u00e9s ciclista i membre de l&#8217;equip internacional MASSI- KUWAIT CYCLING PROJECT a m\u00e9s de corredor d\u2019esqu\u00ed n\u00f2rdic professional. <strong>\u201c\u00c9s una gran motivaci\u00f3 que t\u2019ajudin. Em sento molt orgull\u00f3s que el meu pa\u00eds hem doni suport i alhora poder representar-lo\u201d<\/strong> ha manifestat Caseny durant la signatura.<\/li>\n<\/ul>\n<ul>\n<li><strong>T\u00f2n C\u00f3nsul Vivar<\/strong>, \u00e9s patinador professional junior ISU, que li permet participar en proves nacionals i internacionals de primer nivell pel m\u00f3n de patinatge art\u00edstic sobre gel. En paraules de T\u00f2n:<strong> \u201cRepresentar al meu petit pa\u00eds, la Val d\u2019Aran, \u00e9s tot un orgull per mi, aix\u00f2 encara et d\u00f3na m\u00e9s forces per continuar lluitant\u201d.<\/strong><\/li>\n<\/ul>\n<p>El vicesindic d\u2019Aran i conselh\u00e8r d\u2019Esp\u00f2rts, <strong>Lu\u00eds Carlos Medina,<\/strong> ha assenyalat: &#8220;<strong>Encara que els recursos econ\u00f2mics sempre s\u00f3n limitats, des del Gov\u00e8rn d\u2019Aran sempre estem oberts a ajudar als esportistes aranesos en les seves carreres cap a l&#8217;\u00e8xit. \u00c9s un orgull i una sort poder ajudar a aquests joves esportistes aranesos. Tant Aymar, com \u00c1lex, Ruben i T\u00f2n, s\u00f3n un exemple pels nostres joves\u201d.<\/strong><\/p>\n<p>Medina ha <strong>agra\u00eft tamb\u00e9 l&#8217;esfor\u00e7 que fan les fam\u00edlies dels esportistes<\/strong>.<\/p>\n<p>Per la seva part, la conselh\u00e8ra de Turisme i Desenvolupament Econ\u00f2mic d\u2019Aran, <strong>Anna D\u00edaz<\/strong>, ha afegit: <strong>\u201cA la Val d\u2019Aran el turisme i l&#8217;esport van de la m\u00e0 i \u00e9s un orgull que els nostres esportistes a m\u00e9s de competir al m\u00e9s alt nivell puguin donar a con\u00e8ixer la nostra destinaci\u00f3 tur\u00edstica\u201d.<\/strong><\/p>\n<p>El Conselh Generau d\u2019Aran pagar\u00e0, en concepte de patrocini, la quantitat de 3.000\u20ac, a cada un dels quatre esportistes aranesos.<\/p>\n<p>&nbsp;<\/p>\n<p>&nbsp;<\/p>\n<p>&nbsp;<\/p>\n<p>Vielha, 14 de gener de 2017<\/p>\n<p>&nbsp;<\/p>\n<p><em>Conselh Generau d&#8217;Aran: N\u00faria Sanjuan<\/em><\/p>\n ","protected":false},"excerpt":{"rendered":"<p>&nbsp; Luis Carlos Medina, vicesindic d\u2019Aran i conselh\u00e8r d\u2019Esports, juntament amb Anna D\u00edaz, conselh\u00e8ra de Turisme i Desenvolupament Econ\u00f2mic d\u2019Aran, han signat un any m\u00e9s un conveni de patrocini amb els esportistes professionals aranesos: Aymar Navarro, \u00c1lex Puente, Ruben Caseny i T\u00f2n C\u00f3nsul, per promoure la destinaci\u00f3 tur\u00edstica esportiva Val d\u2019Aran pel m\u00f3n, representada en&#8230;<\/p>\n","protected":false},"author":2,"featured_media":15375,"comment_status":"closed","ping_status":"closed","sticky":false,"template":"","format":"standard","meta":{"footnotes":""},"categories":[33],"tags":[],"_links":{"self":[{"href":"https:\/\/www.conselharan.org\/ca\/wp-json\/wp\/v2\/posts\/15377"}],"collection":[{"href":"https:\/\/www.conselharan.org\/ca\/wp-json\/wp\/v2\/posts"}],"about":[{"href":"https:\/\/www.conselharan.org\/ca\/wp-json\/wp\/v2\/types\/post"}],"author":[{"embeddable":true,"href":"https:\/\/www.conselharan.org\/ca\/wp-json\/wp\/v2\/users\/2"}],"replies":[{"embeddable":true,"href":"https:\/\/www.conselharan.org\/ca\/wp-json\/wp\/v2\/comments?post=15377"}],"version-history":[{"count":1,"href":"https:\/\/www.conselharan.org\/ca\/wp-json\/wp\/v2\/posts\/15377\/revisions"}],"predecessor-version":[{"id":15378,"href":"https:\/\/www.conselharan.org\/ca\/wp-json\/wp\/v2\/posts\/15377\/revisions\/15378"}],"wp:featuredmedia":[{"embeddable":true,"href":"https:\/\/www.conselharan.org\/ca\/wp-json\/wp\/v2\/media\/15375"}],"wp:attachment":[{"href":"https:\/\/www.conselharan.org\/ca\/wp-json\/wp\/v2\/media?parent=15377"}],"wp:term":[{"taxonomy":"category","embeddable":true,"href":"https:\/\/www.conselharan.org\/ca\/wp-json\/wp\/v2\/categories?post=15377"},{"taxonomy":"post_tag","embeddable":true,"href":"https:\/\/www.conselharan.org\/ca\/wp-json\/wp\/v2\/tags?post=15377"}],"curies":[{"name":"wp","href":"https:\/\/api.w.org\/{rel}","templated":true}]}}