{"id":15441,"date":"2017-01-16T10:23:10","date_gmt":"2017-01-16T09:23:10","guid":{"rendered":"http:\/\/www.conselharan.org\/ca\/podis-aranesi-enes-campionats-despanha-desqui-de-hons\/"},"modified":"2017-01-16T10:24:34","modified_gmt":"2017-01-16T09:24:34","slug":"podis-aranesi-enes-campionats-despanha-desqui-de-hons","status":"publish","type":"post","link":"https:\/\/www.conselharan.org\/ca\/podis-aranesi-enes-campionats-despanha-desqui-de-hons\/","title":{"rendered":"P\u00f2dis aranesi enes Campionats d\u2019Espanha d\u2019esqu\u00ed de hons"},"content":{"rendered":"<p><strong>Era estacion de Tuixent La Vansa acuelhec era passada dimenjada, 14 e 15 de g\u00e8r, es Campionats d\u2019Espanha d\u2019esqu\u00ed de hons, a on s&#8217;amass\u00e8ren m\u00e8s de 60 corredors catalans (FCEH).<\/strong><\/p>\n<p><strong>Era aranesa, Lydia Iglesias, grana protagonista dera dimenjada, damb ua dobla vict\u00f2ria que confirme eth s\u00f2n talent.<\/strong><\/p>\n<p><strong>P\u00f2dis tanben ent\u00e0s aranesi: Marta C\u00e9ster, Maria Iglesias, Pablo Moreno e Marc Vidal.<\/strong><\/p>\n<p>&nbsp;<\/p>\n<p><img loading=\"lazy\" decoding=\"async\" class=\"aligncenter size-full wp-image-15438\" src=\"http:\/\/www.conselharan.org\/wp-content\/uploads\/2017\/01\/LYDIA-TUIXENTS.jpg\" alt=\"LYDIA TUIXENTS\" width=\"768\" height=\"576\" srcset=\"https:\/\/www.conselharan.org\/wp-content\/uploads\/2017\/01\/LYDIA-TUIXENTS.jpg 768w, https:\/\/www.conselharan.org\/wp-content\/uploads\/2017\/01\/LYDIA-TUIXENTS-300x225.jpg 300w\" sizes=\"(max-width: 768px) 100vw, 768px\" \/><\/p>\n<p>&nbsp;<\/p>\n<p>Toti eri aueren de participar en ues condicions meteorologiques complicades, sustot eth dimenge, a on non par\u00e8c de nheuar e bohar eth vent en tot eth maitin e calec modificar eth circuit.<\/p>\n<p>En p\u00f2di <em>U16 femenin<\/em>, era aranesa, <strong>Maria Iglesias,<\/strong> der ANEC (2:03.62) obtenguec era vict\u00f2ria per deuant de Martina Barres dera P.E.C. (2:03.54) e de Maria Selles deth BELLVER (2:04.53).<\/p>\n<p>Ena categoria <em>U18-U20 femenin<\/em>, era aranesa, <strong>Lydia Iglesias,<\/strong> der ANEC (4:04.07) guanh\u00e8c per deuant de Paula Martinez deth CENA (4:11.38). E ena categoria <em>s\u00e8nior femenina<\/em>, tit\u00f2l entara aranesa, <strong>Marta C\u00e9ster<\/strong>, deth CAEI (4:05.73).<\/p>\n<p>Per \u00e7\u00f2 que tanh ara modalitat classica de dimenge, ena <em>U12 masculin<\/em>, Marc Colell deth CEFUC (13:20.05) s\u2019emport\u00e8c eth tit\u00f2l, damb er aran\u00e9s, <strong>Pablo Moreno<\/strong>, deth CAEI (13:31.29) ena tresau posicion.<\/p>\n<p>En <em>U16 femenin<\/em>, aute c\u00f2p era aranesa, <strong>Maria Iglesias<\/strong>, der ANEC (15:56.72) obtenguec eth tit\u00f2l per deuant de Maria Selles deth BELLVER (16:42.12) e de Martina Barres dera P.E.C. (16:48.64).<\/p>\n<p>Un aute p\u00f2di en <em>U18 masculin<\/em>, a on er aran\u00e9s, <strong>Marc Vidal<\/strong>, der ANEC (44:19.81) siguec eth m\u00e8s rapid en tot superar a Gral Selles deth BELLVER (44:28.06) e a Francesc Colell deth CEFUC (44:52.26).<\/p>\n<p>En<em> U20<\/em>, era aranesa, <strong>Lydia Iglesias<\/strong>, der ANEC (31:23.81) se proclam\u00e8c campiona.<\/p>\n<p>Lydia Iglesias siguec ua des granes protagonistes dera dimenjada, damb ua dobla vict\u00f2ria que confirme eth s\u00f2n talent.<\/p>\n<p>E dej\u00e0 enes categories m\u00e8s granes, era aranesa, <strong>Marta C\u00e9ster<\/strong>, deth CAEI (48:35.88) guanh\u00e8c.<\/p>\n<p>&nbsp;<\/p>\n<p>&nbsp;<\/p>\n<p>&nbsp;<\/p>\n<p>Vielha, 16 de g\u00e8r de 2017<\/p>\n<p>&nbsp;<\/p>\n<p><em>Conselh Generau d&#8217;Aran: N\u00faria Sanjuan<\/em><\/p>\n<p><em>H\u00f2nt e Foto: FCEH\u00a0<\/em><\/p>\n ","protected":false},"excerpt":{"rendered":"<p>Era estacion de Tuixent La Vansa acuelhec era passada dimenjada, 14 e 15 de g\u00e8r, es Campionats d\u2019Espanha d\u2019esqu\u00ed de hons, a on s&#8217;amass\u00e8ren m\u00e8s de 60 corredors catalans (FCEH). Era aranesa, Lydia Iglesias, grana protagonista dera dimenjada, damb ua dobla vict\u00f2ria que confirme eth s\u00f2n talent. P\u00f2dis tanben ent\u00e0s aranesi: Marta C\u00e9ster, Maria Iglesias,&#8230;<\/p>\n","protected":false},"author":2,"featured_media":15438,"comment_status":"closed","ping_status":"closed","sticky":false,"template":"","format":"standard","meta":{"footnotes":""},"categories":[33],"tags":[],"_links":{"self":[{"href":"https:\/\/www.conselharan.org\/ca\/wp-json\/wp\/v2\/posts\/15441"}],"collection":[{"href":"https:\/\/www.conselharan.org\/ca\/wp-json\/wp\/v2\/posts"}],"about":[{"href":"https:\/\/www.conselharan.org\/ca\/wp-json\/wp\/v2\/types\/post"}],"author":[{"embeddable":true,"href":"https:\/\/www.conselharan.org\/ca\/wp-json\/wp\/v2\/users\/2"}],"replies":[{"embeddable":true,"href":"https:\/\/www.conselharan.org\/ca\/wp-json\/wp\/v2\/comments?post=15441"}],"version-history":[{"count":1,"href":"https:\/\/www.conselharan.org\/ca\/wp-json\/wp\/v2\/posts\/15441\/revisions"}],"predecessor-version":[{"id":15443,"href":"https:\/\/www.conselharan.org\/ca\/wp-json\/wp\/v2\/posts\/15441\/revisions\/15443"}],"wp:featuredmedia":[{"embeddable":true,"href":"https:\/\/www.conselharan.org\/ca\/wp-json\/wp\/v2\/media\/15438"}],"wp:attachment":[{"href":"https:\/\/www.conselharan.org\/ca\/wp-json\/wp\/v2\/media?parent=15441"}],"wp:term":[{"taxonomy":"category","embeddable":true,"href":"https:\/\/www.conselharan.org\/ca\/wp-json\/wp\/v2\/categories?post=15441"},{"taxonomy":"post_tag","embeddable":true,"href":"https:\/\/www.conselharan.org\/ca\/wp-json\/wp\/v2\/tags?post=15441"}],"curies":[{"name":"wp","href":"https:\/\/api.w.org\/{rel}","templated":true}]}}