{"id":15456,"date":"2017-01-16T15:25:06","date_gmt":"2017-01-16T14:25:06","guid":{"rendered":"http:\/\/www.conselharan.org\/ca\/?p=15456"},"modified":"2017-01-16T15:25:06","modified_gmt":"2017-01-16T14:25:06","slug":"el-ple-del-conselh-generau-daran-aprova-el-padro-de-cobrament-de-la-taxa-del-servei-de-recollida-descombraries-i-el-seu-tractament-pel-2017","status":"publish","type":"post","link":"https:\/\/www.conselharan.org\/ca\/el-ple-del-conselh-generau-daran-aprova-el-padro-de-cobrament-de-la-taxa-del-servei-de-recollida-descombraries-i-el-seu-tractament-pel-2017\/","title":{"rendered":"El Ple del Conselh Generau d\u2019Aran aprova el padr\u00f3 de cobrament de la taxa del servei de recollida d\u2019escombraries i el seu tractament pel 2017"},"content":{"rendered":"<p><img loading=\"lazy\" decoding=\"async\" class=\"aligncenter size-large wp-image-15454\" src=\"http:\/\/www.conselharan.org\/wp-content\/uploads\/2017\/01\/DSC_0860-1024x614.jpg\" alt=\"DSC_0860\" width=\"1024\" height=\"614\" srcset=\"https:\/\/www.conselharan.org\/wp-content\/uploads\/2017\/01\/DSC_0860-1024x614.jpg 1024w, https:\/\/www.conselharan.org\/wp-content\/uploads\/2017\/01\/DSC_0860-300x180.jpg 300w, https:\/\/www.conselharan.org\/wp-content\/uploads\/2017\/01\/DSC_0860-768x460.jpg 768w\" sizes=\"(max-width: 1024px) 100vw, 1024px\" \/><\/p>\n<p>&nbsp;<\/p>\n<p>El Ple del Conselh Generau d\u2019Aran en sessi\u00f3 extraordin\u00e0ria ha aprovat el padr\u00f3 de cobrament de la taxa del servei de recollida d&#8217;escombraries i el seu tractament per a l\u2019any 2017 a la Val d&#8217;Aran.<\/p>\n<p>El Conselh Generau d\u2019Aran ha atribu\u00eft la compet\u00e8ncia del servei de recollida domicili\u00e0ria dels residus s\u00f2lids urbans i el seu tractament mitjan\u00e7ant la delegaci\u00f3 que, en el seu dia, van efectuar els diversos ajuntaments de la Val d\u2019Aran, s\u2019ha elaborat el padr\u00f3 cobrador de la taxa d\u2019aquest servei corresponent a l&#8217;exercici 2017.<\/p>\n<p>Donat que l&#8217;import del padr\u00f3 d&#8217;escombraries corresponent a l&#8217;any 2017 puja a una total d\u2019un mili\u00f3 quatre-cents setanta-cinc mil cent seixanta-sis euros amb trenta-u c\u00e8ntims (1.475.166,31 \u20ac) la qual cosa suposa un increment de trenta-set mil nou-cents cinquanta-dos euros amb quaranta-tres c\u00e8ntims (37.952,43 \u20ac) respecte el padr\u00f3 inicial aprovat en l&#8217;exercici 2016.<\/p>\n<p>El Ple tamb\u00e9 ha aprovat la contractaci\u00f3 per l\u2019explotaci\u00f3, conservaci\u00f3 i manteniment dels sistemes de sanejament de la Val d\u2019Aran a favor de la UTE ACSA OBRAS E INFRAESTUCTURAS SA &#8211; S.A. AGRICULTORES DE LA VEGA DE VALENCIA &#8211; DEPURACI\u00d3N DE AGUAS DEL MEDITERRANEO SL, donat que la seva \u00e9s l&#8217;oferta presentada econ\u00f2micament m\u00e9s avantatjosa per l&#8217;administraci\u00f3 i que, a m\u00e9s, va complir amb totes les formalitats exigides en el Plec de Cl\u00e0usules aprovades el 24 de mar\u00e7 de 2015.<\/p>\n<p>&nbsp;<\/p>\n<p>&nbsp;<\/p>\n<p>&nbsp;<\/p>\n<p>Vielha, 16 de gener de 2017<\/p>\n<p>&nbsp;<\/p>\n<p><em>Conselh Generau d&#8217;Aran: N\u00faria Sanjuan<\/em><\/p>\n ","protected":false},"excerpt":{"rendered":"<p>&nbsp; El Ple del Conselh Generau d\u2019Aran en sessi\u00f3 extraordin\u00e0ria ha aprovat el padr\u00f3 de cobrament de la taxa del servei de recollida d&#8217;escombraries i el seu tractament per a l\u2019any 2017 a la Val d&#8217;Aran. El Conselh Generau d\u2019Aran ha atribu\u00eft la compet\u00e8ncia del servei de recollida domicili\u00e0ria dels residus s\u00f2lids urbans i el&#8230;<\/p>\n","protected":false},"author":2,"featured_media":15454,"comment_status":"closed","ping_status":"closed","sticky":false,"template":"","format":"standard","meta":{"footnotes":""},"categories":[53],"tags":[],"_links":{"self":[{"href":"https:\/\/www.conselharan.org\/ca\/wp-json\/wp\/v2\/posts\/15456"}],"collection":[{"href":"https:\/\/www.conselharan.org\/ca\/wp-json\/wp\/v2\/posts"}],"about":[{"href":"https:\/\/www.conselharan.org\/ca\/wp-json\/wp\/v2\/types\/post"}],"author":[{"embeddable":true,"href":"https:\/\/www.conselharan.org\/ca\/wp-json\/wp\/v2\/users\/2"}],"replies":[{"embeddable":true,"href":"https:\/\/www.conselharan.org\/ca\/wp-json\/wp\/v2\/comments?post=15456"}],"version-history":[{"count":1,"href":"https:\/\/www.conselharan.org\/ca\/wp-json\/wp\/v2\/posts\/15456\/revisions"}],"predecessor-version":[{"id":15457,"href":"https:\/\/www.conselharan.org\/ca\/wp-json\/wp\/v2\/posts\/15456\/revisions\/15457"}],"wp:featuredmedia":[{"embeddable":true,"href":"https:\/\/www.conselharan.org\/ca\/wp-json\/wp\/v2\/media\/15454"}],"wp:attachment":[{"href":"https:\/\/www.conselharan.org\/ca\/wp-json\/wp\/v2\/media?parent=15456"}],"wp:term":[{"taxonomy":"category","embeddable":true,"href":"https:\/\/www.conselharan.org\/ca\/wp-json\/wp\/v2\/categories?post=15456"},{"taxonomy":"post_tag","embeddable":true,"href":"https:\/\/www.conselharan.org\/ca\/wp-json\/wp\/v2\/tags?post=15456"}],"curies":[{"name":"wp","href":"https:\/\/api.w.org\/{rel}","templated":true}]}}