{"id":15472,"date":"2017-01-17T09:46:28","date_gmt":"2017-01-17T08:46:28","guid":{"rendered":"http:\/\/www.conselharan.org\/ca\/?p=15472"},"modified":"2017-01-17T12:34:05","modified_gmt":"2017-01-17T11:34:05","slug":"6-podis-del-ceva-a-la-1a-fase-de-la-copa-despanya-audi-u14-u16","status":"publish","type":"post","link":"https:\/\/www.conselharan.org\/ca\/6-podis-del-ceva-a-la-1a-fase-de-la-copa-despanya-audi-u14-u16\/","title":{"rendered":"6 podis del CEVA a la 1a Fase de la Copa d&#8217;Espanya Audi U14 \/ U16"},"content":{"rendered":"<p><strong>Lisa Vallcorba i Arrieta Rodr\u00edguez U16, i Eug\u00e8nia Brotons i Tom\u00e0s Barata U14 pugen al podi a Sierra Nevada<\/strong><\/p>\n<p>&nbsp;<\/p>\n<p><img loading=\"lazy\" decoding=\"async\" class=\"aligncenter size-large wp-image-15469\" src=\"http:\/\/www.conselharan.org\/wp-content\/uploads\/2017\/01\/P\u00d2DI-CEVA.-ARRIETA-E-LISA-1024x768.jpeg\" alt=\"P\u00d2DI CEVA. ARRIETA E LISA\" width=\"1024\" height=\"768\" srcset=\"https:\/\/www.conselharan.org\/wp-content\/uploads\/2017\/01\/P\u00d2DI-CEVA.-ARRIETA-E-LISA-1024x768.jpeg 1024w, https:\/\/www.conselharan.org\/wp-content\/uploads\/2017\/01\/P\u00d2DI-CEVA.-ARRIETA-E-LISA-300x225.jpeg 300w, https:\/\/www.conselharan.org\/wp-content\/uploads\/2017\/01\/P\u00d2DI-CEVA.-ARRIETA-E-LISA-768x576.jpeg 768w, https:\/\/www.conselharan.org\/wp-content\/uploads\/2017\/01\/P\u00d2DI-CEVA.-ARRIETA-E-LISA.jpeg 1600w\" sizes=\"(max-width: 1024px) 100vw, 1024px\" \/><\/p>\n<p>&nbsp;<\/p>\n<p>Durant tres dies el passat cap de setmana es va celebrar a Sierra Nevada la primera fase de la Copa d&#8217;Espanya Audi d&#8217;Esqu\u00ed Alp\u00ed per a les categories U14 i U16.<\/p>\n<p>La primera fase de la copa d&#8217;Espanya Audi, va finalitzar amb la disputa del Sl\u00e0lom en el qual els participants van haver de suportar temperatures sota zero.<\/p>\n<p>En U16 la millor va ser l&#8217;esportista del CEVA <strong>Lisa Vallcorba<\/strong> i la segona posici\u00f3 per <strong>Arrieta Rodr\u00edguez<\/strong>\u00a0tamb\u00e9 del CEVA. La jornada pel que fa a resultats la va arrodonir <strong>Eug\u00e8nia Brotons<\/strong> (CEVA) amb la tercera posici\u00f3 en el Sl\u00e0lom U14.<\/p>\n<p>El cap de setmana de competici\u00f3 va comen\u00e7ar favorablement per als esquiadors el CEVA, amb la primera posici\u00f3 per <strong>Tom\u00e0s Barata<\/strong> U14 i 2a posici\u00f3 de <strong>Lisa Vallcorba<\/strong> U16, en el Supergegant disputat divendres.<\/p>\n<p>En la segona jornada d&#8217;aquesta primera fase de la Copa d&#8217;Espanya Audi, <strong>Eug\u00e8nia Brotons<\/strong> U14, va aconseguir la segona posici\u00f3 en el Gegant.<\/p>\n<p>&nbsp;<\/p>\n<p><img loading=\"lazy\" decoding=\"async\" class=\"aligncenter size-large wp-image-15470\" src=\"http:\/\/www.conselharan.org\/wp-content\/uploads\/2017\/01\/CEVA-17.01.17-1024x768.jpeg\" alt=\"CEVA-17.01.17\" width=\"1024\" height=\"768\" srcset=\"https:\/\/www.conselharan.org\/wp-content\/uploads\/2017\/01\/CEVA-17.01.17-1024x768.jpeg 1024w, https:\/\/www.conselharan.org\/wp-content\/uploads\/2017\/01\/CEVA-17.01.17-300x225.jpeg 300w, https:\/\/www.conselharan.org\/wp-content\/uploads\/2017\/01\/CEVA-17.01.17-768x576.jpeg 768w, https:\/\/www.conselharan.org\/wp-content\/uploads\/2017\/01\/CEVA-17.01.17.jpeg 1600w\" sizes=\"(max-width: 1024px) 100vw, 1024px\" \/><\/p>\n<p>&nbsp;<\/p>\n<p>Un cap de setmana de grans resultats per als corredors del CEVA.<\/p>\n<p>La Copa d&#8217;Espanya Audi U14\/16 s&#8217;acomiada fins al 24 de febrer, quan se celebrar\u00e0 la segona fase a La Molina. La copa d&#8217;Espanya conclour\u00e0 el 26 de mar\u00e7 a Cerler.<\/p>\n<p>&nbsp;<\/p>\n<p>&nbsp;<\/p>\n<p>&nbsp;<\/p>\n<p>Vielha, 17 de gener de 2017<\/p>\n<p>&nbsp;<\/p>\n<p><em>Conselh Generau d&#8217;Aran: N\u00faria Sanjuan<\/em><\/p>\n<p><em>Font i Fotos: CEVA<\/em><\/p>\n ","protected":false},"excerpt":{"rendered":"<p>Lisa Vallcorba i Arrieta Rodr\u00edguez U16, i Eug\u00e8nia Brotons i Tom\u00e0s Barata U14 pugen al podi a Sierra Nevada &nbsp; &nbsp; Durant tres dies el passat cap de setmana es va celebrar a Sierra Nevada la primera fase de la Copa d&#8217;Espanya Audi d&#8217;Esqu\u00ed Alp\u00ed per a les categories U14 i U16. La primera fase&#8230;<\/p>\n","protected":false},"author":2,"featured_media":15470,"comment_status":"closed","ping_status":"closed","sticky":false,"template":"","format":"standard","meta":{"footnotes":""},"categories":[33],"tags":[],"_links":{"self":[{"href":"https:\/\/www.conselharan.org\/ca\/wp-json\/wp\/v2\/posts\/15472"}],"collection":[{"href":"https:\/\/www.conselharan.org\/ca\/wp-json\/wp\/v2\/posts"}],"about":[{"href":"https:\/\/www.conselharan.org\/ca\/wp-json\/wp\/v2\/types\/post"}],"author":[{"embeddable":true,"href":"https:\/\/www.conselharan.org\/ca\/wp-json\/wp\/v2\/users\/2"}],"replies":[{"embeddable":true,"href":"https:\/\/www.conselharan.org\/ca\/wp-json\/wp\/v2\/comments?post=15472"}],"version-history":[{"count":2,"href":"https:\/\/www.conselharan.org\/ca\/wp-json\/wp\/v2\/posts\/15472\/revisions"}],"predecessor-version":[{"id":15482,"href":"https:\/\/www.conselharan.org\/ca\/wp-json\/wp\/v2\/posts\/15472\/revisions\/15482"}],"wp:featuredmedia":[{"embeddable":true,"href":"https:\/\/www.conselharan.org\/ca\/wp-json\/wp\/v2\/media\/15470"}],"wp:attachment":[{"href":"https:\/\/www.conselharan.org\/ca\/wp-json\/wp\/v2\/media?parent=15472"}],"wp:term":[{"taxonomy":"category","embeddable":true,"href":"https:\/\/www.conselharan.org\/ca\/wp-json\/wp\/v2\/categories?post=15472"},{"taxonomy":"post_tag","embeddable":true,"href":"https:\/\/www.conselharan.org\/ca\/wp-json\/wp\/v2\/tags?post=15472"}],"curies":[{"name":"wp","href":"https:\/\/api.w.org\/{rel}","templated":true}]}}