{"id":15513,"date":"2017-01-18T10:51:20","date_gmt":"2017-01-18T09:51:20","guid":{"rendered":"http:\/\/www.conselharan.org\/ca\/?p=15513"},"modified":"2017-01-18T11:04:54","modified_gmt":"2017-01-18T10:04:54","slug":"finalitzen-les-obres-de-la-rehabilitacio-de-lesglesia-de-sant-joan-darres","status":"publish","type":"post","link":"https:\/\/www.conselharan.org\/ca\/finalitzen-les-obres-de-la-rehabilitacio-de-lesglesia-de-sant-joan-darres\/","title":{"rendered":"Finalitzen les obres de la rehabilitaci\u00f3 de l\u2019esgl\u00e9sia de Sant Joan d\u2019Arres"},"content":{"rendered":"<p><strong>S\u2019ha restaurat el campanar, la coberta i les fa\u00e7anes del monument de la Val d\u2019Aran.<\/strong><\/p>\n<p><strong>Aquesta segona fase ha estat finan\u00e7ada per l\u2019INCAS\u00d2L, mitjan\u00e7ant els fons provinents del Conveni de transfer\u00e8ncies de l\u2019any 2015 amb l\u2019Ag\u00e8ncia de l\u2019Habitatge de Catalunya, el Bisbat d\u2019Urgell, el Conselh Generau d\u2019Aran i l\u2019Ajuntament d\u2019Arres.<\/strong><\/p>\n<p>&nbsp;<\/p>\n<p><img loading=\"lazy\" decoding=\"async\" class=\"aligncenter size-full wp-image-15511\" src=\"http:\/\/www.conselharan.org\/wp-content\/uploads\/2017\/01\/gl\u00e8isa-Arres-abantes-e-ara.jpg\" alt=\"gl\u00e8isa Arres- abantes e ara\" width=\"960\" height=\"320\" srcset=\"https:\/\/www.conselharan.org\/wp-content\/uploads\/2017\/01\/gl\u00e8isa-Arres-abantes-e-ara.jpg 960w, https:\/\/www.conselharan.org\/wp-content\/uploads\/2017\/01\/gl\u00e8isa-Arres-abantes-e-ara-300x100.jpg 300w, https:\/\/www.conselharan.org\/wp-content\/uploads\/2017\/01\/gl\u00e8isa-Arres-abantes-e-ara-768x256.jpg 768w\" sizes=\"(max-width: 960px) 100vw, 960px\" \/><\/p>\n<p>&nbsp;<\/p>\n<p>L\u2019Institut Catal\u00e0 del S\u00f2l, INCAS\u00d2L, ha finalitzat la segona fase de la consolidaci\u00f3 estructural de la volta i la coberta de l\u2019esgl\u00e9sia de Sant Joan d\u2019Arres, a Arres (Val d\u2019Aran). L\u2019obra ha comptat amb una inversi\u00f3 de 64.663,53 \u20ac (sense IVA) i ha estat executada per l\u2019empresa Transportes y Excavaciones Barba, S.L.<\/p>\n<p>Les obres han consistit en la reparaci\u00f3 de les patologies estructurals i les humitats del campanar, la coberta i les fa\u00e7anes. L\u2019esgl\u00e9sia presenta contraforts a les fa\u00e7anes est, nord i sud. El gruix dels murs de tancament quedaven redu\u00efts a la meitat una vegada sobrepassaven la cota de la volta. \u00c9s en aquesta zona on s\u2019ha hagut de refor\u00e7ar m\u00e9s l\u2019estructura.<\/p>\n<p>L\u2019esgl\u00e9sia \u00e9s d\u2019estil barroc, de finals del segle XVIII, constru\u00efda amb una sola nau amb volta de can\u00f3 i una zona de presbiteri amb volta de creueria. A l\u2019extrem nord-oest de l\u2019esgl\u00e9sia es troba un campanar adossat a la nau principal, amb acc\u00e9s a l\u2019interior d\u2019aquest per mitj\u00e0 d\u2019una porta des del segon cor. La portalada, ubicada al mur de migdia, est\u00e0 llaurada amb un dentell superior de marbre.<\/p>\n<p><strong>Finan\u00e7ament en dues fases<\/strong><\/p>\n<p>L\u2019obra que ara culmina \u00e9s la segona fase de la prevista en el conveni, signat el 9 de desembre de 2013 i modificat per una addenda de 8 de mar\u00e7 de 2013, que per problemes pressupostaris es va subdividir en dues fases. La primera d\u2019elles va ser executada pel Conselh Generau d\u2019Aran l\u2019any 2013.<\/p>\n<p>Aquesta segona fase ha estat finan\u00e7ada per l\u2019INCAS\u00d2L, mitjan\u00e7ant els fons provinents del Conveni de transfer\u00e8ncies de l\u2019any 2015 amb l\u2019Ag\u00e8ncia de l\u2019Habitatge de Catalunya, el Bisbat d\u2019Urgell, el Conselh Generau d\u2019Aran i l\u2019Ajuntament d\u2019Arres. L\u2019actuaci\u00f3 forma part del programa \u201cReviure les Velles Ciutats\u201d que t\u00e9 com objectiu la recuperaci\u00f3 i rehabilitaci\u00f3 de patrimoni hist\u00f2ric<\/p>\n<p>&nbsp;<\/p>\n<p>&nbsp;<\/p>\n<p>&nbsp;<\/p>\n<p>Vielha, 18 de gener de 2017<\/p>\n<p>&nbsp;<\/p>\n<p><em>Conselh Generau d&#8217;Aran: N\u00faria Sanjuan<\/em><\/p>\n<p><em>Font: INCAS\u00d2L<\/em><\/p>\n ","protected":false},"excerpt":{"rendered":"<p>S\u2019ha restaurat el campanar, la coberta i les fa\u00e7anes del monument de la Val d\u2019Aran. Aquesta segona fase ha estat finan\u00e7ada per l\u2019INCAS\u00d2L, mitjan\u00e7ant els fons provinents del Conveni de transfer\u00e8ncies de l\u2019any 2015 amb l\u2019Ag\u00e8ncia de l\u2019Habitatge de Catalunya, el Bisbat d\u2019Urgell, el Conselh Generau d\u2019Aran i l\u2019Ajuntament d\u2019Arres. &nbsp; &nbsp; L\u2019Institut Catal\u00e0 del&#8230;<\/p>\n","protected":false},"author":2,"featured_media":15515,"comment_status":"closed","ping_status":"closed","sticky":false,"template":"","format":"standard","meta":{"footnotes":""},"categories":[53],"tags":[],"_links":{"self":[{"href":"https:\/\/www.conselharan.org\/ca\/wp-json\/wp\/v2\/posts\/15513"}],"collection":[{"href":"https:\/\/www.conselharan.org\/ca\/wp-json\/wp\/v2\/posts"}],"about":[{"href":"https:\/\/www.conselharan.org\/ca\/wp-json\/wp\/v2\/types\/post"}],"author":[{"embeddable":true,"href":"https:\/\/www.conselharan.org\/ca\/wp-json\/wp\/v2\/users\/2"}],"replies":[{"embeddable":true,"href":"https:\/\/www.conselharan.org\/ca\/wp-json\/wp\/v2\/comments?post=15513"}],"version-history":[{"count":1,"href":"https:\/\/www.conselharan.org\/ca\/wp-json\/wp\/v2\/posts\/15513\/revisions"}],"predecessor-version":[{"id":15514,"href":"https:\/\/www.conselharan.org\/ca\/wp-json\/wp\/v2\/posts\/15513\/revisions\/15514"}],"wp:featuredmedia":[{"embeddable":true,"href":"https:\/\/www.conselharan.org\/ca\/wp-json\/wp\/v2\/media\/15515"}],"wp:attachment":[{"href":"https:\/\/www.conselharan.org\/ca\/wp-json\/wp\/v2\/media?parent=15513"}],"wp:term":[{"taxonomy":"category","embeddable":true,"href":"https:\/\/www.conselharan.org\/ca\/wp-json\/wp\/v2\/categories?post=15513"},{"taxonomy":"post_tag","embeddable":true,"href":"https:\/\/www.conselharan.org\/ca\/wp-json\/wp\/v2\/tags?post=15513"}],"curies":[{"name":"wp","href":"https:\/\/api.w.org\/{rel}","templated":true}]}}