{"id":15544,"date":"2017-01-20T10:23:28","date_gmt":"2017-01-20T09:23:28","guid":{"rendered":"http:\/\/www.conselharan.org\/ca\/?p=15544"},"modified":"2017-01-20T10:44:43","modified_gmt":"2017-01-20T09:44:43","slug":"el-sindic-daran-carlos-barrera-es-reuneix-amb-la-consellera-dagricultura-ramaderia-pesca-i-alimentacio-de-la-generalitat-de-catalunya-meritxell-serret","status":"publish","type":"post","link":"https:\/\/www.conselharan.org\/ca\/el-sindic-daran-carlos-barrera-es-reuneix-amb-la-consellera-dagricultura-ramaderia-pesca-i-alimentacio-de-la-generalitat-de-catalunya-meritxell-serret\/","title":{"rendered":"El sindic d&#8217;Aran, Carlos Barrera, es reuneix amb la consellera d&#8217;Agricultura, Ramaderia, Pesca i Alimentaci\u00f3 de la Generalitat de Catalunya, Meritxell Serret"},"content":{"rendered":"<p><img loading=\"lazy\" decoding=\"async\" class=\"aligncenter size-large wp-image-15542\" src=\"http:\/\/www.conselharan.org\/wp-content\/uploads\/2017\/01\/agricultura-1024x683.jpg\" alt=\"agricultura\" width=\"1024\" height=\"683\" srcset=\"https:\/\/www.conselharan.org\/wp-content\/uploads\/2017\/01\/agricultura-1024x683.jpg 1024w, https:\/\/www.conselharan.org\/wp-content\/uploads\/2017\/01\/agricultura-300x200.jpg 300w, https:\/\/www.conselharan.org\/wp-content\/uploads\/2017\/01\/agricultura-768x512.jpg 768w\" sizes=\"(max-width: 1024px) 100vw, 1024px\" \/><\/p>\n<p>&nbsp;<\/p>\n<p>El s\u00edndic d&#8217;Aran,<strong> Carlos Barrera<\/strong>, es va reunir ahir dijous, 19 de gener, amb la consellera d&#8217;Agricultura, Ramaderia, Pesca i Alimentaci\u00f3 de la Generalitat de Catalunya, <strong>Meritxell Serret.<\/strong><\/p>\n<p>&nbsp;<\/p>\n<p>La reuni\u00f3 va ser a Barcelona, en el Departament d&#8217;Agricultura, Ramaderia, Pesca i Alimentaci\u00f3 de la Generalitat.<\/p>\n<p>&nbsp;<\/p>\n<p>&nbsp;<\/p>\n<p>&nbsp;<\/p>\n<p>&nbsp;<\/p>\n<p>Vielha, 20 de gener de 2017<\/p>\n<p>&nbsp;<\/p>\n<p><em>Conselh Generau d&#8217;Aran: N\u00faria Sanjuan<\/em><\/p>\n<p><em>Foto:\u00a0Departament d&#8217;Agricultura, Ramaderia, Pesca i Alimentaci\u00f3 de la Generalitat de Catalunya<\/em><\/p>\n ","protected":false},"excerpt":{"rendered":"<p>&nbsp; El s\u00edndic d&#8217;Aran, Carlos Barrera, es va reunir ahir dijous, 19 de gener, amb la consellera d&#8217;Agricultura, Ramaderia, Pesca i Alimentaci\u00f3 de la Generalitat de Catalunya, Meritxell Serret. &nbsp; La reuni\u00f3 va ser a Barcelona, en el Departament d&#8217;Agricultura, Ramaderia, Pesca i Alimentaci\u00f3 de la Generalitat. &nbsp; &nbsp; &nbsp; &nbsp; Vielha, 20 de gener&#8230;<\/p>\n","protected":false},"author":2,"featured_media":15542,"comment_status":"closed","ping_status":"closed","sticky":false,"template":"","format":"standard","meta":{"footnotes":""},"categories":[53],"tags":[],"_links":{"self":[{"href":"https:\/\/www.conselharan.org\/ca\/wp-json\/wp\/v2\/posts\/15544"}],"collection":[{"href":"https:\/\/www.conselharan.org\/ca\/wp-json\/wp\/v2\/posts"}],"about":[{"href":"https:\/\/www.conselharan.org\/ca\/wp-json\/wp\/v2\/types\/post"}],"author":[{"embeddable":true,"href":"https:\/\/www.conselharan.org\/ca\/wp-json\/wp\/v2\/users\/2"}],"replies":[{"embeddable":true,"href":"https:\/\/www.conselharan.org\/ca\/wp-json\/wp\/v2\/comments?post=15544"}],"version-history":[{"count":1,"href":"https:\/\/www.conselharan.org\/ca\/wp-json\/wp\/v2\/posts\/15544\/revisions"}],"predecessor-version":[{"id":15545,"href":"https:\/\/www.conselharan.org\/ca\/wp-json\/wp\/v2\/posts\/15544\/revisions\/15545"}],"wp:featuredmedia":[{"embeddable":true,"href":"https:\/\/www.conselharan.org\/ca\/wp-json\/wp\/v2\/media\/15542"}],"wp:attachment":[{"href":"https:\/\/www.conselharan.org\/ca\/wp-json\/wp\/v2\/media?parent=15544"}],"wp:term":[{"taxonomy":"category","embeddable":true,"href":"https:\/\/www.conselharan.org\/ca\/wp-json\/wp\/v2\/categories?post=15544"},{"taxonomy":"post_tag","embeddable":true,"href":"https:\/\/www.conselharan.org\/ca\/wp-json\/wp\/v2\/tags?post=15544"}],"curies":[{"name":"wp","href":"https:\/\/api.w.org\/{rel}","templated":true}]}}