{"id":15553,"date":"2017-01-20T14:46:48","date_gmt":"2017-01-20T13:46:48","guid":{"rendered":"http:\/\/www.conselharan.org\/ca\/?p=15553"},"modified":"2017-01-20T14:46:48","modified_gmt":"2017-01-20T13:46:48","slug":"un-any-mes-el-govern-daran-aporta-10-000e-a-caritas-per-ajudar-a-les-families-desfavorides-i-en-risc-dexclusio-social","status":"publish","type":"post","link":"https:\/\/www.conselharan.org\/ca\/un-any-mes-el-govern-daran-aporta-10-000e-a-caritas-per-ajudar-a-les-families-desfavorides-i-en-risc-dexclusio-social\/","title":{"rendered":"Un any m\u00e9s, el Gov\u00e8rn d\u2019Aran aporta 10.000\u20ac a C\u00e0ritas per ajudar a les fam\u00edlies desfavorides i en risc d\u2019exclusi\u00f3 social"},"content":{"rendered":"<p><img loading=\"lazy\" decoding=\"async\" class=\"aligncenter size-large wp-image-15550\" src=\"http:\/\/www.conselharan.org\/wp-content\/uploads\/2017\/01\/DSC_0884-1024x711.jpg\" alt=\"DSC_0884\" width=\"1024\" height=\"711\" srcset=\"https:\/\/www.conselharan.org\/wp-content\/uploads\/2017\/01\/DSC_0884-1024x711.jpg 1024w, https:\/\/www.conselharan.org\/wp-content\/uploads\/2017\/01\/DSC_0884-300x208.jpg 300w, https:\/\/www.conselharan.org\/wp-content\/uploads\/2017\/01\/DSC_0884-768x533.jpg 768w\" sizes=\"(max-width: 1024px) 100vw, 1024px\" \/><\/p>\n<p>&nbsp;<\/p>\n<p>El sindic d\u2019Aran, <strong>Carlos Barrera<\/strong>, i el representant de C\u00e0ritas Diocesana d&#8217;Urgell, <strong>Moss\u00e8n Pere Balagu\u00e9<\/strong>, han signat un conveni de col\u2022laboraci\u00f3 per la intervenci\u00f3 social de les fam\u00edlies desfavorides i en risc d\u2019exclusi\u00f3 social. L&#8217;acte ha comptat tamb\u00e9 amb l&#8217;assist\u00e8ncia de la directora de C\u00e0ritas a Vielha, <strong>Susana Argelich.<\/strong><\/p>\n<p>&nbsp;<\/p>\n<p><img loading=\"lazy\" decoding=\"async\" class=\"aligncenter size-large wp-image-15551\" src=\"http:\/\/www.conselharan.org\/wp-content\/uploads\/2017\/01\/DSC_0886-1024x624.jpg\" alt=\"DSC_0886\" width=\"1024\" height=\"624\" srcset=\"https:\/\/www.conselharan.org\/wp-content\/uploads\/2017\/01\/DSC_0886-1024x624.jpg 1024w, https:\/\/www.conselharan.org\/wp-content\/uploads\/2017\/01\/DSC_0886-300x183.jpg 300w, https:\/\/www.conselharan.org\/wp-content\/uploads\/2017\/01\/DSC_0886-768x468.jpg 768w\" sizes=\"(max-width: 1024px) 100vw, 1024px\" \/><\/p>\n<p>&nbsp;<\/p>\n<p>En paraules del sindic d\u2019Aran, <strong>Carlos Barrera: \u201cEl Gov\u00e8rn d\u2019Aran, en virtut de les seves compet\u00e8ncies, realitza diverses activitats i programes a favor dels col\u2022lectius afectats pels diferents problemes en el sector dels serveis socials. Amb aquest conveni volem garantir poder ajudar a tota la gent de la Val d\u2019Aran que ho necessiti\u201d<\/strong>. Barrera ha <strong>subratllat l\u2019estreta col\u2022laboraci\u00f3 entre el Departament de Salut i Benestar de l\u2019Aran i C\u00e0ritas.<\/strong><\/p>\n<p><strong>C\u00e0ritas Diocesana d&#8217;Urgell<\/strong>\u00a0\u00e9s una entitat sense inter\u00e8s lucratiu fortament arrelada a l\u2019Aran. Les seves activitats s\u00f3n de car\u00e0cter ben\u00e8fic i assistencial, i constitueixen un suport pels col\u2022lectius m\u00e9s desfavorits, un dels seus principals compromisos i preocupacions, intentant evitar que s\u2019arribi a situacions de necessitat i marginaci\u00f3, en la mesura que sigui possible.<\/p>\n<p>Amb el conveni signat avui, el Conselh Generau d&#8217;Aran aporta 10.000\u20ac en virtut de la previsi\u00f3 feta referent a les activitats que desenvolupar\u00e0 C\u00e0ritas Diocesana d&#8217;Urgell durant tot l&#8217;any.<\/p>\n<p>&nbsp;<\/p>\n<p>&nbsp;<\/p>\n<p>&nbsp;<\/p>\n<p>Vielha, 20 de gener de 2017<\/p>\n<p>&nbsp;<\/p>\n<p><em>Conselh Generau d&#8217;Aran: N\u00faria Sanjuan<\/em><\/p>\n ","protected":false},"excerpt":{"rendered":"<p>&nbsp; El sindic d\u2019Aran, Carlos Barrera, i el representant de C\u00e0ritas Diocesana d&#8217;Urgell, Moss\u00e8n Pere Balagu\u00e9, han signat un conveni de col\u2022laboraci\u00f3 per la intervenci\u00f3 social de les fam\u00edlies desfavorides i en risc d\u2019exclusi\u00f3 social. L&#8217;acte ha comptat tamb\u00e9 amb l&#8217;assist\u00e8ncia de la directora de C\u00e0ritas a Vielha, Susana Argelich. &nbsp; &nbsp; En paraules del&#8230;<\/p>\n","protected":false},"author":2,"featured_media":15550,"comment_status":"closed","ping_status":"closed","sticky":false,"template":"","format":"standard","meta":{"footnotes":""},"categories":[53],"tags":[],"_links":{"self":[{"href":"https:\/\/www.conselharan.org\/ca\/wp-json\/wp\/v2\/posts\/15553"}],"collection":[{"href":"https:\/\/www.conselharan.org\/ca\/wp-json\/wp\/v2\/posts"}],"about":[{"href":"https:\/\/www.conselharan.org\/ca\/wp-json\/wp\/v2\/types\/post"}],"author":[{"embeddable":true,"href":"https:\/\/www.conselharan.org\/ca\/wp-json\/wp\/v2\/users\/2"}],"replies":[{"embeddable":true,"href":"https:\/\/www.conselharan.org\/ca\/wp-json\/wp\/v2\/comments?post=15553"}],"version-history":[{"count":1,"href":"https:\/\/www.conselharan.org\/ca\/wp-json\/wp\/v2\/posts\/15553\/revisions"}],"predecessor-version":[{"id":15554,"href":"https:\/\/www.conselharan.org\/ca\/wp-json\/wp\/v2\/posts\/15553\/revisions\/15554"}],"wp:featuredmedia":[{"embeddable":true,"href":"https:\/\/www.conselharan.org\/ca\/wp-json\/wp\/v2\/media\/15550"}],"wp:attachment":[{"href":"https:\/\/www.conselharan.org\/ca\/wp-json\/wp\/v2\/media?parent=15553"}],"wp:term":[{"taxonomy":"category","embeddable":true,"href":"https:\/\/www.conselharan.org\/ca\/wp-json\/wp\/v2\/categories?post=15553"},{"taxonomy":"post_tag","embeddable":true,"href":"https:\/\/www.conselharan.org\/ca\/wp-json\/wp\/v2\/tags?post=15553"}],"curies":[{"name":"wp","href":"https:\/\/api.w.org\/{rel}","templated":true}]}}