{"id":15562,"date":"2017-01-23T11:42:41","date_gmt":"2017-01-23T10:42:41","guid":{"rendered":"http:\/\/www.conselharan.org\/ca\/?p=15562"},"modified":"2017-01-23T12:02:02","modified_gmt":"2017-01-23T11:02:02","slug":"laranes-abel-moga-carracedo-3r-en-la-freeride-junior-tour-les-arcs-3","status":"publish","type":"post","link":"https:\/\/www.conselharan.org\/ca\/laranes-abel-moga-carracedo-3r-en-la-freeride-junior-tour-les-arcs-3\/","title":{"rendered":"L&#8217;aran\u00e8s, Abel Moga Carracedo, 3r en la Freeride Junior Tour Les Arcs 3*"},"content":{"rendered":"<p><strong>\u2022 La propera prova del circuit Freeride Junior Tour ser\u00e0 el 28 i 29 de gener a Baqueira Beret (El Dorado Freeride Junior Baqueira 2*)<\/strong><\/p>\n<p>&nbsp;<\/p>\n<p><img loading=\"lazy\" decoding=\"async\" class=\"aligncenter size-full wp-image-15560\" src=\"http:\/\/www.conselharan.org\/wp-content\/uploads\/2017\/01\/3au-Abel-Moga.jpg\" alt=\"3au Abel Moga\" width=\"815\" height=\"715\" srcset=\"https:\/\/www.conselharan.org\/wp-content\/uploads\/2017\/01\/3au-Abel-Moga.jpg 815w, https:\/\/www.conselharan.org\/wp-content\/uploads\/2017\/01\/3au-Abel-Moga-300x263.jpg 300w, https:\/\/www.conselharan.org\/wp-content\/uploads\/2017\/01\/3au-Abel-Moga-768x674.jpg 768w\" sizes=\"(max-width: 815px) 100vw, 815px\" \/><\/p>\n<p>&nbsp;<\/p>\n<p>El passat cap de setmana, es va celebrar la Freeride Junior Tour Les Arcs 3* on el jove aran\u00e8s de 16 anys, <strong>Abel Moga Carracedo<\/strong>, del <strong>Club Esqu\u00ed Emotion<\/strong>, va aconseguir la tercera posici\u00f3.<\/p>\n<p><strong>Axel Tukiainen<\/strong>, tamb\u00e9 del Club Esqu\u00ed Emotion, va acabar en un meritori 25\u00e8 lloc i els seus companys d\u2019equip, <strong>Pol Tellosa Badia<\/strong> (45\u00e8) i <strong>Jordi Riba<\/strong> (53\u00e8), no van c\u00f3rrer la mateixa sort i van caure.<\/p>\n<p>L\u2019entrenador del Club d\u2019Esqu\u00ed Emotion, <strong>Cristian Boiria<\/strong>, es va mostrar molt satisfet amb el resultat aconseguit i va lamentar les caigudes sofertes per Pol i Jordi.<\/p>\n<p><strong>Abel Moga, Pol Tellosa i Axel Tukiainen estan dins del programa anual de Tecnificaci\u00f3 en Freeride del Conselh Generau d&#8217;Aran.<\/strong><\/p>\n<p>La propera prova del circuit Freeride Junior Tour ser\u00e0 el 28 i 29 de gener a Baqueira Beret.<\/p>\n<p>&nbsp;<\/p>\n<p>&nbsp;<\/p>\n<p>&nbsp;<\/p>\n<p>&nbsp;<\/p>\n<p>&nbsp;<\/p>\n<p>Vielha, 23 de gener de 2017<\/p>\n<p>&nbsp;<\/p>\n<p><em>Conselh Generau d&#8217;Aran: N\u00faria Sanjuan<\/em><\/p>\n<p><em>Foto: Cristian Boiria\/ Club Esqu\u00ed Emotion<\/em><\/p>\n ","protected":false},"excerpt":{"rendered":"<p>\u2022 La propera prova del circuit Freeride Junior Tour ser\u00e0 el 28 i 29 de gener a Baqueira Beret (El Dorado Freeride Junior Baqueira 2*) &nbsp; &nbsp; El passat cap de setmana, es va celebrar la Freeride Junior Tour Les Arcs 3* on el jove aran\u00e8s de 16 anys, Abel Moga Carracedo, del Club Esqu\u00ed&#8230;<\/p>\n","protected":false},"author":2,"featured_media":15560,"comment_status":"closed","ping_status":"closed","sticky":false,"template":"","format":"standard","meta":{"footnotes":""},"categories":[33],"tags":[],"_links":{"self":[{"href":"https:\/\/www.conselharan.org\/ca\/wp-json\/wp\/v2\/posts\/15562"}],"collection":[{"href":"https:\/\/www.conselharan.org\/ca\/wp-json\/wp\/v2\/posts"}],"about":[{"href":"https:\/\/www.conselharan.org\/ca\/wp-json\/wp\/v2\/types\/post"}],"author":[{"embeddable":true,"href":"https:\/\/www.conselharan.org\/ca\/wp-json\/wp\/v2\/users\/2"}],"replies":[{"embeddable":true,"href":"https:\/\/www.conselharan.org\/ca\/wp-json\/wp\/v2\/comments?post=15562"}],"version-history":[{"count":1,"href":"https:\/\/www.conselharan.org\/ca\/wp-json\/wp\/v2\/posts\/15562\/revisions"}],"predecessor-version":[{"id":15563,"href":"https:\/\/www.conselharan.org\/ca\/wp-json\/wp\/v2\/posts\/15562\/revisions\/15563"}],"wp:featuredmedia":[{"embeddable":true,"href":"https:\/\/www.conselharan.org\/ca\/wp-json\/wp\/v2\/media\/15560"}],"wp:attachment":[{"href":"https:\/\/www.conselharan.org\/ca\/wp-json\/wp\/v2\/media?parent=15562"}],"wp:term":[{"taxonomy":"category","embeddable":true,"href":"https:\/\/www.conselharan.org\/ca\/wp-json\/wp\/v2\/categories?post=15562"},{"taxonomy":"post_tag","embeddable":true,"href":"https:\/\/www.conselharan.org\/ca\/wp-json\/wp\/v2\/tags?post=15562"}],"curies":[{"name":"wp","href":"https:\/\/api.w.org\/{rel}","templated":true}]}}