{"id":15570,"date":"2017-01-24T11:16:49","date_gmt":"2017-01-24T10:16:49","guid":{"rendered":"http:\/\/www.conselharan.org\/ca\/?p=15570"},"modified":"2017-01-24T11:16:49","modified_gmt":"2017-01-24T10:16:49","slug":"gran-cap-de-setmana-per-als-alevins-i-lequip-interclubs-del-caei","status":"publish","type":"post","link":"https:\/\/www.conselharan.org\/ca\/gran-cap-de-setmana-per-als-alevins-i-lequip-interclubs-del-caei\/","title":{"rendered":"Gran cap de setmana per als Alevins i l\u2019equip Interclubs del CAEI"},"content":{"rendered":"<p><img loading=\"lazy\" decoding=\"async\" class=\"aligncenter size-large wp-image-15568\" src=\"http:\/\/www.conselharan.org\/wp-content\/uploads\/2017\/01\/CAEI-FLOQUET-DE-NEU-1024x768.jpeg\" alt=\"CAEI- FLOQUET DE NEU\" width=\"1024\" height=\"768\" srcset=\"https:\/\/www.conselharan.org\/wp-content\/uploads\/2017\/01\/CAEI-FLOQUET-DE-NEU-1024x768.jpeg 1024w, https:\/\/www.conselharan.org\/wp-content\/uploads\/2017\/01\/CAEI-FLOQUET-DE-NEU-300x225.jpeg 300w, https:\/\/www.conselharan.org\/wp-content\/uploads\/2017\/01\/CAEI-FLOQUET-DE-NEU-768x576.jpeg 768w, https:\/\/www.conselharan.org\/wp-content\/uploads\/2017\/01\/CAEI-FLOQUET-DE-NEU.jpeg 1632w\" sizes=\"(max-width: 1024px) 100vw, 1024px\" \/><\/p>\n<p>&nbsp;<\/p>\n<p>Els Alevins i la secci\u00f3 d&#8217;Interclubs del<strong> Club Aran\u00e9s Esp\u00f2rts d\u2019Iu\u00e8rn (CAEI)<\/strong> van tenir competici\u00f3 el cap de setmana passat. Tots dos grups es van despla\u00e7ar fins a l&#8217;estaci\u00f3 d&#8217;Espot per disputar el XIII Trofeu Floquet de Neu i el XII Trofeu Interclubs Espot Esqu\u00ed i entre els dos equips van aconseguir molt bons resultats.<\/p>\n<p>Els primers a entrar en competici\u00f3 van ser els nois i noies d&#8217;Interclubs. El dissabte, 21 de gener, van disputar un Gegant on es van aconseguir tres podis, dos en la categoria U14: <strong>l&#8217;aranesa, Aina Masip<\/strong> (primera) i <strong>Axel Coscollola<\/strong> (tercer) i un en U16: <strong>Guzm\u00e1n Fern\u00e1ndez<\/strong> (tercer).<\/p>\n<p>El diumenge, 22 de gener, es va realitzar amb \u00e8xit l&#8217;Esl\u00e0lom i l&#8217;equip del CAEI va sumar dos podis m\u00e9s. <strong>Les araneses Aina Masip (U14) va quedar segona i Ares Capdevila (U16) tercera.<\/strong><\/p>\n<p>A continuaci\u00f3 es va disputar la carrera d&#8217;Alevins i cal destacar el gran treball fet per tot aquest grup que, malgrat les caigudes, van pujar sis vegades al podi.<\/p>\n<p>La competici\u00f3 es va disputar en la modalitat de GS i els resultats dels petits del club van ser els seg\u00fcents:<\/p>\n<p>U10 Dames: 3a <strong>Rita Herencia<\/strong><br \/>\nU10 Homes: 2n <strong>Vicente Munilla<\/strong>, 3r <strong>Sim\u00f3n Calzado<\/strong><\/p>\n<p>U12 Dames: 2a <strong>Daniela Chalbaud<\/strong><br \/>\nU12 Homes: <strong>Podi per als aranesos: 1r V\u00edctor Puente i 3r Marc Ubeira<\/strong><\/p>\n<p>&nbsp;<\/p>\n<p>&nbsp;<\/p>\n<p>&nbsp;<\/p>\n<p>Vielha, 24 de gener de 2017<\/p>\n<p>&nbsp;<\/p>\n<p><em>Conselh Generau d&#8217;Aran: N\u00faria Sanjuan<\/em><\/p>\n<p><em>Font i fotos: CAEI\u00a0<\/em><\/p>\n ","protected":false},"excerpt":{"rendered":"<p>&nbsp; Els Alevins i la secci\u00f3 d&#8217;Interclubs del Club Aran\u00e9s Esp\u00f2rts d\u2019Iu\u00e8rn (CAEI) van tenir competici\u00f3 el cap de setmana passat. Tots dos grups es van despla\u00e7ar fins a l&#8217;estaci\u00f3 d&#8217;Espot per disputar el XIII Trofeu Floquet de Neu i el XII Trofeu Interclubs Espot Esqu\u00ed i entre els dos equips van aconseguir molt bons&#8230;<\/p>\n","protected":false},"author":2,"featured_media":15568,"comment_status":"closed","ping_status":"closed","sticky":false,"template":"","format":"standard","meta":{"footnotes":""},"categories":[33],"tags":[],"_links":{"self":[{"href":"https:\/\/www.conselharan.org\/ca\/wp-json\/wp\/v2\/posts\/15570"}],"collection":[{"href":"https:\/\/www.conselharan.org\/ca\/wp-json\/wp\/v2\/posts"}],"about":[{"href":"https:\/\/www.conselharan.org\/ca\/wp-json\/wp\/v2\/types\/post"}],"author":[{"embeddable":true,"href":"https:\/\/www.conselharan.org\/ca\/wp-json\/wp\/v2\/users\/2"}],"replies":[{"embeddable":true,"href":"https:\/\/www.conselharan.org\/ca\/wp-json\/wp\/v2\/comments?post=15570"}],"version-history":[{"count":1,"href":"https:\/\/www.conselharan.org\/ca\/wp-json\/wp\/v2\/posts\/15570\/revisions"}],"predecessor-version":[{"id":15571,"href":"https:\/\/www.conselharan.org\/ca\/wp-json\/wp\/v2\/posts\/15570\/revisions\/15571"}],"wp:featuredmedia":[{"embeddable":true,"href":"https:\/\/www.conselharan.org\/ca\/wp-json\/wp\/v2\/media\/15568"}],"wp:attachment":[{"href":"https:\/\/www.conselharan.org\/ca\/wp-json\/wp\/v2\/media?parent=15570"}],"wp:term":[{"taxonomy":"category","embeddable":true,"href":"https:\/\/www.conselharan.org\/ca\/wp-json\/wp\/v2\/categories?post=15570"},{"taxonomy":"post_tag","embeddable":true,"href":"https:\/\/www.conselharan.org\/ca\/wp-json\/wp\/v2\/tags?post=15570"}],"curies":[{"name":"wp","href":"https:\/\/api.w.org\/{rel}","templated":true}]}}