{"id":15579,"date":"2017-01-24T12:49:05","date_gmt":"2017-01-24T11:49:05","guid":{"rendered":"http:\/\/www.conselharan.org\/ca\/?p=15579"},"modified":"2017-01-24T12:49:05","modified_gmt":"2017-01-24T11:49:05","slug":"xerrada-debat-per-compartir-i-aprendre-del-problema-actual-de-capes-febles-persistents","status":"publish","type":"post","link":"https:\/\/www.conselharan.org\/ca\/xerrada-debat-per-compartir-i-aprendre-del-problema-actual-de-capes-febles-persistents\/","title":{"rendered":"Xerrada debat per compartir i aprendre del problema actual de capes febles persistents"},"content":{"rendered":"<p><img loading=\"lazy\" decoding=\"async\" class=\"aligncenter size-full wp-image-15576\" src=\"http:\/\/www.conselharan.org\/wp-content\/uploads\/2017\/01\/centre-de-lauegi-charrada-ETEVA.jpg\" alt=\"centre de lauegi- charrada ETEVA\" width=\"960\" height=\"720\" srcset=\"https:\/\/www.conselharan.org\/wp-content\/uploads\/2017\/01\/centre-de-lauegi-charrada-ETEVA.jpg 960w, https:\/\/www.conselharan.org\/wp-content\/uploads\/2017\/01\/centre-de-lauegi-charrada-ETEVA-300x225.jpg 300w, https:\/\/www.conselharan.org\/wp-content\/uploads\/2017\/01\/centre-de-lauegi-charrada-ETEVA-768x576.jpg 768w\" sizes=\"(max-width: 960px) 100vw, 960px\" \/><\/p>\n<p>&nbsp;<\/p>\n<p>El <strong>Centre d&#8217;Allaus d&#8217;Aran<\/strong> ha organitzat per dem\u00e0 dimecres, 25 de gener, a les 19h00 a l&#8217;Escola de T\u00e8cnics Esportius de la Val d&#8217;Aran (ETEVA), Alberg Era Garona de Salard\u00fa, \u00a0una xerrada debat per compartir i aprendre entre tots del problema actual de capes febles persistents.<\/p>\n<p>&nbsp;<\/p>\n<p><img loading=\"lazy\" decoding=\"async\" class=\"aligncenter size-large wp-image-15577\" src=\"http:\/\/www.conselharan.org\/wp-content\/uploads\/2017\/01\/centre-de-lauegi-charrada-ETEVA1-1024x768.jpg\" alt=\"centre de lauegi- charrada ETEVA1\" width=\"1024\" height=\"768\" srcset=\"https:\/\/www.conselharan.org\/wp-content\/uploads\/2017\/01\/centre-de-lauegi-charrada-ETEVA1.jpg 1024w, https:\/\/www.conselharan.org\/wp-content\/uploads\/2017\/01\/centre-de-lauegi-charrada-ETEVA1-300x225.jpg 300w, https:\/\/www.conselharan.org\/wp-content\/uploads\/2017\/01\/centre-de-lauegi-charrada-ETEVA1-768x576.jpg 768w\" sizes=\"(max-width: 1024px) 100vw, 1024px\" \/><\/p>\n<p>&nbsp;<\/p>\n<p>Per avan\u00e7at, a la web del Centre d&#8217;Allaus d&#8217;Aran ( <strong><a href=\"http:\/\/lauegi.conselharan.org\/category\/galeria-de-perfiles-de-nieve-1617\/\" target=\"_blank\">http:\/\/lauegi.conselharan.org\/category\/galeria-de-perfiles-de-nieve-1617\/<\/a>\u00a0)\u00a0<\/strong>trobareu el perfil de la placa accidental de diumenge passat a Cl\u00f2sos, i tamb\u00e9 fotos de les plaques de Cl\u00f2sos i Laveja.<\/p>\n<p>&nbsp;<\/p>\n<p>&nbsp;<\/p>\n<p>&nbsp;<\/p>\n<p>&nbsp;<\/p>\n<p>Vielha, 24 de gener de 2017<\/p>\n<p>&nbsp;<\/p>\n<p><em>Conselh Generau d&#8217;Aran: N\u00faria Sanjuan<\/em><\/p>\n<p><em>Font i fotos: Centre de Lauegi d&#8217;Aran<\/em><\/p>\n ","protected":false},"excerpt":{"rendered":"<p>&nbsp; El Centre d&#8217;Allaus d&#8217;Aran ha organitzat per dem\u00e0 dimecres, 25 de gener, a les 19h00 a l&#8217;Escola de T\u00e8cnics Esportius de la Val d&#8217;Aran (ETEVA), Alberg Era Garona de Salard\u00fa, \u00a0una xerrada debat per compartir i aprendre entre tots del problema actual de capes febles persistents. &nbsp; &nbsp; Per avan\u00e7at, a la web del&#8230;<\/p>\n","protected":false},"author":2,"featured_media":15576,"comment_status":"closed","ping_status":"closed","sticky":false,"template":"","format":"standard","meta":{"footnotes":""},"categories":[33],"tags":[],"_links":{"self":[{"href":"https:\/\/www.conselharan.org\/ca\/wp-json\/wp\/v2\/posts\/15579"}],"collection":[{"href":"https:\/\/www.conselharan.org\/ca\/wp-json\/wp\/v2\/posts"}],"about":[{"href":"https:\/\/www.conselharan.org\/ca\/wp-json\/wp\/v2\/types\/post"}],"author":[{"embeddable":true,"href":"https:\/\/www.conselharan.org\/ca\/wp-json\/wp\/v2\/users\/2"}],"replies":[{"embeddable":true,"href":"https:\/\/www.conselharan.org\/ca\/wp-json\/wp\/v2\/comments?post=15579"}],"version-history":[{"count":1,"href":"https:\/\/www.conselharan.org\/ca\/wp-json\/wp\/v2\/posts\/15579\/revisions"}],"predecessor-version":[{"id":15580,"href":"https:\/\/www.conselharan.org\/ca\/wp-json\/wp\/v2\/posts\/15579\/revisions\/15580"}],"wp:featuredmedia":[{"embeddable":true,"href":"https:\/\/www.conselharan.org\/ca\/wp-json\/wp\/v2\/media\/15576"}],"wp:attachment":[{"href":"https:\/\/www.conselharan.org\/ca\/wp-json\/wp\/v2\/media?parent=15579"}],"wp:term":[{"taxonomy":"category","embeddable":true,"href":"https:\/\/www.conselharan.org\/ca\/wp-json\/wp\/v2\/categories?post=15579"},{"taxonomy":"post_tag","embeddable":true,"href":"https:\/\/www.conselharan.org\/ca\/wp-json\/wp\/v2\/tags?post=15579"}],"curies":[{"name":"wp","href":"https:\/\/api.w.org\/{rel}","templated":true}]}}