{"id":15706,"date":"2017-02-02T11:45:31","date_gmt":"2017-02-02T10:45:31","guid":{"rendered":"http:\/\/www.conselharan.org\/ca\/?p=15706"},"modified":"2017-02-09T12:09:18","modified_gmt":"2017-02-09T11:09:18","slug":"un-podi-pel-caei-en-el-freeride-wold-tour-junior-a-baqueira","status":"publish","type":"post","link":"https:\/\/www.conselharan.org\/ca\/un-podi-pel-caei-en-el-freeride-wold-tour-junior-a-baqueira\/","title":{"rendered":"Un podi pel CAEI en el Freeride Wold Tour Junior a Baqueira"},"content":{"rendered":"<p><img loading=\"lazy\" decoding=\"async\" class=\"aligncenter size-full wp-image-15704\" src=\"http:\/\/www.conselharan.org\/wp-content\/uploads\/2017\/02\/FRWTJ.jpg\" alt=\"FRWTJ\" width=\"836\" height=\"620\" srcset=\"https:\/\/www.conselharan.org\/wp-content\/uploads\/2017\/02\/FRWTJ.jpg 836w, https:\/\/www.conselharan.org\/wp-content\/uploads\/2017\/02\/FRWTJ-300x222.jpg 300w, https:\/\/www.conselharan.org\/wp-content\/uploads\/2017\/02\/FRWTJ-768x570.jpg 768w\" sizes=\"(max-width: 836px) 100vw, 836px\" \/><\/p>\n<p>&nbsp;<\/p>\n<p>El snowboarder del Club Aran\u00e9s Esp\u00f2rts d\u2019Iu\u00e8rn (CAEI), <strong>Oriol Filella<\/strong>, va aconseguir una segona posici\u00f3 en la primera de les quatre proves que formen el Freeride World Tour Junior i que es va celebrar a Baqueira el cap de setmana passat.<\/p>\n<p>Filella va participar al costat dels seus companys d&#8217;equip,<strong> Guilhem Berini<\/strong> i <strong>Iker Vidal<\/strong>.<\/p>\n<p>A l&#8217;esdeveniment van acudir snowboarders de diferents nacionalitats, francesos, canadencs, espanyols i andorrans; aix\u00f2 va donar un punt de major qualitat a la competici\u00f3 incrementant la competitivitat entre els riders.<\/p>\n<p>Durant el dia anterior a la prova vam poder realitzar un cl\u00ednic general sobre seguretat en terreny d&#8217;allaus a m\u00e9s d&#8217;unes pr\u00e0ctiques a la zona d&#8217;Orri de maneig de sonda, pala i A.R.V.A.<\/p>\n<p>Dissabte, 28 de gener, la falta de visibilitat no ens va permetre realitzar el reconeixement en les millors condicions per\u00f2 gr\u00e0cies als pins del sector del Saumet i el relleu que ens ofereix el seu bosc, es va aconseguir recon\u00e8ixer la cara on es disputaria la competici\u00f3 l&#8217;endem\u00e0.<\/p>\n<p>El diumenge, 29 de gener, va clarejar amb un sol radiant, que ens va facilitar realitzar les rondes durant tot el dia en perfectes condicions.<\/p>\n<p>Els escassos 20 cm de neu registrats durant les 24 hores anteriors a la competici\u00f3, van maquillar l&#8217;escenari i van deixar unes condicions m\u00e9s que acceptables en el sector de Saumet tan castigat pr\u00e8viament pel vent.<\/p>\n<p>Els tres raiders j\u00faniors de la <strong>secci\u00f3 de Snowboard del CAEI<\/strong> van realitzar bones l\u00ednies en la seva primera participaci\u00f3 en una prova del Freeride World Tour Junior.<\/p>\n<p>Guilhem Berini i Iker Vidal van despertar l&#8217;atenci\u00f3 entre el p\u00fablic en les seves l\u00ednies, apostant per descensos amb comprom\u00eds dins del sector, encara que finalment ambdues caigudes van impedir la pujada al podi.<\/p>\n<p>Oriol Filella va encadenar una l\u00ednia amb molta flu\u00efdesa, control i velocitat, incloent elements d&#8217;aire com ollies i salts que van estar a punt de portar-lo a la vict\u00f2ria.<\/p>\n<p>&nbsp;<\/p>\n<p>&nbsp;<\/p>\n<p>&nbsp;<\/p>\n<p>&nbsp;<\/p>\n<p>Vielha, 2 de febrer de 2017<\/p>\n<p>&nbsp;<\/p>\n<p><em>Conselh Generau d&#8217;Aran: N\u00faria Sanjuan<\/em><\/p>\n<p><em>Font i fotos: CAEI<\/em><\/p>\n ","protected":false},"excerpt":{"rendered":"<p>&nbsp; El snowboarder del Club Aran\u00e9s Esp\u00f2rts d\u2019Iu\u00e8rn (CAEI), Oriol Filella, va aconseguir una segona posici\u00f3 en la primera de les quatre proves que formen el Freeride World Tour Junior i que es va celebrar a Baqueira el cap de setmana passat. Filella va participar al costat dels seus companys d&#8217;equip, Guilhem Berini i Iker&#8230;<\/p>\n","protected":false},"author":2,"featured_media":15704,"comment_status":"closed","ping_status":"closed","sticky":false,"template":"","format":"standard","meta":{"footnotes":""},"categories":[136,33],"tags":[],"_links":{"self":[{"href":"https:\/\/www.conselharan.org\/ca\/wp-json\/wp\/v2\/posts\/15706"}],"collection":[{"href":"https:\/\/www.conselharan.org\/ca\/wp-json\/wp\/v2\/posts"}],"about":[{"href":"https:\/\/www.conselharan.org\/ca\/wp-json\/wp\/v2\/types\/post"}],"author":[{"embeddable":true,"href":"https:\/\/www.conselharan.org\/ca\/wp-json\/wp\/v2\/users\/2"}],"replies":[{"embeddable":true,"href":"https:\/\/www.conselharan.org\/ca\/wp-json\/wp\/v2\/comments?post=15706"}],"version-history":[{"count":1,"href":"https:\/\/www.conselharan.org\/ca\/wp-json\/wp\/v2\/posts\/15706\/revisions"}],"predecessor-version":[{"id":15707,"href":"https:\/\/www.conselharan.org\/ca\/wp-json\/wp\/v2\/posts\/15706\/revisions\/15707"}],"wp:featuredmedia":[{"embeddable":true,"href":"https:\/\/www.conselharan.org\/ca\/wp-json\/wp\/v2\/media\/15704"}],"wp:attachment":[{"href":"https:\/\/www.conselharan.org\/ca\/wp-json\/wp\/v2\/media?parent=15706"}],"wp:term":[{"taxonomy":"category","embeddable":true,"href":"https:\/\/www.conselharan.org\/ca\/wp-json\/wp\/v2\/categories?post=15706"},{"taxonomy":"post_tag","embeddable":true,"href":"https:\/\/www.conselharan.org\/ca\/wp-json\/wp\/v2\/tags?post=15706"}],"curies":[{"name":"wp","href":"https:\/\/api.w.org\/{rel}","templated":true}]}}