{"id":15714,"date":"2017-02-02T14:07:53","date_gmt":"2017-02-02T13:07:53","guid":{"rendered":"http:\/\/www.conselharan.org\/ca\/?p=15714"},"modified":"2017-02-02T14:07:53","modified_gmt":"2017-02-02T13:07:53","slug":"exposicio-llums-i-fins-l1-dabril","status":"publish","type":"post","link":"https:\/\/www.conselharan.org\/ca\/exposicio-llums-i-fins-l1-dabril\/","title":{"rendered":"Exposici\u00f3 &#8220;Llums i + &#8221; fins l&#8217;1 d&#8217;abril"},"content":{"rendered":"<p><img loading=\"lazy\" decoding=\"async\" class=\"aligncenter size-full wp-image-15715\" src=\"http:\/\/www.conselharan.org\/wp-content\/uploads\/2017\/02\/Lums-e-1-1.jpg\" alt=\"Lums e +\" width=\"679\" height=\"960\" srcset=\"https:\/\/www.conselharan.org\/wp-content\/uploads\/2017\/02\/Lums-e-1-1.jpg 679w, https:\/\/www.conselharan.org\/wp-content\/uploads\/2017\/02\/Lums-e-1-1-212x300.jpg 212w\" sizes=\"(max-width: 679px) 100vw, 679px\" \/><\/p>\n<p>&nbsp;<\/p>\n<p>Dem\u00e0 <strong>divendres, 3 de febrer, a les 19h00 l&#8217;esgl\u00e9sia de Sant Joan d&#8217;Arties<\/strong> acollir\u00e0 la inauguraci\u00f3 de l&#8217;exposici\u00f3 <strong>&#8220;Llums i +&#8221;<\/strong> dels artistes: Amaya Echazarra i Inma Llaurador (Madera, papel o tijera).<\/p>\n<p>L&#8217;acte comptar\u00e0 amb la pres\u00e8ncia del sindic d&#8217;Aran, <strong>Carlos Barrera<\/strong>.<\/p>\n<p>&nbsp;<\/p>\n<p>&nbsp;<\/p>\n<p>&nbsp;<\/p>\n<p>Vielha, 2 de febrer de 2017<\/p>\n<p>&nbsp;<\/p>\n<p><em>Conselh Generau d&#8217;Aran: N\u00faria Sanjuan<\/em><\/p>\n ","protected":false},"excerpt":{"rendered":"<p>&nbsp; Dem\u00e0 divendres, 3 de febrer, a les 19h00 l&#8217;esgl\u00e9sia de Sant Joan d&#8217;Arties acollir\u00e0 la inauguraci\u00f3 de l&#8217;exposici\u00f3 &#8220;Llums i +&#8221; dels artistes: Amaya Echazarra i Inma Llaurador (Madera, papel o tijera). L&#8217;acte comptar\u00e0 amb la pres\u00e8ncia del sindic d&#8217;Aran, Carlos Barrera. &nbsp; &nbsp; &nbsp; Vielha, 2 de febrer de 2017 &nbsp; Conselh Generau&#8230;<\/p>\n","protected":false},"author":2,"featured_media":15715,"comment_status":"closed","ping_status":"closed","sticky":false,"template":"","format":"standard","meta":{"footnotes":""},"categories":[33],"tags":[],"_links":{"self":[{"href":"https:\/\/www.conselharan.org\/ca\/wp-json\/wp\/v2\/posts\/15714"}],"collection":[{"href":"https:\/\/www.conselharan.org\/ca\/wp-json\/wp\/v2\/posts"}],"about":[{"href":"https:\/\/www.conselharan.org\/ca\/wp-json\/wp\/v2\/types\/post"}],"author":[{"embeddable":true,"href":"https:\/\/www.conselharan.org\/ca\/wp-json\/wp\/v2\/users\/2"}],"replies":[{"embeddable":true,"href":"https:\/\/www.conselharan.org\/ca\/wp-json\/wp\/v2\/comments?post=15714"}],"version-history":[{"count":1,"href":"https:\/\/www.conselharan.org\/ca\/wp-json\/wp\/v2\/posts\/15714\/revisions"}],"predecessor-version":[{"id":15716,"href":"https:\/\/www.conselharan.org\/ca\/wp-json\/wp\/v2\/posts\/15714\/revisions\/15716"}],"wp:featuredmedia":[{"embeddable":true,"href":"https:\/\/www.conselharan.org\/ca\/wp-json\/wp\/v2\/media\/15715"}],"wp:attachment":[{"href":"https:\/\/www.conselharan.org\/ca\/wp-json\/wp\/v2\/media?parent=15714"}],"wp:term":[{"taxonomy":"category","embeddable":true,"href":"https:\/\/www.conselharan.org\/ca\/wp-json\/wp\/v2\/categories?post=15714"},{"taxonomy":"post_tag","embeddable":true,"href":"https:\/\/www.conselharan.org\/ca\/wp-json\/wp\/v2\/tags?post=15714"}],"curies":[{"name":"wp","href":"https:\/\/api.w.org\/{rel}","templated":true}]}}