{"id":15731,"date":"2017-03-14T08:30:28","date_gmt":"2017-03-14T07:30:28","guid":{"rendered":"http:\/\/www.conselharan.org\/ca\/?p=15731"},"modified":"2017-03-14T11:33:58","modified_gmt":"2017-03-14T10:33:58","slug":"v-exposicio-col%e2%80%a2lectiva-dartistes-daran-david-beso","status":"publish","type":"post","link":"https:\/\/www.conselharan.org\/ca\/v-exposicio-col%e2%80%a2lectiva-dartistes-daran-david-beso\/","title":{"rendered":"V Exposici\u00f3 Col\u2022lectiva d&#8217;Artistes d&#8217;Aran- David Beso"},"content":{"rendered":"<p><strong>\u2022 Bases per la participaci\u00f3 en la V Exposici\u00f3 Col\u2022lectiva d\u2019Artistes d\u2019Aran 2017- David Beso. Sant Joan d&#8217;Arties.<\/strong><\/p>\n<p><strong>\u2022 Les persones interessades en participar en aquesta convocat\u00f2ria han de presentar la sol\u2022licitud abans del 15 de maig del 2017 en el registre del Conselh Generau d&#8217;Aran.<\/strong><\/p>\n<p><strong>\u2022 L&#8217;exposici\u00f3 es podr\u00e0 veure de l\u20191 de juliol al 24 d&#8217;agost de 2017.<\/strong><\/p>\n<p>&nbsp;<\/p>\n<p><img loading=\"lazy\" decoding=\"async\" class=\"aligncenter size-large wp-image-15721\" src=\"http:\/\/www.conselharan.org\/wp-content\/uploads\/2017\/02\/expo-collectiva-724x1024.jpg\" alt=\"expo collectiva\" width=\"724\" height=\"1024\" srcset=\"https:\/\/www.conselharan.org\/wp-content\/uploads\/2017\/02\/expo-collectiva-724x1024.jpg 724w, https:\/\/www.conselharan.org\/wp-content\/uploads\/2017\/02\/expo-collectiva-212x300.jpg 212w, https:\/\/www.conselharan.org\/wp-content\/uploads\/2017\/02\/expo-collectiva-768x1086.jpg 768w\" sizes=\"(max-width: 724px) 100vw, 724px\" \/><\/p>\n<p>&nbsp;<\/p>\n<p>&nbsp;<\/p>\n<p><strong>M\u00e9s informaci\u00f3 i bases per la participaci\u00f3:\u00a0<a href=\"http:\/\/www.conselharan.org\/wp-content\/uploads\/2017\/02\/Bases-expocollectiva2017.pdf\">Bases expocollectiva2017<\/a><\/strong><\/p>\n<p>&nbsp;<\/p>\n<p>&nbsp;<\/p>\n<p>&nbsp;<\/p>\n<p>&nbsp;<\/p>\n<p>&nbsp;<\/p>\n<p>Vielha, 3 de febrer de 2017<\/p>\n<p>&nbsp;<\/p>\n<p><em>Conselh Generau d&#8217;Aran: N\u00faria Sanjuan<\/em><\/p>\n ","protected":false},"excerpt":{"rendered":"<p>\u2022 Bases per la participaci\u00f3 en la V Exposici\u00f3 Col\u2022lectiva d\u2019Artistes d\u2019Aran 2017- David Beso. Sant Joan d&#8217;Arties. \u2022 Les persones interessades en participar en aquesta convocat\u00f2ria han de presentar la sol\u2022licitud abans del 15 de maig del 2017 en el registre del Conselh Generau d&#8217;Aran. \u2022 L&#8217;exposici\u00f3 es podr\u00e0 veure de l\u20191 de juliol&#8230;<\/p>\n","protected":false},"author":2,"featured_media":15721,"comment_status":"closed","ping_status":"closed","sticky":false,"template":"","format":"standard","meta":{"footnotes":""},"categories":[33],"tags":[],"_links":{"self":[{"href":"https:\/\/www.conselharan.org\/ca\/wp-json\/wp\/v2\/posts\/15731"}],"collection":[{"href":"https:\/\/www.conselharan.org\/ca\/wp-json\/wp\/v2\/posts"}],"about":[{"href":"https:\/\/www.conselharan.org\/ca\/wp-json\/wp\/v2\/types\/post"}],"author":[{"embeddable":true,"href":"https:\/\/www.conselharan.org\/ca\/wp-json\/wp\/v2\/users\/2"}],"replies":[{"embeddable":true,"href":"https:\/\/www.conselharan.org\/ca\/wp-json\/wp\/v2\/comments?post=15731"}],"version-history":[{"count":2,"href":"https:\/\/www.conselharan.org\/ca\/wp-json\/wp\/v2\/posts\/15731\/revisions"}],"predecessor-version":[{"id":15745,"href":"https:\/\/www.conselharan.org\/ca\/wp-json\/wp\/v2\/posts\/15731\/revisions\/15745"}],"wp:featuredmedia":[{"embeddable":true,"href":"https:\/\/www.conselharan.org\/ca\/wp-json\/wp\/v2\/media\/15721"}],"wp:attachment":[{"href":"https:\/\/www.conselharan.org\/ca\/wp-json\/wp\/v2\/media?parent=15731"}],"wp:term":[{"taxonomy":"category","embeddable":true,"href":"https:\/\/www.conselharan.org\/ca\/wp-json\/wp\/v2\/categories?post=15731"},{"taxonomy":"post_tag","embeddable":true,"href":"https:\/\/www.conselharan.org\/ca\/wp-json\/wp\/v2\/tags?post=15731"}],"curies":[{"name":"wp","href":"https:\/\/api.w.org\/{rel}","templated":true}]}}