{"id":15739,"date":"2017-02-03T14:52:40","date_gmt":"2017-02-03T13:52:40","guid":{"rendered":"http:\/\/www.conselharan.org\/ca\/?p=15739"},"modified":"2017-02-09T12:09:11","modified_gmt":"2017-02-09T11:09:11","slug":"mes-de-700-inscrits-on-line-a-la-38a-marxa-beret","status":"publish","type":"post","link":"https:\/\/www.conselharan.org\/ca\/mes-de-700-inscrits-on-line-a-la-38a-marxa-beret\/","title":{"rendered":"M\u00e9s de 700 inscrits on-line a la 38a Marxa Beret"},"content":{"rendered":"<p>\u2022 <strong>Ahir es van tancar les inscripcions on-line per la Marxa Beret d\u2019enguany que es celebrar\u00e0 aquest diumenge 5 de febrer. El 30% dels inscrits s\u00f3n estrangers, principalment dels pa\u00efsos n\u00f2rdics.<\/strong><\/p>\n<p>&nbsp;<\/p>\n<p><img loading=\"lazy\" decoding=\"async\" class=\"aligncenter size-large wp-image-15351\" src=\"http:\/\/www.conselharan.org\/wp-content\/uploads\/2017\/01\/37au-MARXA-BERET-GESSUDA1-1024x683.jpg\" alt=\"37au MARXA BERET-GESSUDA1\" width=\"1024\" height=\"683\" srcset=\"https:\/\/www.conselharan.org\/wp-content\/uploads\/2017\/01\/37au-MARXA-BERET-GESSUDA1-1024x683.jpg 1024w, https:\/\/www.conselharan.org\/wp-content\/uploads\/2017\/01\/37au-MARXA-BERET-GESSUDA1-300x200.jpg 300w, https:\/\/www.conselharan.org\/wp-content\/uploads\/2017\/01\/37au-MARXA-BERET-GESSUDA1-768x512.jpg 768w\" sizes=\"(max-width: 1024px) 100vw, 1024px\" \/><\/p>\n<p>Aquest cap de setmana, 4 i 5 de febrer, l&#8217;estaci\u00f3 aranesa, Baqueira Beret, acollir\u00e0 la 38a Marxa Beret que segueix en el calendari del Circuit de Llargues Dist\u00e0ncies Populars de la Federaci\u00f3 Internacional d&#8217;Esqu\u00ed (ML) de la Federaci\u00f3 internacional d&#8217;Esqu\u00ed (FIS) i per primera vegada ha entrat en a formar part de la Copa Espanya del calendari de la Reial Federaci\u00f3 Espanyola Esports d&#8217;Hivern (RFEDI).<\/p>\n<p>Ahir dijous, 2 de febrer, es van tancar les inscripcions on-line amb m\u00e9s de 700 corredors inscrits dels quals un 30% s\u00f3n estrangers, la majoria procedents dels pa\u00efsos n\u00f2rdics. Enguany s\u2019espera arribar a la xifra dels 1200 fondistes com la passada temporada quan la Marxa va ser Campionat Europeu de Maratons d&#8217;esqu\u00ed de fons Euroloppet.<\/p>\n<p>Aquest any, la Marxa vol consolidar aquest esdeveniment per a esportistes d&#8217;alt nivell, per\u00f2 tamb\u00e9 populars, tant nacionals com europeus, i tamb\u00e9 per a fam\u00edlies que volen gaudir d&#8217;aquesta festa de l&#8217;esqu\u00ed de fons ja que tamb\u00e9 hi ha inscripci\u00f3 sense llic\u00e8ncia de corredor.<\/p>\n<p>En paraules de la conselh\u00e8ra de Turisme i Desenvolupament Econ\u00f2mic d\u2019Aran,<strong>\u00a0Anna D\u00edaz: \u201cLa Marxa Beret ens ajuda a internacionalitzar el turisme i promociona altres disciplines als esports de neu\u201d.<\/strong><\/p>\n<p>&nbsp;<\/p>\n<p><img loading=\"lazy\" decoding=\"async\" class=\"aligncenter size-full wp-image-15736\" src=\"http:\/\/www.conselharan.org\/wp-content\/uploads\/2017\/02\/volentaris-Marxa-Beret.jpg\" alt=\"volentaris Marxa Beret\" width=\"960\" height=\"576\" srcset=\"https:\/\/www.conselharan.org\/wp-content\/uploads\/2017\/02\/volentaris-Marxa-Beret.jpg 960w, https:\/\/www.conselharan.org\/wp-content\/uploads\/2017\/02\/volentaris-Marxa-Beret-300x180.jpg 300w, https:\/\/www.conselharan.org\/wp-content\/uploads\/2017\/02\/volentaris-Marxa-Beret-768x461.jpg 768w\" sizes=\"(max-width: 960px) 100vw, 960px\" \/><\/p>\n<p><em> \u00a0Foto: Volentaris d&#8217;Aran<\/em><\/p>\n<p>&nbsp;<\/p>\n<p>Per la seva part, el vicesindic d\u2019Aran i director de la Marxa Beret, <strong>Luis Carlos Medina, ha destacat la feina de tots els col\u2022laboradors que fan possible la Marxa Beret i en especial als Voluntaris d\u2019Aran, a l\u2019IES d\u2019Aran, que aporta alumnes dels cicles formatius per als controls t\u00e8cnics del circuit i a Era Esc\u00f2la.<\/strong><\/p>\n<p>Alguns dels esportistes de m\u00e9s nivell que estaran presents seran, en categoria U18, Paula Mart\u00ednez (CENA) i Gral Sell\u00e9s (Club Bellver) i, en categoria U16, la aranesa, <strong>Maria Iglesias (ANEC)<\/strong> i Maria Sell\u00e9s, (Club Bellver). Tots ells del programa FutuRFEDI per al desenvolupament de la tecnificaci\u00f3 dels esportistes m\u00e9s joves juntament amb les federacions territorials i els seus clubs.<\/p>\n<p>El<strong> dissabte 4 de febrer, a les 16:00h, se celebrar\u00e0 la prova de skating Sprint Salomon a la zona del p\u00e0rquing de la C-28 d\u2019Arties<\/strong> com a prova d&#8217;exhibici\u00f3 en qu\u00e8 s&#8217;espera un tra\u00e7at amb moltes sorpreses i m\u00e9s emoci\u00f3.<\/p>\n<p><strong>Diumenge 5 de febrer es disputar\u00e0 la 38a Marxa Beret,<\/strong> amb un circuit de 10 km a la zona de Beret i Orri; el de 21 km a la zona de Beret, Orri i Montgarri i finalment el circuit de 42 km en zona Beret, Orri, Montgarri i direcci\u00f3 Marimanha gr\u00e0cies a la quantitat de neu de qu\u00e8 disposa l&#8217;estaci\u00f3.<\/p>\n<p>La Marxa Beret \u00e9s una de les proves d&#8217;esqu\u00ed n\u00f2rdic m\u00e9s consolidades que es realitzen en el territori nacional, i cada any compta amb un nombr\u00f3s nombre de participants que no es volen perdre la cita. Amb un Pla de Beret completament tenyit de blanc gr\u00e0cies a les intenses nevades que estan cobrint la pen\u00ednsula.<\/p>\n<p>La Marxa Beret est\u00e0 <strong>organitzada pel Conselh Generau d&#8217;Aran, Baqueira Beret i l&#8217;ajuntament de Naut Aran. Compta amb la col\u2022laboraci\u00f3 de: Associaci\u00f3 Volentaris d&#8217;Aran, Foment Torisme Val d&#8217;Aran, Diputaci\u00f3 de Lleida, Pompi\u00e8rs d&#8217;Aran, Aran Salut, Mossos d&#8217;Esquadra, INS d&#8217;Aran, a m\u00e9s de la Reial Federaci\u00f3 Espanyola Esports d&#8217;Hivern (RFEDI), la Federaci\u00f3 Catalana d&#8217;Esports d&#8217;Hivern (FCEH) i els diferents patrocinadors.<\/strong><\/p>\n<p>Per consolidar la com la gran festa de l&#8217;esqu\u00ed n\u00f2rdic, el Conselh i Baqueira Beret han proposat una s\u00e8rie d&#8217;activitats paral\u2022leles a la Marxa Beret perqu\u00e8 tots els participants gaudeixin d&#8217;un agradable i complet cap de setmana.<\/p>\n<p>&nbsp;<\/p>\n<ul>\n<li><strong>Programa del cap de setmana<\/strong><\/li>\n<\/ul>\n<p><strong>Dissabte 4 febrer 2017:<\/strong><\/p>\n<p>Se celebrar\u00e0 una demostraci\u00f3 en la modalitat lliure (patinador) de l&#8217;espectacular Sprint Salomon. Aquesta prova, que es desenvolupar\u00e0 a la poblaci\u00f3 d&#8217;Arties amb una dist\u00e0ncia de 1,5 quil\u00f2metres, tindr\u00e0 la sortida a les 16:00 hores.<\/p>\n<p>La participaci\u00f3 estar\u00e0 limitada a 32 homes i 16 dones. El repartiment de premis es far\u00e0 el mateix dissabte a la casa d&#8217;Acollida a les 19h00, abans de la presentaci\u00f3 de la 38a Marxa Beret.<\/p>\n<p><strong>Diumenge 5 febrer 2017:<\/strong><\/p>\n<p>38a Marxa Beret a partir de les 10h00 del mat\u00ed. Es realitzar\u00e0 al Pla de Beret, als tra\u00e7ats de 42, 21 i 10 Km amb una sortida simult\u00e0nia. \u00danicament es permetr\u00e0 la t\u00e8cnica cl\u00e0ssica.<\/p>\n<p>Podran participar en les dues dist\u00e0ncies llargues els homes i dones nascuts l&#8217;any 1999 i anteriors. La prova de 10 km. Es considera promocional i per tant est\u00e0 oberta a tothom. A les 13:30 es realitzar\u00e0 el repartiment de premis en el mateix circuit amb la cerim\u00f2nia de cloenda a les 14h00.<\/p>\n<p>&nbsp;<\/p>\n<p><strong>Inscripcions presencials<\/strong><\/p>\n<p>En persona al Poliesportiu de Salard\u00fa (Casa d&#8217;Acollida) el dissabte, 4 de febrer, on a m\u00e9s s&#8217;haur\u00e0 de presentar la documentaci\u00f3 corresponent i recollir el dorsal i els obsequis.<\/p>\n<p>&nbsp;<\/p>\n<p>M\u00e9s informaci\u00f3:<a href=\"http:\/\/www.marxaberet.com\" target=\"_blank\"> www.marxaberet.com<\/a><\/p>\n<p>&nbsp;<\/p>\n<p>&nbsp;<\/p>\n<p>&nbsp;<\/p>\n<p>Vielha, 3 de febrer de 2017<\/p>\n<p>&nbsp;<\/p>\n<p><em>Conselh Generau d&#8217;Aran: N\u00faria Sanjuan \u00a0<\/em><\/p>\n ","protected":false},"excerpt":{"rendered":"<p>\u2022 Ahir es van tancar les inscripcions on-line per la Marxa Beret d\u2019enguany que es celebrar\u00e0 aquest diumenge 5 de febrer. El 30% dels inscrits s\u00f3n estrangers, principalment dels pa\u00efsos n\u00f2rdics. &nbsp; Aquest cap de setmana, 4 i 5 de febrer, l&#8217;estaci\u00f3 aranesa, Baqueira Beret, acollir\u00e0 la 38a Marxa Beret que segueix en el calendari&#8230;<\/p>\n","protected":false},"author":2,"featured_media":15736,"comment_status":"closed","ping_status":"closed","sticky":false,"template":"","format":"standard","meta":{"footnotes":""},"categories":[136,33],"tags":[],"_links":{"self":[{"href":"https:\/\/www.conselharan.org\/ca\/wp-json\/wp\/v2\/posts\/15739"}],"collection":[{"href":"https:\/\/www.conselharan.org\/ca\/wp-json\/wp\/v2\/posts"}],"about":[{"href":"https:\/\/www.conselharan.org\/ca\/wp-json\/wp\/v2\/types\/post"}],"author":[{"embeddable":true,"href":"https:\/\/www.conselharan.org\/ca\/wp-json\/wp\/v2\/users\/2"}],"replies":[{"embeddable":true,"href":"https:\/\/www.conselharan.org\/ca\/wp-json\/wp\/v2\/comments?post=15739"}],"version-history":[{"count":1,"href":"https:\/\/www.conselharan.org\/ca\/wp-json\/wp\/v2\/posts\/15739\/revisions"}],"predecessor-version":[{"id":15740,"href":"https:\/\/www.conselharan.org\/ca\/wp-json\/wp\/v2\/posts\/15739\/revisions\/15740"}],"wp:featuredmedia":[{"embeddable":true,"href":"https:\/\/www.conselharan.org\/ca\/wp-json\/wp\/v2\/media\/15736"}],"wp:attachment":[{"href":"https:\/\/www.conselharan.org\/ca\/wp-json\/wp\/v2\/media?parent=15739"}],"wp:term":[{"taxonomy":"category","embeddable":true,"href":"https:\/\/www.conselharan.org\/ca\/wp-json\/wp\/v2\/categories?post=15739"},{"taxonomy":"post_tag","embeddable":true,"href":"https:\/\/www.conselharan.org\/ca\/wp-json\/wp\/v2\/tags?post=15739"}],"curies":[{"name":"wp","href":"https:\/\/api.w.org\/{rel}","templated":true}]}}