{"id":15921,"date":"2017-02-10T15:22:20","date_gmt":"2017-02-10T14:22:20","guid":{"rendered":"http:\/\/www.conselharan.org\/ca\/?p=15921"},"modified":"2017-02-10T15:26:19","modified_gmt":"2017-02-10T14:26:19","slug":"el-govern-daran-aconsegueix-que-telefonica-desplegui-en-una-primera-fase-la-fibra-optica-a-vielha","status":"publish","type":"post","link":"https:\/\/www.conselharan.org\/ca\/el-govern-daran-aconsegueix-que-telefonica-desplegui-en-una-primera-fase-la-fibra-optica-a-vielha\/","title":{"rendered":"El Gov\u00e8rn d\u2019Aran aconsegueix que Telef\u00f3nica desplegui en una primera fase la fibra \u00f2ptica a Vielha"},"content":{"rendered":"<p>Vielha, 10 de febrer de 2017.- Telef\u00f3nica ha acordat el desplegament de la fibra \u00f2ptica en una primera fase al nucli de Vielha, durant els primers mesos de 2017 i fer-la extensible a tota la Val d\u2019Aran progressivament, durant el 2017 2018<\/p>\n<p><a href=\"http:\/\/www.conselharan.org\/wp-content\/uploads\/2017\/02\/file-1.jpeg\"><img loading=\"lazy\" decoding=\"async\" class=\"aligncenter size-large wp-image-15919\" src=\"http:\/\/www.conselharan.org\/wp-content\/uploads\/2017\/02\/file-1-1024x768.jpeg\" alt=\"file\" width=\"1024\" height=\"768\" srcset=\"https:\/\/www.conselharan.org\/wp-content\/uploads\/2017\/02\/file-1-1024x768.jpeg 1024w, https:\/\/www.conselharan.org\/wp-content\/uploads\/2017\/02\/file-1-300x225.jpeg 300w, https:\/\/www.conselharan.org\/wp-content\/uploads\/2017\/02\/file-1-768x576.jpeg 768w, https:\/\/www.conselharan.org\/wp-content\/uploads\/2017\/02\/file-1.jpeg 1600w\" sizes=\"(max-width: 1024px) 100vw, 1024px\" \/><\/a><\/p>\n<p>El Gov\u00e8rn d\u2019Aran ha mantingut els darrers mesos diverses reunions amb responsables de la companyia Telef\u00f2nica a Catalunya, per tal de dotar d\u2019aquest servei a la Val d\u2019Aran.<\/p>\n<p>Despr\u00e8s de diversos episodis de talls continuats en les l\u00ednies de connexi\u00f3 de veu i dades a trav\u00e9s de les l\u00ednies operatives, Telef\u00f3nica va donar compte als membres del Gov\u00e8rn d\u2019Aran que s\u2019havia procedit a\u00a0 la instal\u00b7laci\u00f3 d\u2019una altra sortida de transmissi\u00f3 de dades i de telefonia m\u00f2bil per a la Val d\u2019Aran, en connexi\u00f3 amb el Pallars, per evitar els col\u00b7lapses que ha patit la Vall d\u2019Aran els \u00faltims anys.<\/p>\n<p>Un altra de les demanes del Gov\u00e8rn d\u2019Aran, ha estat que la companyia Telef\u00f3nica garanteixi el bon funcionament del servei als municipis del Baish Aran per tal d\u2019evitar els talls de servei\u00a0 que han afectat a aquesta zona, els \u00faltims anys, tant en telefonia fixa, m\u00f2bil i de dades. Per aquest motiu , Telef\u00f3nica esta procedint a realitzar millores en aquesta part de la vall, que garanteixin amb molta m\u00e9s seguritat la continu\u00eftat del servei.<\/p>\n<p>D\u2019altra banda, la companyia Telef\u00f3nica, ha desplegat la cobertura m\u00f2bil 4G a totes les poblacions de la Val d\u2019Aran.<\/p>\n<p>El Gov\u00e8rn d\u2019Aran, ha destacat la import\u00e0ncia que en defensa dels interessos de les empreses i establiments de la Val d\u2019Aran, significa el fet de poder establir acords satisfactoris amb les empreses subministradores de serveis com \u00e9s el cas de Telef\u00f2nica.<\/p>\n<p><strong>Carlos Barrera<\/strong>, ha assenyalat que la tasca de seguiment que s\u2019ha fet des de el Gov\u00e8rn d\u2019Aran i la bona receptivitat per part de Telef\u00f2nica , permetr\u00e0 que el servei de fibra \u00f2ptica es desplegui gradualment a tota la Val d\u2019Aran amb una velocitat de 300 Megues a preu normal, el que afavorir\u00e0 la competitivitat de les empreses araneses i la millora de les comunicacions de la resta de la poblaci\u00f3.<\/p>\n<p>&nbsp;<\/p>\n ","protected":false},"excerpt":{"rendered":"<p>Vielha, 10 de febrer de 2017.- Telef\u00f3nica ha acordat el desplegament de la fibra \u00f2ptica en una primera fase al nucli de Vielha, durant els primers mesos de 2017 i fer-la extensible a tota la Val d\u2019Aran progressivament, durant el 2017 2018 El Gov\u00e8rn d\u2019Aran ha mantingut els darrers mesos diverses reunions amb responsables de&#8230;<\/p>\n","protected":false},"author":2,"featured_media":15919,"comment_status":"closed","ping_status":"closed","sticky":false,"template":"","format":"standard","meta":{"footnotes":""},"categories":[53,36],"tags":[],"_links":{"self":[{"href":"https:\/\/www.conselharan.org\/ca\/wp-json\/wp\/v2\/posts\/15921"}],"collection":[{"href":"https:\/\/www.conselharan.org\/ca\/wp-json\/wp\/v2\/posts"}],"about":[{"href":"https:\/\/www.conselharan.org\/ca\/wp-json\/wp\/v2\/types\/post"}],"author":[{"embeddable":true,"href":"https:\/\/www.conselharan.org\/ca\/wp-json\/wp\/v2\/users\/2"}],"replies":[{"embeddable":true,"href":"https:\/\/www.conselharan.org\/ca\/wp-json\/wp\/v2\/comments?post=15921"}],"version-history":[{"count":3,"href":"https:\/\/www.conselharan.org\/ca\/wp-json\/wp\/v2\/posts\/15921\/revisions"}],"predecessor-version":[{"id":15926,"href":"https:\/\/www.conselharan.org\/ca\/wp-json\/wp\/v2\/posts\/15921\/revisions\/15926"}],"wp:featuredmedia":[{"embeddable":true,"href":"https:\/\/www.conselharan.org\/ca\/wp-json\/wp\/v2\/media\/15919"}],"wp:attachment":[{"href":"https:\/\/www.conselharan.org\/ca\/wp-json\/wp\/v2\/media?parent=15921"}],"wp:term":[{"taxonomy":"category","embeddable":true,"href":"https:\/\/www.conselharan.org\/ca\/wp-json\/wp\/v2\/categories?post=15921"},{"taxonomy":"post_tag","embeddable":true,"href":"https:\/\/www.conselharan.org\/ca\/wp-json\/wp\/v2\/tags?post=15921"}],"curies":[{"name":"wp","href":"https:\/\/api.w.org\/{rel}","templated":true}]}}