{"id":15941,"date":"2017-02-13T13:57:34","date_gmt":"2017-02-13T12:57:34","guid":{"rendered":"http:\/\/www.conselharan.org\/ca\/?p=15941"},"modified":"2017-02-13T13:57:34","modified_gmt":"2017-02-13T12:57:34","slug":"audi-quattro-cup-rep-a-baqueira-beret-a-336-corredors-de-35-clubs-vinguts-de-tota-espana","status":"publish","type":"post","link":"https:\/\/www.conselharan.org\/ca\/audi-quattro-cup-rep-a-baqueira-beret-a-336-corredors-de-35-clubs-vinguts-de-tota-espana\/","title":{"rendered":"Audi quattro Cup rep a Baqueira Beret a 336 corredors de 35 clubs vinguts de tota Espa\u00f1a"},"content":{"rendered":"<p><strong>L&#8217;estaci\u00f3 aranesa supera la inscripci\u00f3 de l&#8217;any passat gr\u00e0cies al gran treball dels clubs i al gran atractiu del circuit Audi quattro Cup on la festa en el Palai d\u2019Esp\u00f2rts de Vielha va ser un gran \u00e8xit d&#8217;assist\u00e8ncia.<\/strong><\/p>\n<p>&nbsp;<\/p>\n<p><strong>En aquesta tercera parada del circuit d&#8217;esqu\u00ed alp\u00ed U12\/10, inclosa al calendari RFEDI i organitzada pel Club Aran\u00e9s d\u2019Esp\u00f2rts d\u2019Iu\u00e8rn (CAEI), els esquiadors van disputar un S\u00faper-G en el Stadium de Beret en impecables condicions.<\/strong><\/p>\n<p>&nbsp;<\/p>\n<p><img loading=\"lazy\" decoding=\"async\" class=\"aligncenter size-full wp-image-15938\" src=\"http:\/\/www.conselharan.org\/wp-content\/uploads\/2017\/02\/170211-AudiquattroCup-BaqueiraBeret.jpg\" alt=\"170211-AudiquattroCup-BaqueiraBeret\" width=\"720\" height=\"480\" srcset=\"https:\/\/www.conselharan.org\/wp-content\/uploads\/2017\/02\/170211-AudiquattroCup-BaqueiraBeret.jpg 720w, https:\/\/www.conselharan.org\/wp-content\/uploads\/2017\/02\/170211-AudiquattroCup-BaqueiraBeret-300x200.jpg 300w\" sizes=\"(max-width: 720px) 100vw, 720px\" \/><\/p>\n<p>&nbsp;<\/p>\n<p>La 9a edici\u00f3 del circuit d&#8217;esqu\u00ed alp\u00ed U12\/10 Audi quattro Cup 2017, inclosa al calendari RFEDI, va arribar al seu equador a Baqueira Beret on es va celebrar la cl\u00e0ssica prova Amics de Montgarri. Un trofeu que aquest any va celebrar la seva XX edici\u00f3 i que, des de la temporada 2009\/10 ha acollit una prova Audi quattro Cup cada any i segueix acumulant experi\u00e8ncia i \u00e8xit d&#8217;organitzaci\u00f3 i participaci\u00f3, i els 21 corredors de m\u00e9s pel que fa a l&#8217;any passat ho demostren.<\/p>\n<p>Els entrenadors dels diferents equips de tot el territori, vinguts de Sierra Nevada, Arag\u00f3, Madrid i clubs de tota Catalunya, van veure als seus pupils lliscar-se per la pista del Stadium, que gr\u00e0cies a la bona qualitat la neu i el treball dels responsables de pista, va estar en tot moment en condicions id\u00f2nies per competir.<\/p>\n<p>&nbsp;<\/p>\n<p><img loading=\"lazy\" decoding=\"async\" class=\"aligncenter size-full wp-image-15937\" src=\"http:\/\/www.conselharan.org\/wp-content\/uploads\/2017\/02\/170211-Audi-quattro-Cup-Baqueira-Reconocimiento.jpg\" alt=\"170211-Audi quattro Cup-Baqueira-Reconocimiento\" width=\"720\" height=\"480\" srcset=\"https:\/\/www.conselharan.org\/wp-content\/uploads\/2017\/02\/170211-Audi-quattro-Cup-Baqueira-Reconocimiento.jpg 720w, https:\/\/www.conselharan.org\/wp-content\/uploads\/2017\/02\/170211-Audi-quattro-Cup-Baqueira-Reconocimiento-300x200.jpg 300w\" sizes=\"(max-width: 720px) 100vw, 720px\" \/><\/p>\n<p>&nbsp;<\/p>\n<p><strong>Podis per 10 clubs del territori<\/strong><\/p>\n<p>Com ja va passar a Formigal, les esquiadores U12 van ser les primeres a baixar. Paula \u00c1lvarez Gal\u00e1n, del club TECALP de la Federaci\u00f3n Madrile\u00f1a Deportes de Invierno va pujar al m\u00e9s alt del podi amb un temps total de 48.45. La van seguir Aura Coronado Mateu, del MLEC amb un temps de 48.92 i Nikole Arriola Zugaza, de l&#8217;AISC, amb un temps de 48.93, ambdues de la Federaci\u00f3 Catalana d\u2019Esports d\u2019Hivern.<\/p>\n<p>En la categoria dels homes, el podi se\u2019l van repartir tres esquiadors de tres clubs diferents. Aleix Aubert Serracanta, del Club Esportiu Terrassa de la Federaci\u00f3 Catalana d\u2019Esports d\u2019Hivern, va aconseguir, amb el millor temps de la jornada, pujar a la primera posici\u00f3 amb un total de 47.29. Li van seguir Jules Cambier, del TECALP de la Federaci\u00f3n Madrile\u00f1a Deportes de Invierno amb un temps de 48.36 i Jacobo Vidal Lemes, de l&#8217;EUROSPORT de la Federaci\u00f3n Vasca Deportes de Invierno amb un total de 49.91.<\/p>\n<p>Despr\u00e9s de la pausa entre categories, va ser el torn de les dames U10. Elena Pinuaga D\u00edaz, del club TECALP de la Federaci\u00f3n Madrile\u00f1a Deportes de Invierno, que va obtenir la segona pla\u00e7a en Formigal, es va adjudicar la primera posici\u00f3 amb un temps de 55.73. Valeria Meire Garc\u00eda- Berro del CEVA de la Federaci\u00f3 Catalana d\u2019Esports d\u2019Hivern va pujar a la segona posici\u00f3 del podi amb un temps de 56.23. Tercera va ser Claudia Vives Garc\u00eda, del MITICO, tamb\u00e9 de la Federaci\u00f3n Madrile\u00f1a Deportes de Invierno, amb un temps de 56.39.<\/p>\n<p>Van seguir els esquiadors U10, que van ser els que van tancar la jornada en el Stadium de Beret i on tamb\u00e9 va haver-hi 3 integrants de tres clubs diferents en el podi. \u00c1lvaro del Pino Caballero, del NEVADA de la Federaci\u00f3n Andaluza Deportes de Invierno, va aconseguir la primera posici\u00f3 amb un temps de 51.68. Li van seguir Pablo Hedo Morera del Copos Ski Club de la Federaci\u00f3 Catalana d\u2019Esports d\u2019Hivern amb un temps de 53.54 i Andr\u00e9s Vidal Lemes, de l&#8217;EUROSPORT de la Federaci\u00f3n Vasca Deportes de Invierno amb un total de 53.61.<\/p>\n<p>Amb l&#8217;estaci\u00f3 a ple rendiment gr\u00e0cies a les fortes nevades que van caure a principi de setmana en la cara nord dels Pirineus, el nombre de participants no va defraudar i la prova a Baqueira Beret va superar la inscripci\u00f3 de l&#8217;any passat i demostren les ganes dels clubs a formar part del circuit Audi quattro Cup, que d\u00f3na la possibilitat de competir contra clubs distribu\u00efts en totes les estacions d&#8217;esqu\u00ed de la pen\u00ednsula<\/p>\n<p>&nbsp;<\/p>\n<p><img loading=\"lazy\" decoding=\"async\" class=\"aligncenter size-full wp-image-15939\" src=\"http:\/\/www.conselharan.org\/wp-content\/uploads\/2017\/02\/170211-AudiquattroCup-Baqueira-equipos-vielha.jpg\" alt=\"170211-AudiquattroCup-Baqueira-equipos-vielha\" width=\"850\" height=\"567\" srcset=\"https:\/\/www.conselharan.org\/wp-content\/uploads\/2017\/02\/170211-AudiquattroCup-Baqueira-equipos-vielha.jpg 850w, https:\/\/www.conselharan.org\/wp-content\/uploads\/2017\/02\/170211-AudiquattroCup-Baqueira-equipos-vielha-300x200.jpg 300w, https:\/\/www.conselharan.org\/wp-content\/uploads\/2017\/02\/170211-AudiquattroCup-Baqueira-equipos-vielha-768x512.jpg 768w\" sizes=\"(max-width: 850px) 100vw, 850px\" \/><\/p>\n<p>&nbsp;<\/p>\n<p><strong>Una jornada de festa en el Village i en el Palai d\u2019Esp\u00f2rts de Vielha<\/strong><\/p>\n<p>Aquesta cita esportiva va acollir a familiars i amics, que durant el mat\u00ed van visitar el Village de meta perqu\u00e8, a primera vista, veiessin als joves corredors creuar la l\u00ednia vermella que indicava el final del cron\u00f2metre. La bona temperatura en el Pla de Beret va convertir la zona en un lloc de m\u00fasica i diversi\u00f3, on la intriga es feia esperar fins que el speaker de carrera anunciava els resultats dels corredors.<\/p>\n<p>I com en cada carrera del circuit, es va veure en els clubs un afany de gaudir de la uni\u00f3 entre competici\u00f3, aprenentatge i diversi\u00f3, valors fonamentals del circuit que promou l&#8217;esport de base per recolzar als campions del futur.<\/p>\n<p>Una vegada acabada la carrera, el XX Trofeu Amics de Montgarri es va despla\u00e7ar al Palai d\u2019Esp\u00f2rts de Vielha, on els petits van gaudir de totes les activitats. Com sempre, la consola wii, per\u00f2 aquesta vegada amb un joc d&#8217;esl\u00e0lom, va estar la m\u00e9s sol\u2022licitada. Es va habilitar una zona din\u00e0mica amb les propostes de jocs d&#8217;habilitat i una zona \u201ckids\u201d d&#8217;Audi Financial Services on els m\u00e9s petits van trobat un espai dedicat a ells en el qual van escoltar els contes hivernals.<\/p>\n<p>Educa va liderar diverses activitats amb els seus jocs did\u00e0ctics per a nens d&#8217;edats entre 2 i 8 anys i es van oferir diversos productes de degustaci\u00f3 per recuperar forces despr\u00e9s de la jornada matinal amb Caves Ferret, brou Aneto, xocolates Milka i c\u00e0tering Mas Ros.<\/p>\n<p>Es van donar les respectives medalles als campions de categoria i tamb\u00e9 es van lliurar diversos premis de la m\u00e0 de Rossignol, Briko i Baqueira Beret. A la zona tecnol\u00f2gica, els nens i nenes participants en aquesta tercera prova de la temporada d&#8217;Audi quattro Cup U12\/10 es van fer fotos davant del photocall per aix\u00ed portar-se un record d&#8217;aquest dia.<\/p>\n<p><strong>Gran dia per a l&#8217;esport base<\/strong><\/p>\n<p>May Peus Espa\u00f1a, president de la Federaci\u00f3n Espa\u00f1ola Deportes de Invierno, que en la cerim\u00f2nia de lliurament de medalles es va dirigir al p\u00fablic reafirmant \u201cla import\u00e0ncia d&#8217;aquest recolzament en la base de l&#8217;esqu\u00ed alp\u00ed per aconseguir dies com el d&#8217;avui. S&#8217;ha competit molt b\u00e9, s&#8217;han vist temps molt ajustats en la part de dalt de la classificaci\u00f3 i estem molt contents de tenir-vos a tots aquesta tarda aqu\u00ed per gaudir de la festa\u201d i, agraint a l&#8217;organitzaci\u00f3 del CAEI, del que va ser entrenador i director t\u00e8cnic, \u201cuna magn\u00edfica organitzaci\u00f3 i \u00e9s un plaer col\u2022laborar en la projecci\u00f3 de futur dels futurs esquiadors\u201d.<\/p>\n<p>Li van acompanyar David Samper, vicepresident de la Federaci\u00f3 Catalana d\u2019Esports d\u2019Hivern, que al costat de Ramon Vidal Cabir\u00f3, president del CAEI, Blanca Tasias Torras com a vicepresidenta del club, Felix Lluch, responsable de SuperWagen, Joel G\u00f3mez, director comercial de Rossignol Espa\u00f1a i Jordi Lled\u00f3, com a responsable de la f\u00e0brica Rossignol a Art\u00e9s van penjar la medalla al coll dels 12 integrants del podi. No va faltar a la cita Julia Bargall\u00f3, esquiadora RFEDI que venia de fer una gran setmana de competici\u00f3, i que es va formar en el CAEI.<\/p>\n<p><strong>Proves de conducci\u00f3 de la m\u00e0 de SuperWagen<\/strong><\/p>\n<p>Una de les activitats \u201cestrella\u201d per als adults va ser la que va dur a terme el concessionari Superwagen oficial Audi, que va oferir proves de conducci\u00f3 del nou model Audi Q5 i Q7 durant la festa.<\/p>\n<p>Gr\u00e0cies al suport que Audi i Audi Financial Services brinden a l\u2019esport base, aquestes 6 carreres s\u00f3n possibles en les estacions d&#8217;esqu\u00ed de tota la pen\u00ednsula, a m\u00e9s, la carrera es podia seguir directe a trav\u00e9s del LiveTiming habilitat per l&#8217;organitzaci\u00f3.<\/p>\n<p><strong>Calendari 2017 del circuit esqu\u00ed alp\u00ed Audi quattro Cup U12\/U10<\/strong><\/p>\n<p>&#8211; 18.02.2017 Sierra Nevada: IV Descens del Mar &#8211; Campionats d&#8217;Andalusia &#8211; FADI Andalusia<\/p>\n<p>&#8211; 04.03.2017 Alt Campoo: IV Trofeu Cant\u00e0bria &#8211; FCDI<\/p>\n<p>&#8211; 11.03.2017 Cerler: XXII Trofeu \u201cEl Pitarroy\u201d &#8211; Club Cerler Aneto I.C.- FADI Arag\u00f3<\/p>\n<p>&nbsp;<\/p>\n<p><strong>Descarrega el compactat d&#8217;imatges per TV de la carrera a Baqueira Beret a trav\u00e9s d&#8217;aquest enlla\u00e7: <a href=\"http:\/\/bit.ly\/2lyFXMz\" target=\"_blank\">http:\/\/bit.ly\/2lyFXMz<\/a><\/strong><\/p>\n<p>&nbsp;<\/p>\n<p>&nbsp;<\/p>\n<p>&nbsp;<\/p>\n<p>&nbsp;<\/p>\n<p>Vielha, 13 de febrer de 2017<\/p>\n<p>&nbsp;<\/p>\n<p><em>Conselh Generau d&#8217;Aran: N\u00faria Sanjuan<\/em><\/p>\n<p><em>Font:\u00a0Carlos Labori\/ Comunicaci\u00f3 Audi quattro Cup<\/em><\/p>\n<p><em>Cr\u00e8dit de fotos: FotoTur <a href=\"http:\/\/www.fototur.net\" target=\"_blank\">www.fototur.net<\/a><\/em><\/p>\n<p>&nbsp;<\/p>\n ","protected":false},"excerpt":{"rendered":"<p>L&#8217;estaci\u00f3 aranesa supera la inscripci\u00f3 de l&#8217;any passat gr\u00e0cies al gran treball dels clubs i al gran atractiu del circuit Audi quattro Cup on la festa en el Palai d\u2019Esp\u00f2rts de Vielha va ser un gran \u00e8xit d&#8217;assist\u00e8ncia. &nbsp; En aquesta tercera parada del circuit d&#8217;esqu\u00ed alp\u00ed U12\/10, inclosa al calendari RFEDI i organitzada pel&#8230;<\/p>\n","protected":false},"author":2,"featured_media":15937,"comment_status":"closed","ping_status":"closed","sticky":false,"template":"","format":"standard","meta":{"footnotes":""},"categories":[136],"tags":[],"_links":{"self":[{"href":"https:\/\/www.conselharan.org\/ca\/wp-json\/wp\/v2\/posts\/15941"}],"collection":[{"href":"https:\/\/www.conselharan.org\/ca\/wp-json\/wp\/v2\/posts"}],"about":[{"href":"https:\/\/www.conselharan.org\/ca\/wp-json\/wp\/v2\/types\/post"}],"author":[{"embeddable":true,"href":"https:\/\/www.conselharan.org\/ca\/wp-json\/wp\/v2\/users\/2"}],"replies":[{"embeddable":true,"href":"https:\/\/www.conselharan.org\/ca\/wp-json\/wp\/v2\/comments?post=15941"}],"version-history":[{"count":1,"href":"https:\/\/www.conselharan.org\/ca\/wp-json\/wp\/v2\/posts\/15941\/revisions"}],"predecessor-version":[{"id":15942,"href":"https:\/\/www.conselharan.org\/ca\/wp-json\/wp\/v2\/posts\/15941\/revisions\/15942"}],"wp:featuredmedia":[{"embeddable":true,"href":"https:\/\/www.conselharan.org\/ca\/wp-json\/wp\/v2\/media\/15937"}],"wp:attachment":[{"href":"https:\/\/www.conselharan.org\/ca\/wp-json\/wp\/v2\/media?parent=15941"}],"wp:term":[{"taxonomy":"category","embeddable":true,"href":"https:\/\/www.conselharan.org\/ca\/wp-json\/wp\/v2\/categories?post=15941"},{"taxonomy":"post_tag","embeddable":true,"href":"https:\/\/www.conselharan.org\/ca\/wp-json\/wp\/v2\/tags?post=15941"}],"curies":[{"name":"wp","href":"https:\/\/api.w.org\/{rel}","templated":true}]}}