{"id":15973,"date":"2017-02-15T18:11:11","date_gmt":"2017-02-15T17:11:11","guid":{"rendered":"http:\/\/www.conselharan.org\/ca\/?p=15973"},"modified":"2017-02-15T18:11:11","modified_gmt":"2017-02-15T17:11:11","slug":"la-conselhera-de-torisme-anna-diaz-participa-en-el-i-congres-mundial-de-lomt-sobre-destinacions-intel%c2%b7ligents","status":"publish","type":"post","link":"https:\/\/www.conselharan.org\/ca\/la-conselhera-de-torisme-anna-diaz-participa-en-el-i-congres-mundial-de-lomt-sobre-destinacions-intel%c2%b7ligents\/","title":{"rendered":"La conselh\u00e8ra de Torisme Anna D\u00edaz participa en el I Congr\u00e9s Mundial de l&#8217;OMT sobre Destinacions Intel\u00b7ligents"},"content":{"rendered":"<p>Vielha 15 de febrer de 2017.- La conselh\u00e8ra de Torisme <strong>Anna D\u00edaz<\/strong> participa el proper dijous 16 de febrer a la 1a edici\u00f3 del <strong>Congr\u00e9s Mundial de l&#8217;OMT<\/strong> (Organitzaci\u00f3 Mundial del Turisme) que se celebra a M\u00farcia del 15 al 17 de febrer.<\/p>\n<p><a href=\"http:\/\/www.conselharan.org\/wp-content\/uploads\/2017\/02\/Captura-de-pantalla-completa-15022017-174914.jpg\"><img loading=\"lazy\" decoding=\"async\" class=\"aligncenter size-large wp-image-15970\" src=\"http:\/\/www.conselharan.org\/wp-content\/uploads\/2017\/02\/Captura-de-pantalla-completa-15022017-174914-1024x534.jpg\" alt=\"Captura de pantalla completa 15022017 174914\" width=\"1024\" height=\"534\" srcset=\"https:\/\/www.conselharan.org\/wp-content\/uploads\/2017\/02\/Captura-de-pantalla-completa-15022017-174914-1024x534.jpg 1024w, https:\/\/www.conselharan.org\/wp-content\/uploads\/2017\/02\/Captura-de-pantalla-completa-15022017-174914-300x156.jpg 300w, https:\/\/www.conselharan.org\/wp-content\/uploads\/2017\/02\/Captura-de-pantalla-completa-15022017-174914-768x401.jpg 768w, https:\/\/www.conselharan.org\/wp-content\/uploads\/2017\/02\/Captura-de-pantalla-completa-15022017-174914.jpg 1041w\" sizes=\"(max-width: 1024px) 100vw, 1024px\" \/><\/a><\/p>\n<p>L&#8217;Organitzaci\u00f3 Mundial del Turisme, al costat del Regne d&#8217;Espanya i la Comunitat Aut\u00f2noma de la Regi\u00f3 de M\u00farcia, organitzen el I Congr\u00e9s Mundial de l&#8217;OMT sobre Destinacions Intel\u00b7ligents per tal de liderar i conformar aquest nou model tur\u00edstic del segle XXI basat en Innovaci\u00f3, tecnologia, Sostenibilitat i Accessibilitat, davant el repte que significa el canvi del perfil del viatger que ha provocat la innovaci\u00f3 i la tecnologia.<\/p>\n<p>La conselh\u00e8ra de Torisme del Govern d&#8217;Aran<strong>, Anna D\u00edaz<\/strong>, participar\u00e0 com a ponent a la taula rodona <strong>&#8220;Les destinacions davant el repte de la innovaci\u00f3&#8221;<\/strong>. Moderada per <strong>N\u00faria D\u00edaz<\/strong>, Subdirectora Adjunta de Foment de la Innovaci\u00f3 Ministeri d&#8217;Economia, Ind\u00fastria i Competitivitat.<\/p>\n<p>&nbsp;<\/p>\n<p>Ponents:<\/p>\n<ul>\n<li><strong>Susana Ib\u00e1\u00f1ez<\/strong>, Secret\u00e0ria General per al Turisme, Junta d&#8217;Andalusia (Espanya).<\/li>\n<li><strong>Frederic de Arteaga<\/strong>, director de Planificaci\u00f3, Grup JB Jos\u00e9 Cuervo (Tequila, M\u00e8xic).<\/li>\n<li><strong>Jos\u00e9 Antonio Belmonte<\/strong>, Director de l&#8217;Oficina d&#8217;Innovaci\u00f3, Institut de Turisme de la Region de M\u00farcia (Espanya).<\/li>\n<li><strong>Ilanit Malkior<\/strong>, Gerent de Turisme, Jerusalem Development Authority.<\/li>\n<li><strong>Anna D\u00edaz<\/strong>, consellera de Turisme, Comer\u00e7 i Consum, Conselh Generau d&#8217;Aran (Espanya).<\/li>\n<\/ul>\n<p>&nbsp;<\/p>\n<h3><strong>La Val d&#8217;Aran Destinaci\u00f3 Tur\u00edstica Intel\u00b7ligent<\/strong><\/h3>\n<p>Va ser al gener de l&#8217;any passat 2016 que durant la celebraci\u00f3 de la Fira Internacional del Turisme FITUR, la <strong>Val d&#8217;Aran va rebre la distinci\u00f3 com a Destinaci\u00f3 Tur\u00edstica Intel\u00b7ligent (DTI)<\/strong> concedida per la <strong>Societat Estatal per a la Gesti\u00f3 de la Innovaci\u00f3 i les Tecnologies Tur\u00edstiques (SEGITTUR).<\/strong><\/p>\n<p>Aquest reconeixement de la Val d&#8217;Aran, se suma a altres anteriors entre els quals destaquen el de <strong>destinaci\u00f3 sostenible Biosphere <\/strong>atorgat pel <strong>Global Sustainable Tourism Council de la Fundaci\u00f3 Nacions Unides,<\/strong> finalista als <strong>Destination Leadership<\/strong> atorgats per la <strong>National Geographic Society<\/strong> i la <strong>ITB de Berl\u00edn<\/strong>.<\/p>\n<p style=\"text-align: center;\">\n<p style=\"text-align: center;\">Programa Congr\u00e9s Mundial OMT:<\/p>\n<p style=\"text-align: center;\"><a href=\"http:\/\/www.smartdestinationsworldconference.org\/_files\/_event\/_6147\/_editorFiles\/file\/programa_definitivo.pdf\">http:\/\/www.smartdestinationsworldconference.org\/_files\/_event\/_6147\/_editorFiles\/file\/programa_definitivo.pdf<\/a><\/p>\n ","protected":false},"excerpt":{"rendered":"<p>Vielha 15 de febrer de 2017.- La conselh\u00e8ra de Torisme Anna D\u00edaz participa el proper dijous 16 de febrer a la 1a edici\u00f3 del Congr\u00e9s Mundial de l&#8217;OMT (Organitzaci\u00f3 Mundial del Turisme) que se celebra a M\u00farcia del 15 al 17 de febrer. L&#8217;Organitzaci\u00f3 Mundial del Turisme, al costat del Regne d&#8217;Espanya i la Comunitat&#8230;<\/p>\n","protected":false},"author":2,"featured_media":15971,"comment_status":"closed","ping_status":"closed","sticky":false,"template":"","format":"standard","meta":{"footnotes":""},"categories":[53],"tags":[],"_links":{"self":[{"href":"https:\/\/www.conselharan.org\/ca\/wp-json\/wp\/v2\/posts\/15973"}],"collection":[{"href":"https:\/\/www.conselharan.org\/ca\/wp-json\/wp\/v2\/posts"}],"about":[{"href":"https:\/\/www.conselharan.org\/ca\/wp-json\/wp\/v2\/types\/post"}],"author":[{"embeddable":true,"href":"https:\/\/www.conselharan.org\/ca\/wp-json\/wp\/v2\/users\/2"}],"replies":[{"embeddable":true,"href":"https:\/\/www.conselharan.org\/ca\/wp-json\/wp\/v2\/comments?post=15973"}],"version-history":[{"count":1,"href":"https:\/\/www.conselharan.org\/ca\/wp-json\/wp\/v2\/posts\/15973\/revisions"}],"predecessor-version":[{"id":15974,"href":"https:\/\/www.conselharan.org\/ca\/wp-json\/wp\/v2\/posts\/15973\/revisions\/15974"}],"wp:featuredmedia":[{"embeddable":true,"href":"https:\/\/www.conselharan.org\/ca\/wp-json\/wp\/v2\/media\/15971"}],"wp:attachment":[{"href":"https:\/\/www.conselharan.org\/ca\/wp-json\/wp\/v2\/media?parent=15973"}],"wp:term":[{"taxonomy":"category","embeddable":true,"href":"https:\/\/www.conselharan.org\/ca\/wp-json\/wp\/v2\/categories?post=15973"},{"taxonomy":"post_tag","embeddable":true,"href":"https:\/\/www.conselharan.org\/ca\/wp-json\/wp\/v2\/tags?post=15973"}],"curies":[{"name":"wp","href":"https:\/\/api.w.org\/{rel}","templated":true}]}}