{"id":15981,"date":"2017-02-17T11:58:11","date_gmt":"2017-02-17T10:58:11","guid":{"rendered":"http:\/\/www.conselharan.org\/ca\/?p=15981"},"modified":"2017-02-17T12:01:37","modified_gmt":"2017-02-17T11:01:37","slug":"la-rider-del-centre-adaptat-daran-cdia-astrid-fina-aconsegueix-la-plata-a-la-copa-del-mon-de-la-molina","status":"publish","type":"post","link":"https:\/\/www.conselharan.org\/ca\/la-rider-del-centre-adaptat-daran-cdia-astrid-fina-aconsegueix-la-plata-a-la-copa-del-mon-de-la-molina\/","title":{"rendered":"La rider del Centre Adaptat d\u2019Aran (CDIA) Astrid Fina aconsegueix la plata a la Copa del M\u00f3n de La Molina"},"content":{"rendered":"<p><strong>La rider del CDIA torna a demostrar la seva progressi\u00f3 plantant cara a la subcampiona del m\u00f3n, l&#8217;holandesa Lisa Bunschoten, qui va acabar emportant-se el or per poca difer\u00e8ncia<\/strong><\/p>\n<p><a href=\"http:\/\/www.conselharan.org\/wp-content\/uploads\/2017\/02\/170216IPC_SBX_LM_FINAL_FINA-ASTRID.jpg\"><img loading=\"lazy\" decoding=\"async\" class=\"aligncenter size-large wp-image-15979\" src=\"http:\/\/www.conselharan.org\/wp-content\/uploads\/2017\/02\/170216IPC_SBX_LM_FINAL_FINA-ASTRID-1024x683.jpg\" alt=\"170216IPC_SBX_LM_FINAL_FINA ASTRID\" width=\"1024\" height=\"683\" srcset=\"https:\/\/www.conselharan.org\/wp-content\/uploads\/2017\/02\/170216IPC_SBX_LM_FINAL_FINA-ASTRID-1024x683.jpg 1024w, https:\/\/www.conselharan.org\/wp-content\/uploads\/2017\/02\/170216IPC_SBX_LM_FINAL_FINA-ASTRID-300x200.jpg 300w, https:\/\/www.conselharan.org\/wp-content\/uploads\/2017\/02\/170216IPC_SBX_LM_FINAL_FINA-ASTRID-768x512.jpg 768w, https:\/\/www.conselharan.org\/wp-content\/uploads\/2017\/02\/170216IPC_SBX_LM_FINAL_FINA-ASTRID.jpg 1620w\" sizes=\"(max-width: 1024px) 100vw, 1024px\" \/><\/a><\/p>\n<p>Vielha, 16 de febrer de 2017.- La <strong>Copa del M\u00f3n IPC 2017 de Per-Snowboard<\/strong> que s&#8217;est\u00e0 disputant a l&#8217;estaci\u00f3 de la Molina, ha comen\u00e7at de manera brillant per a la rider del CDIA Astrid Fina, que ha estat segona en la categoria SBLL2.<\/p>\n<p>&#8220;Estic molt contenta pel resultat que he obtingut. La setmana passada, en els mundials de Big White, al Canad\u00e0, vaig acabar lluny de les primeres posicions i a La Molina he estat molt a prop d&#8217;aconseguir la vict\u00f2ria. Aix\u00f2 demostra la bona feina que estic realitzant amb <strong>Albert Mallol<\/strong>, estic millorant molt i les sensacions s\u00f3n molt bones, ja penso en la final de la Copa del M\u00f3n a Corea del Sud i ja tocar\u00e0 pensar en Jocs Paral\u00edmpics de Pyeongchang &#8220;.<\/p>\n<p>Astrid va arribar a la final per la via r\u00e0pida despr\u00e9s de la seva gran actuaci\u00f3 en les dues baixades de la ronda classificat\u00f2ria, sent 2\u00aa amb 54.49 segons, temps que va millorar en la seg\u00fcent carrera per ser 1a amb 52.99. A la final en la prova de boardercross en la categoria Lower Limb 2 (discapacitat a les cames) es mesurava a una rival que semblava inabastable fa uns mesos.<\/p>\n<p>A la primera jornada una caiguda el va privar de l&#8217;or, i en aquesta ocasi\u00f3 l&#8217;holandesa va sortir millor i es va escapar, sense que l&#8217;espanyola pogu\u00e9s donar-li ca\u00e7a.<\/p>\n<p>Divendres i dissabte, en la prova de Banked esl\u00e0lom, Astrid Fina tindr\u00e0 una nova oportunitat.<\/p>\n<p>&nbsp;<\/p>\n<p><strong>Vic Gonz\u00e1lez frega la medalla de bronze<\/strong><\/p>\n<p>V\u00edctor Manuel Gonz\u00e1lez, va fregar la medalla de bronze en la categoria Lower Limb 1 Imp. 1 (esportistes amb amputacions femorals, lesions medul\u00b7lars i de doble tibial). Despr\u00e9s de ser 4t (54.99 segons) i 3r (55.13) en les dues baixades de classificaci\u00f3, va v\u00e8ncer en quarts de final a l&#8217;austr\u00edac Reinhold Schett, que el dia anterior l&#8217;havia eliminat en la mateixa ronda, per\u00f2 en la lluita pel bronze no va poder amb l&#8217;holand\u00e8s Chris V\u00f3s.<\/p>\n<p><strong>\u00d3scar Gonz\u00e1lez<\/strong>, que tamb\u00e9 competeix en la mateixa categoria i que va ser 7 \u00b0 a la Copa del M\u00f3n ja que no va poder passar de quarts de final.<\/p>\n<p>La Copa del M\u00f3n IPC 2017 de Per-Snowboard es disputar\u00e0 fins al dissabte 18 de febrer a l&#8217;estaci\u00f3 de La Molina i hi ha 13 pa\u00efsos participants.<\/p>\n<p>&nbsp;<\/p>\n<p>Font: CDIA<\/p>\n<p>Foto:<em>La Molina F4photagence.com \u2013 Oriol Molas<\/em>.<\/p>\n ","protected":false},"excerpt":{"rendered":"<p>La rider del CDIA torna a demostrar la seva progressi\u00f3 plantant cara a la subcampiona del m\u00f3n, l&#8217;holandesa Lisa Bunschoten, qui va acabar emportant-se el or per poca difer\u00e8ncia Vielha, 16 de febrer de 2017.- La Copa del M\u00f3n IPC 2017 de Per-Snowboard que s&#8217;est\u00e0 disputant a l&#8217;estaci\u00f3 de la Molina, ha comen\u00e7at de manera&#8230;<\/p>\n","protected":false},"author":2,"featured_media":15979,"comment_status":"closed","ping_status":"closed","sticky":false,"template":"","format":"standard","meta":{"footnotes":""},"categories":[136],"tags":[],"_links":{"self":[{"href":"https:\/\/www.conselharan.org\/ca\/wp-json\/wp\/v2\/posts\/15981"}],"collection":[{"href":"https:\/\/www.conselharan.org\/ca\/wp-json\/wp\/v2\/posts"}],"about":[{"href":"https:\/\/www.conselharan.org\/ca\/wp-json\/wp\/v2\/types\/post"}],"author":[{"embeddable":true,"href":"https:\/\/www.conselharan.org\/ca\/wp-json\/wp\/v2\/users\/2"}],"replies":[{"embeddable":true,"href":"https:\/\/www.conselharan.org\/ca\/wp-json\/wp\/v2\/comments?post=15981"}],"version-history":[{"count":2,"href":"https:\/\/www.conselharan.org\/ca\/wp-json\/wp\/v2\/posts\/15981\/revisions"}],"predecessor-version":[{"id":15985,"href":"https:\/\/www.conselharan.org\/ca\/wp-json\/wp\/v2\/posts\/15981\/revisions\/15985"}],"wp:featuredmedia":[{"embeddable":true,"href":"https:\/\/www.conselharan.org\/ca\/wp-json\/wp\/v2\/media\/15979"}],"wp:attachment":[{"href":"https:\/\/www.conselharan.org\/ca\/wp-json\/wp\/v2\/media?parent=15981"}],"wp:term":[{"taxonomy":"category","embeddable":true,"href":"https:\/\/www.conselharan.org\/ca\/wp-json\/wp\/v2\/categories?post=15981"},{"taxonomy":"post_tag","embeddable":true,"href":"https:\/\/www.conselharan.org\/ca\/wp-json\/wp\/v2\/tags?post=15981"}],"curies":[{"name":"wp","href":"https:\/\/api.w.org\/{rel}","templated":true}]}}