{"id":16035,"date":"2017-02-20T10:54:42","date_gmt":"2017-02-20T09:54:42","guid":{"rendered":"http:\/\/www.conselharan.org\/ca\/comunicat-deth-conselh-generau-daran\/"},"modified":"2017-02-20T11:06:03","modified_gmt":"2017-02-20T10:06:03","slug":"comunicat-deth-conselh-generau-daran","status":"publish","type":"post","link":"https:\/\/www.conselharan.org\/ca\/comunicat-deth-conselh-generau-daran\/","title":{"rendered":"COMUNICAT DETH CONSELH GENERAU D&#8217;ARAN"},"content":{"rendered":"<div id=\"attachment_16032\" style=\"width: 810px\" class=\"wp-caption aligncenter\"><img loading=\"lazy\" decoding=\"async\" aria-describedby=\"caption-attachment-16032\" class=\"size-full wp-image-16032\" src=\"http:\/\/www.conselharan.org\/wp-content\/uploads\/2017\/02\/josep-palau.jpg\" alt=\"http:\/\/www.elpunt.cat\" width=\"800\" height=\"538\" srcset=\"https:\/\/www.conselharan.org\/wp-content\/uploads\/2017\/02\/josep-palau.jpg 800w, https:\/\/www.conselharan.org\/wp-content\/uploads\/2017\/02\/josep-palau-300x202.jpg 300w, https:\/\/www.conselharan.org\/wp-content\/uploads\/2017\/02\/josep-palau-768x516.jpg 768w\" sizes=\"(max-width: 800px) 100vw, 800px\" \/><p id=\"caption-attachment-16032\" class=\"wp-caption-text\"><em>Foto: El punt<\/em><\/p><\/div>\n<p>&nbsp;<\/p>\n<p>Eth sindic d&#8217;Aran, Carlos Barrera, en n\u00f2m deth Conselh Generau d&#8217;Aran manif\u00e8ste era sua condolen\u00e7a pera m\u00f2rt de Josep Palau, director d&#8217;Interior en Naut Piren\u00e8u e Aran.<\/p>\n<p>&nbsp;<\/p>\n<p>Eth n\u00f2ste arrebrembe e \u00e0nims ara familha e amics.<\/p>\n<p>&nbsp;<\/p>\n<p>&nbsp;<\/p>\n<p>&nbsp;<\/p>\n<p>Vielha, 20 de hereu\u00e8r de 2017<\/p>\n ","protected":false},"excerpt":{"rendered":"<p>&nbsp; Eth sindic d&#8217;Aran, Carlos Barrera, en n\u00f2m deth Conselh Generau d&#8217;Aran manif\u00e8ste era sua condolen\u00e7a pera m\u00f2rt de Josep Palau, director d&#8217;Interior en Naut Piren\u00e8u e Aran. &nbsp; Eth n\u00f2ste arrebrembe e \u00e0nims ara familha e amics. &nbsp; &nbsp; &nbsp; Vielha, 20 de hereu\u00e8r de 2017<\/p>\n","protected":false},"author":2,"featured_media":16032,"comment_status":"closed","ping_status":"closed","sticky":false,"template":"","format":"standard","meta":{"footnotes":""},"categories":[53],"tags":[],"_links":{"self":[{"href":"https:\/\/www.conselharan.org\/ca\/wp-json\/wp\/v2\/posts\/16035"}],"collection":[{"href":"https:\/\/www.conselharan.org\/ca\/wp-json\/wp\/v2\/posts"}],"about":[{"href":"https:\/\/www.conselharan.org\/ca\/wp-json\/wp\/v2\/types\/post"}],"author":[{"embeddable":true,"href":"https:\/\/www.conselharan.org\/ca\/wp-json\/wp\/v2\/users\/2"}],"replies":[{"embeddable":true,"href":"https:\/\/www.conselharan.org\/ca\/wp-json\/wp\/v2\/comments?post=16035"}],"version-history":[{"count":1,"href":"https:\/\/www.conselharan.org\/ca\/wp-json\/wp\/v2\/posts\/16035\/revisions"}],"predecessor-version":[{"id":16036,"href":"https:\/\/www.conselharan.org\/ca\/wp-json\/wp\/v2\/posts\/16035\/revisions\/16036"}],"wp:featuredmedia":[{"embeddable":true,"href":"https:\/\/www.conselharan.org\/ca\/wp-json\/wp\/v2\/media\/16032"}],"wp:attachment":[{"href":"https:\/\/www.conselharan.org\/ca\/wp-json\/wp\/v2\/media?parent=16035"}],"wp:term":[{"taxonomy":"category","embeddable":true,"href":"https:\/\/www.conselharan.org\/ca\/wp-json\/wp\/v2\/categories?post=16035"},{"taxonomy":"post_tag","embeddable":true,"href":"https:\/\/www.conselharan.org\/ca\/wp-json\/wp\/v2\/tags?post=16035"}],"curies":[{"name":"wp","href":"https:\/\/api.w.org\/{rel}","templated":true}]}}