{"id":16147,"date":"2017-02-27T19:46:15","date_gmt":"2017-02-27T18:46:15","guid":{"rendered":"http:\/\/www.conselharan.org\/ca\/?p=16147"},"modified":"2017-02-27T19:46:15","modified_gmt":"2017-02-27T18:46:15","slug":"el-ple-del-conselh-generau-daran-aprova-el-padro-de-cobrament-de-la-taxa-de-recollida-de-residus","status":"publish","type":"post","link":"https:\/\/www.conselharan.org\/ca\/el-ple-del-conselh-generau-daran-aprova-el-padro-de-cobrament-de-la-taxa-de-recollida-de-residus\/","title":{"rendered":"El Ple del Conselh Generau d&#8217;Aran aprova el padr\u00f3 de cobrament de la taxa de recollida de residus"},"content":{"rendered":"<p>Vielha, 27 de febrer de 2017.- Durant la sessi\u00f3 ordin\u00e0ria del Ple del Conselh Generau d&#8217;Aran celebrada avui a la Casa deth Senhor a Arr\u00f2s, s&#8217;ha acordat l&#8217;aprovaci\u00f3 definitiva per unanimitat del ple, del padr\u00f3 de cobrament de la taxa del servei de recollida de residus i del seu tractament, per a l&#8217;exercici 2017, per un import de 1.474.915 \u20ac, fet que suposa un increment del 2,40% respecte a l&#8217;any anterior.<\/p>\n<p><a href=\"http:\/\/www.conselharan.org\/wp-content\/uploads\/2017\/02\/IMG_3466.jpg\"><img loading=\"lazy\" decoding=\"async\" class=\"aligncenter size-large wp-image-16144\" src=\"http:\/\/www.conselharan.org\/wp-content\/uploads\/2017\/02\/IMG_3466-1024x596.jpg\" alt=\"IMG_3466\" width=\"1024\" height=\"596\" srcset=\"https:\/\/www.conselharan.org\/wp-content\/uploads\/2017\/02\/IMG_3466-1024x596.jpg 1024w, https:\/\/www.conselharan.org\/wp-content\/uploads\/2017\/02\/IMG_3466-300x174.jpg 300w, https:\/\/www.conselharan.org\/wp-content\/uploads\/2017\/02\/IMG_3466-768x447.jpg 768w\" sizes=\"(max-width: 1024px) 100vw, 1024px\" \/><\/a><\/p>\n<p>Durant el ple el Conselh Generau d&#8217;Aran, tamb\u00e9 s&#8217;ha donat compte de la situaci\u00f3 sobre les negociacions del Govern d&#8217;Aran i la Fundaci\u00f3 Pere Tarr\u00e9s pel que fa al contracte d&#8217;arrendament de la gesti\u00f3 i explotaci\u00f3 de l&#8217;Alberg Era Garona de Salard\u00fa per part de la fundaci\u00f3.<\/p>\n<p>Referent a aix\u00f2 el sindic d&#8217;Aran, <strong>Carlos Barrera<\/strong>, ha explicat que els responsables de la <strong>Fundaci\u00f3 Pere Tarr\u00e9s han comunicat al Gov\u00e8rn d&#8217;Aran, la seva voluntat de no renunciar, sin\u00f3 de prorrogar la signatura del contracte d&#8217;inici de l&#8217;activitat a l\u2019espera que el Conselh Generau d&#8217;Aran disposi de tots els documents administratius<\/strong> necessaris per poder iniciar aquesta activitat de gesti\u00f3 i explotaci\u00f3 de l&#8217;alberg Era Garona.<\/p>\n<p>Durant el ple d&#8217;aquest dilluns, tamb\u00e9 s&#8217;ha tractat sobre la necessitat de millorar la situaci\u00f3 de la carretera C-28 i els accessos a Baqueira Beret. Referent a aix\u00f2 el sindic d&#8217;Aran Carlos Barrera, ha explicat que ja s&#8217;est\u00e0 treballant juntament amb els responsables del departament de Territori de la Generalitat per trobar la millor soluci\u00f3 a aquesta situaci\u00f3.<\/p>\n<p><a href=\"http:\/\/www.conselharan.org\/wp-content\/uploads\/2017\/02\/IMG_3475.jpg\"><img loading=\"lazy\" decoding=\"async\" class=\"aligncenter size-large wp-image-16145\" src=\"http:\/\/www.conselharan.org\/wp-content\/uploads\/2017\/02\/IMG_3475-1024x607.jpg\" alt=\"IMG_3475\" width=\"1024\" height=\"607\" srcset=\"https:\/\/www.conselharan.org\/wp-content\/uploads\/2017\/02\/IMG_3475-1024x607.jpg 1024w, https:\/\/www.conselharan.org\/wp-content\/uploads\/2017\/02\/IMG_3475-300x178.jpg 300w, https:\/\/www.conselharan.org\/wp-content\/uploads\/2017\/02\/IMG_3475-768x456.jpg 768w\" sizes=\"(max-width: 1024px) 100vw, 1024px\" \/><\/a><\/p>\n ","protected":false},"excerpt":{"rendered":"<p>Vielha, 27 de febrer de 2017.- Durant la sessi\u00f3 ordin\u00e0ria del Ple del Conselh Generau d&#8217;Aran celebrada avui a la Casa deth Senhor a Arr\u00f2s, s&#8217;ha acordat l&#8217;aprovaci\u00f3 definitiva per unanimitat del ple, del padr\u00f3 de cobrament de la taxa del servei de recollida de residus i del seu tractament, per a l&#8217;exercici 2017, per&#8230;<\/p>\n","protected":false},"author":2,"featured_media":16144,"comment_status":"closed","ping_status":"closed","sticky":false,"template":"","format":"standard","meta":{"footnotes":""},"categories":[53,36],"tags":[],"_links":{"self":[{"href":"https:\/\/www.conselharan.org\/ca\/wp-json\/wp\/v2\/posts\/16147"}],"collection":[{"href":"https:\/\/www.conselharan.org\/ca\/wp-json\/wp\/v2\/posts"}],"about":[{"href":"https:\/\/www.conselharan.org\/ca\/wp-json\/wp\/v2\/types\/post"}],"author":[{"embeddable":true,"href":"https:\/\/www.conselharan.org\/ca\/wp-json\/wp\/v2\/users\/2"}],"replies":[{"embeddable":true,"href":"https:\/\/www.conselharan.org\/ca\/wp-json\/wp\/v2\/comments?post=16147"}],"version-history":[{"count":1,"href":"https:\/\/www.conselharan.org\/ca\/wp-json\/wp\/v2\/posts\/16147\/revisions"}],"predecessor-version":[{"id":16148,"href":"https:\/\/www.conselharan.org\/ca\/wp-json\/wp\/v2\/posts\/16147\/revisions\/16148"}],"wp:featuredmedia":[{"embeddable":true,"href":"https:\/\/www.conselharan.org\/ca\/wp-json\/wp\/v2\/media\/16144"}],"wp:attachment":[{"href":"https:\/\/www.conselharan.org\/ca\/wp-json\/wp\/v2\/media?parent=16147"}],"wp:term":[{"taxonomy":"category","embeddable":true,"href":"https:\/\/www.conselharan.org\/ca\/wp-json\/wp\/v2\/categories?post=16147"},{"taxonomy":"post_tag","embeddable":true,"href":"https:\/\/www.conselharan.org\/ca\/wp-json\/wp\/v2\/tags?post=16147"}],"curies":[{"name":"wp","href":"https:\/\/api.w.org\/{rel}","templated":true}]}}