{"id":16169,"date":"2017-03-02T15:05:04","date_gmt":"2017-03-02T14:05:04","guid":{"rendered":"http:\/\/www.conselharan.org\/ca\/?p=16169"},"modified":"2017-03-02T15:05:04","modified_gmt":"2017-03-02T14:05:04","slug":"la-consellera-dagricultura-meritxell-serret-visita-per-primer-cop-la-val-daran","status":"publish","type":"post","link":"https:\/\/www.conselharan.org\/ca\/la-consellera-dagricultura-meritxell-serret-visita-per-primer-cop-la-val-daran\/","title":{"rendered":"La consellera d\u2019Agricultura Meritxell Serret visita per primer cop la Val d\u2019Aran"},"content":{"rendered":"<p>Vielha, 2 de mar\u00e7 de 2017.- La consellera d\u2019Agricultura, Ramaderia, Pesca i Alimentaci\u00f3, <strong>Meritxell Serret<\/strong> ha visitat la Val d\u2019Aran, on ha esta rebuda al Conselh Generau d\u2019Aran pels conselh\u00e8rs de Territori, <strong>Jos\u00e9 Antonio Boya<\/strong> i d\u2019Agricultura, Ramaderia e Medi Naturau, <strong>Jos\u00e9 Enrique Arr\u00f3<\/strong>.<\/p>\n<p><a href=\"http:\/\/www.conselharan.org\/wp-content\/uploads\/2017\/03\/IMG_3573.jpg\"><img loading=\"lazy\" decoding=\"async\" class=\"aligncenter size-large wp-image-16163\" src=\"http:\/\/www.conselharan.org\/wp-content\/uploads\/2017\/03\/IMG_3573-1024x768.jpg\" alt=\"IMG_3573\" width=\"1024\" height=\"768\" srcset=\"https:\/\/www.conselharan.org\/wp-content\/uploads\/2017\/03\/IMG_3573-1024x768.jpg 1024w, https:\/\/www.conselharan.org\/wp-content\/uploads\/2017\/03\/IMG_3573-300x225.jpg 300w, https:\/\/www.conselharan.org\/wp-content\/uploads\/2017\/03\/IMG_3573-768x576.jpg 768w\" sizes=\"(max-width: 1024px) 100vw, 1024px\" \/><\/a><\/p>\n<p>La consellera ha explicat que el motiu d\u2019aquesta primera visita a la Val d\u2019Aran, \u00e9s con\u00e8ixer de primera m\u00e0 iniciatives de desenvolupament rural de la Val d\u2019Aran i tamb\u00e9 explorar l\u00ednies de treball conjuntes amb el Conselh Generau d\u2019Aran, per afavorir el sector primari i que cada cop hi hagi m\u00e9s gent jove que es vulgui incorporar a l\u2019activitat agr\u00e0ria i ramadera.<\/p>\n<p>Serret, ha assenyalat que tant el seu departament com el Gov\u00e8rn d\u2019Aran, ja col\u00b7laboren per tal de recolzar iniciatives per diversificar l\u2019economia i que es generin m\u00e9s negocis i llocs de feina relacionats amb el primer sector.<\/p>\n<p>Despr\u00e8s de la visita institucional al Conselh generau d\u2019Aran, la consellera Meritxell Serret, acompanyada dels conselh\u00e8rs Boya i Arr\u00f3, ha visitat les instal\u00b7lacions de tres explotacions a la Val d\u2019Aran com son, <strong>l&#8217;explotaci\u00f3 Albert Boya, Caviar Nacarii i les instal\u00b7lacions de la Hormatgeria Dera Irissa.<\/strong><\/p>\n<p><a href=\"http:\/\/www.conselharan.org\/wp-content\/uploads\/2017\/03\/file.jpeg\"><img loading=\"lazy\" decoding=\"async\" class=\"aligncenter size-large wp-image-16164\" src=\"http:\/\/www.conselharan.org\/wp-content\/uploads\/2017\/03\/file-1024x768.jpeg\" alt=\"file\" width=\"1024\" height=\"768\" srcset=\"https:\/\/www.conselharan.org\/wp-content\/uploads\/2017\/03\/file-1024x768.jpeg 1024w, https:\/\/www.conselharan.org\/wp-content\/uploads\/2017\/03\/file-300x225.jpeg 300w, https:\/\/www.conselharan.org\/wp-content\/uploads\/2017\/03\/file-768x576.jpeg 768w, https:\/\/www.conselharan.org\/wp-content\/uploads\/2017\/03\/file.jpeg 2000w\" sizes=\"(max-width: 1024px) 100vw, 1024px\" \/><\/a> <a href=\"http:\/\/www.conselharan.org\/wp-content\/uploads\/2017\/03\/file1.jpeg\"><img loading=\"lazy\" decoding=\"async\" class=\"aligncenter size-large wp-image-16162\" src=\"http:\/\/www.conselharan.org\/wp-content\/uploads\/2017\/03\/file1-1024x768.jpeg\" alt=\"file1\" width=\"1024\" height=\"768\" srcset=\"https:\/\/www.conselharan.org\/wp-content\/uploads\/2017\/03\/file1-1024x768.jpeg 1024w, https:\/\/www.conselharan.org\/wp-content\/uploads\/2017\/03\/file1-300x225.jpeg 300w, https:\/\/www.conselharan.org\/wp-content\/uploads\/2017\/03\/file1-768x576.jpeg 768w, https:\/\/www.conselharan.org\/wp-content\/uploads\/2017\/03\/file1.jpeg 2000w\" sizes=\"(max-width: 1024px) 100vw, 1024px\" \/><\/a><\/p>\n<p>Fotos: Departament Agricultura<\/p>\n ","protected":false},"excerpt":{"rendered":"<p>Vielha, 2 de mar\u00e7 de 2017.- La consellera d\u2019Agricultura, Ramaderia, Pesca i Alimentaci\u00f3, Meritxell Serret ha visitat la Val d\u2019Aran, on ha esta rebuda al Conselh Generau d\u2019Aran pels conselh\u00e8rs de Territori, Jos\u00e9 Antonio Boya i d\u2019Agricultura, Ramaderia e Medi Naturau, Jos\u00e9 Enrique Arr\u00f3. La consellera ha explicat que el motiu d\u2019aquesta primera visita a&#8230;<\/p>\n","protected":false},"author":2,"featured_media":16164,"comment_status":"closed","ping_status":"closed","sticky":false,"template":"","format":"standard","meta":{"footnotes":""},"categories":[53],"tags":[],"_links":{"self":[{"href":"https:\/\/www.conselharan.org\/ca\/wp-json\/wp\/v2\/posts\/16169"}],"collection":[{"href":"https:\/\/www.conselharan.org\/ca\/wp-json\/wp\/v2\/posts"}],"about":[{"href":"https:\/\/www.conselharan.org\/ca\/wp-json\/wp\/v2\/types\/post"}],"author":[{"embeddable":true,"href":"https:\/\/www.conselharan.org\/ca\/wp-json\/wp\/v2\/users\/2"}],"replies":[{"embeddable":true,"href":"https:\/\/www.conselharan.org\/ca\/wp-json\/wp\/v2\/comments?post=16169"}],"version-history":[{"count":1,"href":"https:\/\/www.conselharan.org\/ca\/wp-json\/wp\/v2\/posts\/16169\/revisions"}],"predecessor-version":[{"id":16170,"href":"https:\/\/www.conselharan.org\/ca\/wp-json\/wp\/v2\/posts\/16169\/revisions\/16170"}],"wp:featuredmedia":[{"embeddable":true,"href":"https:\/\/www.conselharan.org\/ca\/wp-json\/wp\/v2\/media\/16164"}],"wp:attachment":[{"href":"https:\/\/www.conselharan.org\/ca\/wp-json\/wp\/v2\/media?parent=16169"}],"wp:term":[{"taxonomy":"category","embeddable":true,"href":"https:\/\/www.conselharan.org\/ca\/wp-json\/wp\/v2\/categories?post=16169"},{"taxonomy":"post_tag","embeddable":true,"href":"https:\/\/www.conselharan.org\/ca\/wp-json\/wp\/v2\/tags?post=16169"}],"curies":[{"name":"wp","href":"https:\/\/api.w.org\/{rel}","templated":true}]}}