{"id":16190,"date":"2017-03-03T14:03:16","date_gmt":"2017-03-03T13:03:16","guid":{"rendered":"http:\/\/www.conselharan.org\/ca\/?p=16190"},"modified":"2017-03-03T14:03:16","modified_gmt":"2017-03-03T13:03:16","slug":"actes-del-conselh-generau-daran-per-conmemorar-el-dia-internacional-de-la-dona","status":"publish","type":"post","link":"https:\/\/www.conselharan.org\/ca\/actes-del-conselh-generau-daran-per-conmemorar-el-dia-internacional-de-la-dona\/","title":{"rendered":"Actes del Conselh Generau d\u2019Aran per conmemorar el Dia Internacional de la Dona"},"content":{"rendered":"<p>Vielha, 3 de mar\u00e7 de 2017.- El <strong>Conselh Generau d\u2019Aran<\/strong> a trav\u00e9s del<strong> SIAH<\/strong> (Servici d\u2019Informacion e Atencion ara Hemna) organitza els actes en commemoraci\u00f3 del Dia Internacional de la Dona.<\/p>\n<p><a href=\"http:\/\/www.conselharan.org\/wp-content\/uploads\/2017\/03\/Cartel-8-de-mar\u00e7-OK.jpg\"><img loading=\"lazy\" decoding=\"async\" class=\"aligncenter size-full wp-image-16185\" src=\"http:\/\/www.conselharan.org\/wp-content\/uploads\/2017\/03\/Cartel-8-de-mar\u00e7-OK.jpg\" alt=\"Cartel 8 de mar\u00e7 OK\" width=\"960\" height=\"720\" srcset=\"https:\/\/www.conselharan.org\/wp-content\/uploads\/2017\/03\/Cartel-8-de-mar\u00e7-OK.jpg 960w, https:\/\/www.conselharan.org\/wp-content\/uploads\/2017\/03\/Cartel-8-de-mar\u00e7-OK-300x225.jpg 300w, https:\/\/www.conselharan.org\/wp-content\/uploads\/2017\/03\/Cartel-8-de-mar\u00e7-OK-768x576.jpg 768w\" sizes=\"(max-width: 960px) 100vw, 960px\" \/><\/a><\/p>\n<p>El proper dimecres <strong>8 de mar\u00e7 a les 12h<\/strong>, a la pla\u00e7a del Conselh Generau d\u2019Aran es llegir\u00e0 el manifest institucional.<\/p>\n<p>En acabar, a la sala de premsa del Conselh Generau d\u2019Aran (3\u00aa planta) es far\u00e0 la presentaci\u00f3 de la <strong>Llei 17\/2015 del 21 de juliol, d&#8217;igualtat efectiva de dones i homes<\/strong>, a les administracions, organismes p\u00fablics i entitats privades, que comptar\u00e0 amb la pres\u00e8ncia de la conselh\u00e8ra de Salut e Ben\u00e9ster del Gov\u00e8rn d\u2019Aran, <strong>Anna D\u00edaz<\/strong>. La presentaci\u00f3 de la Llei, \u00e9s oberta a totes les empreses de la Val d\u2019Aran que hi vulguin participar.<\/p>\n<p>&nbsp;<\/p>\n<p>Extracte del Pre\u00e0mbul de la Llei 17\/2015 del 21 de juliol, d&#8217;igualtat efectiva de dones i homes.<\/p>\n<p><em>El dret fonamental de la igualtat de dones i homes constitueix un valor cabdal per a la democr\u00e0cia i \u00e9s una necessitat essencial en una societat democr\u00e0tica moderna. Aquest dret, no nom\u00e9s ha d&#8217;\u00e9sser reconegut legalment, sin\u00f3 que, a m\u00e9s, s\u2019ha d\u2019exercir d&#8217;una manera efectiva implicant-hi tots els aspectes de la vida: pol\u00edtics, econ\u00f2mics, socials i culturals.<\/em><\/p>\n<p><em>fins al moment, la igualtat de dones i homes en la vida quotidiana encara no \u00e9s una realitat. A la pr\u00e0ctica, dones i homes no gaudeixen dels mateixos drets, ja que persisteixen desigualtats pol\u00edtiques, econ\u00f2miques i culturals \u2013per exemple, difer\u00e8ncies salarials.<\/em><\/p>\n<p><em>Per tal d\u2019assolir una igualtat efectiva de dones i homes, aquesta llei vol refor\u00e7ar les mesures i els mecanismes concrets per a aconseguir que els poders p\u00fablics de Catalunya duguin a terme pol\u00edtiques i actuacions destinades a eradicar el fenomen de la desigualtat entre dones i homes. Aquesta Llei ha de permetre construir noves pautes de relaci\u00f3 entre homes i dones, basades en el respecte i l\u2019equitat, i tamb\u00e9 contribuir a millorar la societat i fer-la m\u00e9s democr\u00e0tica.<\/em><\/p>\n<p><em>En el cap\u00edtol V, la Llei contempla a m\u00e9s el deure general de les empreses de respectar el principi d\u2019igualtat en l\u2019\u00e0mbit laboral, estableix espec\u00edficament el deure d\u2019aprovar i aplicar plans d\u2019igualtat a les empreses de m\u00e9s de dos-cents cinquanta treballadors.<\/em><\/p>\n<p><em>\u00a0<\/em><\/p>\n<p><strong>4\u00aa Cursa de la Hemna d\u2019Aran<\/strong><\/p>\n<p>Dins dels actes organitzats pels Conselh Generau d\u2019Aran a trav\u00e9s del Servei d\u2019Informaci\u00f3 i Atenci\u00f3 a la Dona (SIAH) el <strong>diumenge 12 de mar\u00e7 a les 11h<\/strong>, es celebrar\u00e0 la <strong>\u201c4\u00aa edici\u00f3 de la Corsa dera Hemna Val d\u2019Aran\u201d<\/strong>. La cursa \u00e9s oberta a tothom i a totes les edats i es pot fer \u00a0corrent o b\u00e9 caminant, en un circuit urb\u00e0 de 5km pels carrers de Vielha.<\/p>\n<p>La cursa \u00e9s possible gr\u00e0cies a la col\u00b7laboraci\u00f3 del Club Atl\u00e8tic Val d\u2019Aran (CAVA), del Conselh Esportiu Val d\u2019Aran, dels Voluntaris d\u2019Aran, de l\u2019Ajuntament de Vielha e Mijaran, i de l\u2019Institut Catal\u00e0 de les Dones de la Generalitat de Catalunya.<\/p>\n<p>Per a m\u00e9s informaci\u00f3 us podeu posar en contacte amb el SIAH al Carrer Major de Vielha o al tel. 973 64 25 60.<\/p>\n<p>Us podeu inscriure a: <a href=\"https:\/\/www.inscripcions.cat\/corsaderahemna2017\/\">https:\/\/www.inscripcions.cat\/corsaderahemna2017\/<\/a><\/p>\n<p><a href=\"http:\/\/www.conselharan.org\/wp-content\/uploads\/2017\/02\/CARTEL-4AU-CORSA-DERA-HEMNA1-1-e1487073916385.jpg\"><img loading=\"lazy\" decoding=\"async\" class=\"aligncenter size-large wp-image-15946\" src=\"http:\/\/www.conselharan.org\/wp-content\/uploads\/2017\/02\/CARTEL-4AU-CORSA-DERA-HEMNA1-1-724x1024.jpg\" alt=\"CARTEL 4AU CORSA DERA HEMNA[1]\" width=\"724\" height=\"1024\" \/><\/a><\/p>\n ","protected":false},"excerpt":{"rendered":"<p>Vielha, 3 de mar\u00e7 de 2017.- El Conselh Generau d\u2019Aran a trav\u00e9s del SIAH (Servici d\u2019Informacion e Atencion ara Hemna) organitza els actes en commemoraci\u00f3 del Dia Internacional de la Dona. El proper dimecres 8 de mar\u00e7 a les 12h, a la pla\u00e7a del Conselh Generau d\u2019Aran es llegir\u00e0 el manifest institucional. En acabar, a&#8230;<\/p>\n","protected":false},"author":2,"featured_media":16185,"comment_status":"closed","ping_status":"closed","sticky":false,"template":"","format":"standard","meta":{"footnotes":""},"categories":[53],"tags":[],"_links":{"self":[{"href":"https:\/\/www.conselharan.org\/ca\/wp-json\/wp\/v2\/posts\/16190"}],"collection":[{"href":"https:\/\/www.conselharan.org\/ca\/wp-json\/wp\/v2\/posts"}],"about":[{"href":"https:\/\/www.conselharan.org\/ca\/wp-json\/wp\/v2\/types\/post"}],"author":[{"embeddable":true,"href":"https:\/\/www.conselharan.org\/ca\/wp-json\/wp\/v2\/users\/2"}],"replies":[{"embeddable":true,"href":"https:\/\/www.conselharan.org\/ca\/wp-json\/wp\/v2\/comments?post=16190"}],"version-history":[{"count":1,"href":"https:\/\/www.conselharan.org\/ca\/wp-json\/wp\/v2\/posts\/16190\/revisions"}],"predecessor-version":[{"id":16191,"href":"https:\/\/www.conselharan.org\/ca\/wp-json\/wp\/v2\/posts\/16190\/revisions\/16191"}],"wp:featuredmedia":[{"embeddable":true,"href":"https:\/\/www.conselharan.org\/ca\/wp-json\/wp\/v2\/media\/16185"}],"wp:attachment":[{"href":"https:\/\/www.conselharan.org\/ca\/wp-json\/wp\/v2\/media?parent=16190"}],"wp:term":[{"taxonomy":"category","embeddable":true,"href":"https:\/\/www.conselharan.org\/ca\/wp-json\/wp\/v2\/categories?post=16190"},{"taxonomy":"post_tag","embeddable":true,"href":"https:\/\/www.conselharan.org\/ca\/wp-json\/wp\/v2\/tags?post=16190"}],"curies":[{"name":"wp","href":"https:\/\/api.w.org\/{rel}","templated":true}]}}