{"id":16200,"date":"2017-03-03T17:31:33","date_gmt":"2017-03-03T16:31:33","guid":{"rendered":"http:\/\/www.conselharan.org\/ca\/?p=16200"},"modified":"2017-03-03T17:31:33","modified_gmt":"2017-03-03T16:31:33","slug":"el-conselh-generau-daran-destinara-1-592-000-e-a-arranjar-i-recuperar-accessos-a-arees-naturals-de-la-val-daran","status":"publish","type":"post","link":"https:\/\/www.conselharan.org\/ca\/el-conselh-generau-daran-destinara-1-592-000-e-a-arranjar-i-recuperar-accessos-a-arees-naturals-de-la-val-daran\/","title":{"rendered":"El Conselh Generau d\u2019Aran destinar\u00e0 1.592.000 \u20ac a arranjar i recuperar accessos a \u00e0rees naturals de la Val d\u2019Aran"},"content":{"rendered":"<p><strong>657.000 \u20ac provenen de l&#8217;eix 6 del fons FEDER 2014-2020 per a posar en valor el patrimoni natural i cultural europeu<\/strong><\/p>\n<p>Vielha, 3 de mar\u00e7 de 2017.- <strong>El Conselh Generau d&#8217;Aran destinar\u00e0 1.592.000 \u20ac<\/strong> <strong>a la conservaci\u00f3 d&#8217;accessos al patrimoni natural i cultural de la Vall d&#8217;Aran<\/strong>, dels quals 657.000 \u20ac s\u00f3n provinents dels projectes del <strong>fons FEDER 2014-2020, per a la posada en valor del patrimoni natural i cultural que permetin la sostenibilitat de destinacions tur\u00edstiques en el territori.<\/strong> El pressupost es destinar\u00e0 a arreglar i recuperar pistes d&#8217;acc\u00e9s a \u00e0rees naturals de la Vall d&#8217;Aran.<\/p>\n<p><a href=\"http:\/\/www.conselharan.org\/wp-content\/uploads\/2017\/03\/1.jpg\"><img loading=\"lazy\" decoding=\"async\" class=\"aligncenter size-full wp-image-16194\" src=\"http:\/\/www.conselharan.org\/wp-content\/uploads\/2017\/03\/1.jpg\" alt=\"1\" width=\"788\" height=\"592\" srcset=\"https:\/\/www.conselharan.org\/wp-content\/uploads\/2017\/03\/1.jpg 788w, https:\/\/www.conselharan.org\/wp-content\/uploads\/2017\/03\/1-300x225.jpg 300w, https:\/\/www.conselharan.org\/wp-content\/uploads\/2017\/03\/1-768x577.jpg 768w\" sizes=\"(max-width: 788px) 100vw, 788px\" \/><\/a><\/p>\n<p><strong>El Gov\u00e8rn d\u2019Aran destinar\u00e0 aquests recursos a la recuperaci\u00f3 dels accessos de Vilam\u00f2s a l\u2019esgl\u00e9sia de Sant Joan d\u2019Arr\u00f2s, l\u2019acc\u00e9s al Saut deth Pish,\u00a0 l\u2019acc\u00e9s als Uelhs deth Joeu, l\u2019acc\u00e9s a Valarties, l\u2019acc\u00e9s a l\u2019entorn de les mines Victoria i Margalida i l\u2019acc\u00e9s a Aiguam\u00f2g i parc Nacional d\u2019Aig\u00fcestortes.<\/strong><\/p>\n<p>El projecte del Conselh Generau d\u2019Aran, engloba tots els municipis de la Val d\u2019Aran i\u00a0 presenta un conjunt d\u2019intervencions i obres importants per arranjar i recuperar tot un conjunt de vies d\u2019acc\u00e9s al medi natural de la Val d\u2019Aran, mitjan\u00e7ant un conjunt d\u2019actuacions de millores i arranjaments d\u2019accessos a les \u00e0rees naturals destacables de la Val d\u2019Aran, per fer-les visitables i accessibles tur\u00edsticament.<\/p>\n<p>En aquest sentit, el sindic d\u2019Aran, <strong>Carlos Barrera<\/strong>, ha manifestat que \u201cel medi natural, \u00e9s un recurs tur\u00edstic de primer ordre par a la Val d\u2019Aran durant molts mesos de l\u2019any, i aquest projecte s\u2019emmarca en la l\u00ednia de treball del Conselh Generau d\u2019Aran, que des de la seva restituci\u00f3 l\u2019any 1990 , i els posteriors traspassos de compet\u00e8ncies en turisme i medi natural de la Generalitat de Catalunya, ha treballat per fer visitables aquets espais i protegir-los\u201d. Barrera ha assenyalat que aquest projecte s&#8217;ha de dur a terme amb la implicaci\u00f3 dels ajuntaments de la Val d&#8217;Aran, propietaris de les pistes forestals.<\/p>\n<p>La majoria d\u2019aquestes actuacions serviran a m\u00e9s, per reparar els importants danys causats per les riuades del 1 de juny de 2013, que van la Val d\u2019Aran i que encara no s\u2019han pogut refer del tot.<\/p>\n<p>L\u2019arranjament d\u2019aquestes pistes, tamb\u00e9 facilitar\u00e0 l\u2019acc\u00e9s a refugis d\u2019alta muntanya com podrien ser el de Restanca, Colomers, Saboredo, o els de l\u2019Artiga de Lin i Aneto per la vall de l\u2019Artiga i l\u2019itinerari d\u2019acc\u00e9s al Montlude.<\/p>\n<p><a href=\"http:\/\/www.conselharan.org\/wp-content\/uploads\/2017\/03\/2.jpg\"><img loading=\"lazy\" decoding=\"async\" class=\"aligncenter size-full wp-image-16195\" src=\"http:\/\/www.conselharan.org\/wp-content\/uploads\/2017\/03\/2.jpg\" alt=\"2\" width=\"788\" height=\"592\" srcset=\"https:\/\/www.conselharan.org\/wp-content\/uploads\/2017\/03\/2.jpg 788w, https:\/\/www.conselharan.org\/wp-content\/uploads\/2017\/03\/2-300x225.jpg 300w, https:\/\/www.conselharan.org\/wp-content\/uploads\/2017\/03\/2-768x577.jpg 768w\" sizes=\"(max-width: 788px) 100vw, 788px\" \/><\/a> <a href=\"http:\/\/www.conselharan.org\/wp-content\/uploads\/2017\/03\/3.jpg\"><img loading=\"lazy\" decoding=\"async\" class=\"aligncenter size-full wp-image-16196\" src=\"http:\/\/www.conselharan.org\/wp-content\/uploads\/2017\/03\/3.jpg\" alt=\"3\" width=\"788\" height=\"592\" srcset=\"https:\/\/www.conselharan.org\/wp-content\/uploads\/2017\/03\/3.jpg 788w, https:\/\/www.conselharan.org\/wp-content\/uploads\/2017\/03\/3-300x225.jpg 300w, https:\/\/www.conselharan.org\/wp-content\/uploads\/2017\/03\/3-768x577.jpg 768w\" sizes=\"(max-width: 788px) 100vw, 788px\" \/><\/a><\/p>\n ","protected":false},"excerpt":{"rendered":"<p>657.000 \u20ac provenen de l&#8217;eix 6 del fons FEDER 2014-2020 per a posar en valor el patrimoni natural i cultural europeu Vielha, 3 de mar\u00e7 de 2017.- El Conselh Generau d&#8217;Aran destinar\u00e0 1.592.000 \u20ac a la conservaci\u00f3 d&#8217;accessos al patrimoni natural i cultural de la Vall d&#8217;Aran, dels quals 657.000 \u20ac s\u00f3n provinents dels projectes&#8230;<\/p>\n","protected":false},"author":2,"featured_media":16194,"comment_status":"closed","ping_status":"closed","sticky":false,"template":"","format":"standard","meta":{"footnotes":""},"categories":[53,36],"tags":[],"_links":{"self":[{"href":"https:\/\/www.conselharan.org\/ca\/wp-json\/wp\/v2\/posts\/16200"}],"collection":[{"href":"https:\/\/www.conselharan.org\/ca\/wp-json\/wp\/v2\/posts"}],"about":[{"href":"https:\/\/www.conselharan.org\/ca\/wp-json\/wp\/v2\/types\/post"}],"author":[{"embeddable":true,"href":"https:\/\/www.conselharan.org\/ca\/wp-json\/wp\/v2\/users\/2"}],"replies":[{"embeddable":true,"href":"https:\/\/www.conselharan.org\/ca\/wp-json\/wp\/v2\/comments?post=16200"}],"version-history":[{"count":1,"href":"https:\/\/www.conselharan.org\/ca\/wp-json\/wp\/v2\/posts\/16200\/revisions"}],"predecessor-version":[{"id":16201,"href":"https:\/\/www.conselharan.org\/ca\/wp-json\/wp\/v2\/posts\/16200\/revisions\/16201"}],"wp:featuredmedia":[{"embeddable":true,"href":"https:\/\/www.conselharan.org\/ca\/wp-json\/wp\/v2\/media\/16194"}],"wp:attachment":[{"href":"https:\/\/www.conselharan.org\/ca\/wp-json\/wp\/v2\/media?parent=16200"}],"wp:term":[{"taxonomy":"category","embeddable":true,"href":"https:\/\/www.conselharan.org\/ca\/wp-json\/wp\/v2\/categories?post=16200"},{"taxonomy":"post_tag","embeddable":true,"href":"https:\/\/www.conselharan.org\/ca\/wp-json\/wp\/v2\/tags?post=16200"}],"curies":[{"name":"wp","href":"https:\/\/api.w.org\/{rel}","templated":true}]}}