{"id":16216,"date":"2017-03-08T14:41:24","date_gmt":"2017-03-08T13:41:24","guid":{"rendered":"http:\/\/www.conselharan.org\/ca\/?p=16216"},"modified":"2017-03-08T14:41:24","modified_gmt":"2017-03-08T13:41:24","slug":"els-esquiadors-del-club-ceva-marc-montes-3r-del-campionat-despanya-en-el-21e-top-caei-i-lisa-vallcorba-1a-al-7e-gp-espot-esqui","status":"publish","type":"post","link":"https:\/\/www.conselharan.org\/ca\/els-esquiadors-del-club-ceva-marc-montes-3r-del-campionat-despanya-en-el-21e-top-caei-i-lisa-vallcorba-1a-al-7e-gp-espot-esqui\/","title":{"rendered":"Els esquiadors del Club CEVA Marc Montes, 3r del Campionat d&#8217;Espanya en el 21\u00e8 TOP CAEI i Lisa Vallcorba 1\u00aa al 7\u00e8 GP Espot Esqu\u00ed"},"content":{"rendered":"<p>Vielha, 6 de mar\u00e7 de 2017<strong>.- Marc Montes del Club CEVA, va aconseguir la 3a posici\u00f3 en el campionat d&#8217;Espanya U18,<\/strong> en el 21\u00e8 TOP CAEI quarta prova de la 34a Lliga Catalana ABS i puntuable per a la Copa Espanya CIT, disputat aquest cap de setmana a Baqueira Beret.<\/p>\n<p><a href=\"http:\/\/www.conselharan.org\/wp-content\/uploads\/2017\/03\/IMG_4065.jpg\"><img loading=\"lazy\" decoding=\"async\" class=\"aligncenter size-large wp-image-16210\" src=\"http:\/\/www.conselharan.org\/wp-content\/uploads\/2017\/03\/IMG_4065-1024x768.jpg\" alt=\"IMG_4065\" width=\"1024\" height=\"768\" srcset=\"https:\/\/www.conselharan.org\/wp-content\/uploads\/2017\/03\/IMG_4065-1024x768.jpg 1024w, https:\/\/www.conselharan.org\/wp-content\/uploads\/2017\/03\/IMG_4065-300x225.jpg 300w, https:\/\/www.conselharan.org\/wp-content\/uploads\/2017\/03\/IMG_4065-768x576.jpg 768w, https:\/\/www.conselharan.org\/wp-content\/uploads\/2017\/03\/IMG_4065.jpg 1600w\" sizes=\"(max-width: 1024px) 100vw, 1024px\" \/><\/a><\/p>\n<p>D&#8217;altra banda, <strong>Lisa Vallcorba<\/strong> del Club CEVA, va aconseguir aquest cap de setmana la 1a posici\u00f3 en la 7a edici\u00f3 del Gran Premi Espot Esqu\u00ed, organitzada pel Espot Esqu\u00ed Club, on han competit corredors de la categoria U16.<\/p>\n<p>Els esportistes de la categoria U14 es van donar cita al 26\u00e8 Trofeu Club Esqu\u00ed Terrassa a Masella. A La prova, organitzada pel Club Esqu\u00ed Terrassa, van participar els corredors del CEVA <strong>Tom\u00e1s Barata<\/strong>, 7\u00e8 en el gegant mascul\u00ed, i <strong>Eugenia Brotons<\/strong>, 8a al gegant femen\u00ed.<\/p>\n<p>&nbsp;<\/p>\n<p><strong>Anna Esteve Bieto del Club CEVA en el Campionat del M\u00f3n J\u00fanior FIS d&#8217;Esqu\u00ed Alp\u00ed<\/strong><\/p>\n<p><strong>Anna Esteve Bieto<\/strong>, esquiadora del Club CEVA, participa des d&#8217;aquest dilluns en el <strong>Campionat del M\u00f3n J\u00fanior FIS d&#8217;Esqu\u00ed Alp\u00ed <\/strong>que se celebrar\u00e0 a Are (Su\u00e8cia), del 6 al 14 de mar\u00e7 de 2017. El Campionat del M\u00f3n J\u00fanior FIS d&#8217;Esqu\u00ed Alp\u00ed \u00e9s un dels esdeveniments de m\u00e0xim nivell esportiu en els esports d&#8217;hivern.<\/p>\n<p><a href=\"http:\/\/www.conselharan.org\/wp-content\/uploads\/2017\/03\/IMG_4064.jpg\"><img loading=\"lazy\" decoding=\"async\" class=\"aligncenter size-large wp-image-16209\" src=\"http:\/\/www.conselharan.org\/wp-content\/uploads\/2017\/03\/IMG_4064-1024x1024.jpg\" alt=\"IMG_4064\" width=\"1024\" height=\"1024\" srcset=\"https:\/\/www.conselharan.org\/wp-content\/uploads\/2017\/03\/IMG_4064-1024x1024.jpg 1024w, https:\/\/www.conselharan.org\/wp-content\/uploads\/2017\/03\/IMG_4064-150x150.jpg 150w, https:\/\/www.conselharan.org\/wp-content\/uploads\/2017\/03\/IMG_4064-300x300.jpg 300w, https:\/\/www.conselharan.org\/wp-content\/uploads\/2017\/03\/IMG_4064-768x768.jpg 768w, https:\/\/www.conselharan.org\/wp-content\/uploads\/2017\/03\/IMG_4064-270x270.jpg 270w, https:\/\/www.conselharan.org\/wp-content\/uploads\/2017\/03\/IMG_4064-207x207.jpg 207w, https:\/\/www.conselharan.org\/wp-content\/uploads\/2017\/03\/IMG_4064-75x75.jpg 75w, https:\/\/www.conselharan.org\/wp-content\/uploads\/2017\/03\/IMG_4064.jpg 1600w\" sizes=\"(max-width: 1024px) 100vw, 1024px\" \/><\/a> <a href=\"http:\/\/www.conselharan.org\/wp-content\/uploads\/2017\/03\/marc-montes.jpg\"><img loading=\"lazy\" decoding=\"async\" class=\"aligncenter size-full wp-image-16211\" src=\"http:\/\/www.conselharan.org\/wp-content\/uploads\/2017\/03\/marc-montes.jpg\" alt=\"marc montes\" width=\"640\" height=\"566\" srcset=\"https:\/\/www.conselharan.org\/wp-content\/uploads\/2017\/03\/marc-montes.jpg 640w, https:\/\/www.conselharan.org\/wp-content\/uploads\/2017\/03\/marc-montes-300x265.jpg 300w\" sizes=\"(max-width: 640px) 100vw, 640px\" \/><\/a><\/p>\n<p>&nbsp;<\/p>\n<p>Font: Club CEVA<\/p>\n ","protected":false},"excerpt":{"rendered":"<p>Vielha, 6 de mar\u00e7 de 2017.- Marc Montes del Club CEVA, va aconseguir la 3a posici\u00f3 en el campionat d&#8217;Espanya U18, en el 21\u00e8 TOP CAEI quarta prova de la 34a Lliga Catalana ABS i puntuable per a la Copa Espanya CIT, disputat aquest cap de setmana a Baqueira Beret. D&#8217;altra banda, Lisa Vallcorba del&#8230;<\/p>\n","protected":false},"author":2,"featured_media":16210,"comment_status":"closed","ping_status":"closed","sticky":false,"template":"","format":"standard","meta":{"footnotes":""},"categories":[136],"tags":[],"_links":{"self":[{"href":"https:\/\/www.conselharan.org\/ca\/wp-json\/wp\/v2\/posts\/16216"}],"collection":[{"href":"https:\/\/www.conselharan.org\/ca\/wp-json\/wp\/v2\/posts"}],"about":[{"href":"https:\/\/www.conselharan.org\/ca\/wp-json\/wp\/v2\/types\/post"}],"author":[{"embeddable":true,"href":"https:\/\/www.conselharan.org\/ca\/wp-json\/wp\/v2\/users\/2"}],"replies":[{"embeddable":true,"href":"https:\/\/www.conselharan.org\/ca\/wp-json\/wp\/v2\/comments?post=16216"}],"version-history":[{"count":1,"href":"https:\/\/www.conselharan.org\/ca\/wp-json\/wp\/v2\/posts\/16216\/revisions"}],"predecessor-version":[{"id":16217,"href":"https:\/\/www.conselharan.org\/ca\/wp-json\/wp\/v2\/posts\/16216\/revisions\/16217"}],"wp:featuredmedia":[{"embeddable":true,"href":"https:\/\/www.conselharan.org\/ca\/wp-json\/wp\/v2\/media\/16210"}],"wp:attachment":[{"href":"https:\/\/www.conselharan.org\/ca\/wp-json\/wp\/v2\/media?parent=16216"}],"wp:term":[{"taxonomy":"category","embeddable":true,"href":"https:\/\/www.conselharan.org\/ca\/wp-json\/wp\/v2\/categories?post=16216"},{"taxonomy":"post_tag","embeddable":true,"href":"https:\/\/www.conselharan.org\/ca\/wp-json\/wp\/v2\/tags?post=16216"}],"curies":[{"name":"wp","href":"https:\/\/api.w.org\/{rel}","templated":true}]}}