{"id":16224,"date":"2017-03-08T18:00:53","date_gmt":"2017-03-08T17:00:53","guid":{"rendered":"http:\/\/www.conselharan.org\/ca\/?p=16224"},"modified":"2017-03-09T13:04:10","modified_gmt":"2017-03-09T12:04:10","slug":"el-conselh-generau-daran-commemora-el-dia-de-la-dona","status":"publish","type":"post","link":"https:\/\/www.conselharan.org\/ca\/el-conselh-generau-daran-commemora-el-dia-de-la-dona\/","title":{"rendered":"El Conselh Generau d\u2019Aran commemora el dia de la Dona"},"content":{"rendered":"<p>Vielha, 8 de mar\u00e7 de 2017.- Avui dia 8 de mar\u00e7 el Conselh Generau d\u2019Aran ha commemorat el Dia Internacional de la Dona, amb dos actes. En el primer la conselh\u00e8ra de Salut e Ben\u00e9ster, <strong>Anna D<\/strong><strong>\u00ed<\/strong><strong>az<\/strong>, ha llegit el manifest institucional a la pla\u00e7a del Conselh Generau d\u2019Aran.<\/p>\n<p><a href=\"http:\/\/www.conselharan.org\/wp-content\/uploads\/2017\/03\/IMG_4277-001.jpg\"><img loading=\"lazy\" decoding=\"async\" class=\"aligncenter size-large wp-image-16221\" src=\"http:\/\/www.conselharan.org\/wp-content\/uploads\/2017\/03\/IMG_4277-001-1024x674.jpg\" alt=\"IMG_4277-001\" width=\"1024\" height=\"674\" srcset=\"https:\/\/www.conselharan.org\/wp-content\/uploads\/2017\/03\/IMG_4277-001-1024x674.jpg 1024w, https:\/\/www.conselharan.org\/wp-content\/uploads\/2017\/03\/IMG_4277-001-300x198.jpg 300w, https:\/\/www.conselharan.org\/wp-content\/uploads\/2017\/03\/IMG_4277-001-768x506.jpg 768w, https:\/\/www.conselharan.org\/wp-content\/uploads\/2017\/03\/IMG_4277-001.jpg 1200w\" sizes=\"(max-width: 1024px) 100vw, 1024px\" \/><\/a><\/p>\n<p>Tot seguit, el vicesindic d\u2019Aran, <strong>Lu<\/strong><strong>\u00ed<\/strong><strong>s Carlos Medina<\/strong> , la mateixa conselh\u00e8ra Anna D\u00edaz i la t\u00e8cnica\u00a0del SIAH (Servici d\u2019Informacion e Atencion ara Hemna)<strong> Montse de Burgos<\/strong>, han presentat el Pla d\u2019Igualtat del Conselh Generau, vinculat al desenvolupament de la Llei 17\/2015 d\u2019igualtat efectiva de dones i homes, a les administracions, organismes p\u00fablics i entitats privades.<\/p>\n<p>Durant la presentaci\u00f3 el vicesindic d\u2019Aran, <strong>Lu<\/strong><strong>\u00ed<\/strong><strong>s Carlos Medina<\/strong>, ha destacat les particularitats i el desenvolupament del Pla d\u2019Igualtat, en les vessants de l\u2019administraci\u00f3, de les empreses i de particulars, fent esment a la import\u00e0ncia de la pres\u00e8ncia de les dones en \u00e0mbits i llocs de responsabilitat del mateix Conselh Generau d\u2019Aran, com de la societat aranesa en general. Medina, ha recordat que al Conselh Generau d\u2019Aran, des de la seva restituci\u00f3 l\u2019any 1990, dues dones, <strong>Pilar Busquets i Amparo Serrano<\/strong> han ostentat el c\u00e0rrec de s\u00edndica de la m\u00e0xima instituci\u00f3 aranesa.<\/p>\n<p><a href=\"http:\/\/www.conselharan.org\/wp-content\/uploads\/2017\/03\/IMG_4268-001.jpg\"><img loading=\"lazy\" decoding=\"async\" class=\"aligncenter size-large wp-image-16220\" src=\"http:\/\/www.conselharan.org\/wp-content\/uploads\/2017\/03\/IMG_4268-001-1024x769.jpg\" alt=\"IMG_4268-001\" width=\"1024\" height=\"769\" srcset=\"https:\/\/www.conselharan.org\/wp-content\/uploads\/2017\/03\/IMG_4268-001-1024x769.jpg 1024w, https:\/\/www.conselharan.org\/wp-content\/uploads\/2017\/03\/IMG_4268-001-300x225.jpg 300w, https:\/\/www.conselharan.org\/wp-content\/uploads\/2017\/03\/IMG_4268-001-768x577.jpg 768w, https:\/\/www.conselharan.org\/wp-content\/uploads\/2017\/03\/IMG_4268-001.jpg 1200w\" sizes=\"(max-width: 1024px) 100vw, 1024px\" \/><\/a><\/p>\n<p>En el seu torn, la directora del SIAH, <strong>Montse de Burgos<\/strong>, ha explicat a grans trets les caracter\u00edstiques fonamentals del Pla d\u2019Igualtat del Conselh Generau d\u2019Aran, destacant-ne el marc normatiu, els diferents \u00e0mbits d\u2019actuaci\u00f3, i l\u2019obligaci\u00f3 de la instituci\u00f3 d\u2019oferir les eines per a l\u2019acc\u00e9s a l\u2019ocupaci\u00f3, la formaci\u00f3 i la promoci\u00f3 als llocs i les condicions de treball; aix\u00ed com promoure la conciliaci\u00f3 personal, laboral i familiar.<\/p>\n<p>De Burgos, ha assenyalat que en el cas del <strong>Conselh Generau d<\/strong><strong>\u2019<\/strong><strong>Aran, es compleix la paritat, ja que la plantilla l<\/strong><strong>\u2019<\/strong><strong>integren un 51% de dones i un 49% d<\/strong><strong>\u2019<\/strong><strong>homes.<\/strong><\/p>\n<p>Finalment, la conselh\u00e8ra <strong>Anna D<\/strong><strong>\u00ed<\/strong><strong>az<\/strong>, ha volgut assenyalar el paper fonamental de la fam\u00edlia, en l\u2019assoliment d\u2019una igualtat real entre homes i dones a la societat, com tamb\u00e9 el paper de l\u2019escola, pel que fa a la coeducaci\u00f3 dels m\u00e9s petits.<\/p>\n<p>Els actes commemoratius del Dia Internacional de la Dona, clouran el proper <strong>diumenge 12 de mar<\/strong><strong>\u00e7<\/strong><strong> a les 11h<\/strong>, , amb la celebraci\u00f3 de la <strong>\u201c<\/strong><strong>4<\/strong><strong>\u00aa<\/strong><strong> edici<\/strong><strong>\u00f3<\/strong><strong> de la Corsa dera Hemna Val d<\/strong><strong>\u2019<\/strong><strong>Aran<\/strong><strong>\u201d<\/strong>. La cursa \u00e9s oberta a tothom i a totes les edats i es pot fer corrent o b\u00e9 caminant, en un circuit urb\u00e0 de 5km pels carrers de Vielha.\u00a0 Si hi voleu participar encara us podeu inscriure a: <a href=\"https:\/\/www.inscripcions.cat\/corsaderahemna2017\/\">https:\/\/www.inscripcions.cat\/corsaderahemna2017\/<\/a><\/p>\n<p><a href=\"http:\/\/www.conselharan.org\/wp-content\/uploads\/2017\/03\/IMG_4282-001.jpg\"><img loading=\"lazy\" decoding=\"async\" class=\"aligncenter size-large wp-image-16222\" src=\"http:\/\/www.conselharan.org\/wp-content\/uploads\/2017\/03\/IMG_4282-001-1024x628.jpg\" alt=\"IMG_4282-001\" width=\"1024\" height=\"628\" srcset=\"https:\/\/www.conselharan.org\/wp-content\/uploads\/2017\/03\/IMG_4282-001-1024x628.jpg 1024w, https:\/\/www.conselharan.org\/wp-content\/uploads\/2017\/03\/IMG_4282-001-300x184.jpg 300w, https:\/\/www.conselharan.org\/wp-content\/uploads\/2017\/03\/IMG_4282-001-768x471.jpg 768w, https:\/\/www.conselharan.org\/wp-content\/uploads\/2017\/03\/IMG_4282-001.jpg 1200w\" sizes=\"(max-width: 1024px) 100vw, 1024px\" \/><\/a><\/p>\n ","protected":false},"excerpt":{"rendered":"<p>Vielha, 8 de mar\u00e7 de 2017.- Avui dia 8 de mar\u00e7 el Conselh Generau d\u2019Aran ha commemorat el Dia Internacional de la Dona, amb dos actes. En el primer la conselh\u00e8ra de Salut e Ben\u00e9ster, Anna D\u00edaz, ha llegit el manifest institucional a la pla\u00e7a del Conselh Generau d\u2019Aran. Tot seguit, el vicesindic d\u2019Aran, Lu\u00eds&#8230;<\/p>\n","protected":false},"author":2,"featured_media":16221,"comment_status":"closed","ping_status":"closed","sticky":false,"template":"","format":"standard","meta":{"footnotes":""},"categories":[53,36],"tags":[],"_links":{"self":[{"href":"https:\/\/www.conselharan.org\/ca\/wp-json\/wp\/v2\/posts\/16224"}],"collection":[{"href":"https:\/\/www.conselharan.org\/ca\/wp-json\/wp\/v2\/posts"}],"about":[{"href":"https:\/\/www.conselharan.org\/ca\/wp-json\/wp\/v2\/types\/post"}],"author":[{"embeddable":true,"href":"https:\/\/www.conselharan.org\/ca\/wp-json\/wp\/v2\/users\/2"}],"replies":[{"embeddable":true,"href":"https:\/\/www.conselharan.org\/ca\/wp-json\/wp\/v2\/comments?post=16224"}],"version-history":[{"count":2,"href":"https:\/\/www.conselharan.org\/ca\/wp-json\/wp\/v2\/posts\/16224\/revisions"}],"predecessor-version":[{"id":16231,"href":"https:\/\/www.conselharan.org\/ca\/wp-json\/wp\/v2\/posts\/16224\/revisions\/16231"}],"wp:featuredmedia":[{"embeddable":true,"href":"https:\/\/www.conselharan.org\/ca\/wp-json\/wp\/v2\/media\/16221"}],"wp:attachment":[{"href":"https:\/\/www.conselharan.org\/ca\/wp-json\/wp\/v2\/media?parent=16224"}],"wp:term":[{"taxonomy":"category","embeddable":true,"href":"https:\/\/www.conselharan.org\/ca\/wp-json\/wp\/v2\/categories?post=16224"},{"taxonomy":"post_tag","embeddable":true,"href":"https:\/\/www.conselharan.org\/ca\/wp-json\/wp\/v2\/tags?post=16224"}],"curies":[{"name":"wp","href":"https:\/\/api.w.org\/{rel}","templated":true}]}}