{"id":16251,"date":"2017-03-09T19:34:34","date_gmt":"2017-03-09T18:34:34","guid":{"rendered":"http:\/\/www.conselharan.org\/ca\/?p=16251"},"modified":"2017-03-09T19:34:34","modified_gmt":"2017-03-09T18:34:34","slug":"els-serveis-demergencies-pompiers-daran-i-sabs-participen-a-toulouse-en-la-trobada-internacional-de-medicina-de-catastrofes","status":"publish","type":"post","link":"https:\/\/www.conselharan.org\/ca\/els-serveis-demergencies-pompiers-daran-i-sabs-participen-a-toulouse-en-la-trobada-internacional-de-medicina-de-catastrofes\/","title":{"rendered":"Els Serveis d\u2019Emerg\u00e8ncies, Pompi\u00e8rs d\u2019Aran i SABS participen a Toulouse en la trobada internacional de medicina de cat\u00e0strofes"},"content":{"rendered":"<p>Vielha, 9 de mar\u00e7 de 2017.- Els responsables dels <strong>Serveis d\u2019Emerg\u00e8ncies<\/strong>, els <strong>Pompi\u00e8rs d\u2019Aran<\/strong> i del <strong>SABS <\/strong>(Servici Aran\u00e9s de Ben\u00e9ster e Salut), v\u00e0ren participar ahir en una trobada internacional sobre medicina de desastres, de com actuar davant de possibles atemptats i sobre l\u2019anticipaci\u00f3 de nous riscos.<\/p>\n<p><a href=\"http:\/\/www.conselharan.org\/wp-content\/uploads\/2017\/03\/IMG_2909.jpg\"><img loading=\"lazy\" decoding=\"async\" class=\"aligncenter size-large wp-image-16245\" src=\"http:\/\/www.conselharan.org\/wp-content\/uploads\/2017\/03\/IMG_2909-1024x768.jpg\" alt=\"IMG_2909\" width=\"1024\" height=\"768\" srcset=\"https:\/\/www.conselharan.org\/wp-content\/uploads\/2017\/03\/IMG_2909-1024x768.jpg 1024w, https:\/\/www.conselharan.org\/wp-content\/uploads\/2017\/03\/IMG_2909-300x225.jpg 300w, https:\/\/www.conselharan.org\/wp-content\/uploads\/2017\/03\/IMG_2909-768x576.jpg 768w, https:\/\/www.conselharan.org\/wp-content\/uploads\/2017\/03\/IMG_2909.jpg 1200w\" sizes=\"(max-width: 1024px) 100vw, 1024px\" \/><\/a><\/p>\n<p>Concretament, l\u2019aportaci\u00f3 dels serveis de la Val d\u2019Aran a la trobada, va consistir en la presentaci\u00f3 del Lloc M\u00e8dic Avan\u00e7at d\u2019assist\u00e8ncia en accidents amb m\u00faltiples v\u00edctimes.<\/p>\n<p>L\u2019hospital de campanya est\u00e0 dotat de dos Box d\u2019urg\u00e8ncies(absolutes i relatives), amb una capacitat de 12 places cadascun, juntament amb un vehicle avan\u00e7at d\u2019emerg\u00e8ncies.<\/p>\n<p>La presencia del Lloc M\u00e8dic Avan\u00e7at i la demostraci\u00f3 que van realitzar els Pompi\u00e8rs d\u2019Aran i el personal sanitari, va despertar l\u2019inter\u00e8s de les autoritats franceses i internacionals presents en la trobada.<\/p>\n<p>De la trobada de Toulouse, en destaca a m\u00e9s la sessi\u00f3 internacional en la que es van exposar els casos dels atemptats de Ni\u00e7a i de la sala Bataclan de Par\u00eds, de la gesti\u00f3 del multisite\u00a0 a Brussel\u00b7les l\u2019any 2016 i l\u2019actuaci\u00f3 dels serveis d\u2019emerg\u00e8ncies en l\u2019atemptat de la marat\u00f3 de Boston l\u2019any 2013, aix\u00ed com tamb\u00e9 dels sistemes d\u2019actuaci\u00f3 davant d\u2019amenaces qu\u00edmiques i biol\u00f2giques.<\/p>\n<p>El conselh\u00e8r de Territori, <strong>Jos\u00e9 Antonio Boya<\/strong>, va mostrar la plena disposici\u00f3 del <strong>Gov\u00e8rn d\u2019Aran<\/strong> i dels serveis sanitaris, d\u2019emerg\u00e8ncies i Pompi\u00e8rs d\u2019Aran, a col\u00b7laborar amb les autoritats franceses en l\u2019\u00e0mbit sanitari i d\u2019emerg\u00e8ncies.<\/p>\n<p><a href=\"http:\/\/www.conselharan.org\/wp-content\/uploads\/2017\/03\/IMG_2891.jpg\"><img loading=\"lazy\" decoding=\"async\" class=\"aligncenter size-large wp-image-16244\" src=\"http:\/\/www.conselharan.org\/wp-content\/uploads\/2017\/03\/IMG_2891-1024x730.jpg\" alt=\"IMG_2891\" width=\"1024\" height=\"730\" srcset=\"https:\/\/www.conselharan.org\/wp-content\/uploads\/2017\/03\/IMG_2891-1024x730.jpg 1024w, https:\/\/www.conselharan.org\/wp-content\/uploads\/2017\/03\/IMG_2891-300x214.jpg 300w, https:\/\/www.conselharan.org\/wp-content\/uploads\/2017\/03\/IMG_2891-768x547.jpg 768w, https:\/\/www.conselharan.org\/wp-content\/uploads\/2017\/03\/IMG_2891.jpg 1200w\" sizes=\"(max-width: 1024px) 100vw, 1024px\" \/><\/a> <a href=\"http:\/\/www.conselharan.org\/wp-content\/uploads\/2017\/03\/IMG_2925.jpg\"><img loading=\"lazy\" decoding=\"async\" class=\"aligncenter size-large wp-image-16246\" src=\"http:\/\/www.conselharan.org\/wp-content\/uploads\/2017\/03\/IMG_2925-1024x768.jpg\" alt=\"IMG_2925\" width=\"1024\" height=\"768\" srcset=\"https:\/\/www.conselharan.org\/wp-content\/uploads\/2017\/03\/IMG_2925-1024x768.jpg 1024w, https:\/\/www.conselharan.org\/wp-content\/uploads\/2017\/03\/IMG_2925-300x225.jpg 300w, https:\/\/www.conselharan.org\/wp-content\/uploads\/2017\/03\/IMG_2925-768x576.jpg 768w, https:\/\/www.conselharan.org\/wp-content\/uploads\/2017\/03\/IMG_2925.jpg 1200w\" sizes=\"(max-width: 1024px) 100vw, 1024px\" \/><\/a><\/p>\n<p>&nbsp;<\/p>\n ","protected":false},"excerpt":{"rendered":"<p>Vielha, 9 de mar\u00e7 de 2017.- Els responsables dels Serveis d\u2019Emerg\u00e8ncies, els Pompi\u00e8rs d\u2019Aran i del SABS (Servici Aran\u00e9s de Ben\u00e9ster e Salut), v\u00e0ren participar ahir en una trobada internacional sobre medicina de desastres, de com actuar davant de possibles atemptats i sobre l\u2019anticipaci\u00f3 de nous riscos. Concretament, l\u2019aportaci\u00f3 dels serveis de la Val d\u2019Aran&#8230;<\/p>\n","protected":false},"author":2,"featured_media":16245,"comment_status":"closed","ping_status":"closed","sticky":false,"template":"","format":"standard","meta":{"footnotes":""},"categories":[53],"tags":[],"_links":{"self":[{"href":"https:\/\/www.conselharan.org\/ca\/wp-json\/wp\/v2\/posts\/16251"}],"collection":[{"href":"https:\/\/www.conselharan.org\/ca\/wp-json\/wp\/v2\/posts"}],"about":[{"href":"https:\/\/www.conselharan.org\/ca\/wp-json\/wp\/v2\/types\/post"}],"author":[{"embeddable":true,"href":"https:\/\/www.conselharan.org\/ca\/wp-json\/wp\/v2\/users\/2"}],"replies":[{"embeddable":true,"href":"https:\/\/www.conselharan.org\/ca\/wp-json\/wp\/v2\/comments?post=16251"}],"version-history":[{"count":1,"href":"https:\/\/www.conselharan.org\/ca\/wp-json\/wp\/v2\/posts\/16251\/revisions"}],"predecessor-version":[{"id":16252,"href":"https:\/\/www.conselharan.org\/ca\/wp-json\/wp\/v2\/posts\/16251\/revisions\/16252"}],"wp:featuredmedia":[{"embeddable":true,"href":"https:\/\/www.conselharan.org\/ca\/wp-json\/wp\/v2\/media\/16245"}],"wp:attachment":[{"href":"https:\/\/www.conselharan.org\/ca\/wp-json\/wp\/v2\/media?parent=16251"}],"wp:term":[{"taxonomy":"category","embeddable":true,"href":"https:\/\/www.conselharan.org\/ca\/wp-json\/wp\/v2\/categories?post=16251"},{"taxonomy":"post_tag","embeddable":true,"href":"https:\/\/www.conselharan.org\/ca\/wp-json\/wp\/v2\/tags?post=16251"}],"curies":[{"name":"wp","href":"https:\/\/api.w.org\/{rel}","templated":true}]}}