{"id":16257,"date":"2017-03-10T12:54:35","date_gmt":"2017-03-10T11:54:35","guid":{"rendered":"http:\/\/www.conselharan.org\/ca\/?p=16257"},"modified":"2017-04-10T10:16:08","modified_gmt":"2017-04-10T08:16:08","slug":"la-vall-daran-acollira-el-4t-congres-nacional-dagents-forestals-i-mediambientals-amb-la-tematica-de-seguretat-i-policia-mediambiental","status":"publish","type":"post","link":"https:\/\/www.conselharan.org\/ca\/la-vall-daran-acollira-el-4t-congres-nacional-dagents-forestals-i-mediambientals-amb-la-tematica-de-seguretat-i-policia-mediambiental\/","title":{"rendered":"La Vall d&#8217;Aran acollir\u00e0 el 4t Congr\u00e9s Nacional d&#8217;Agents Forestals i Mediambientals amb la tem\u00e0tica de Seguretat i Policia Mediambiental"},"content":{"rendered":"<p><strong>Del 18 al 20 d&#8217;octubre, la Vall d&#8217;Aran acollir\u00e0 aquest important congr\u00e9s on es realitzaran pon\u00e8ncies i debats.<\/strong><\/p>\n<p>&nbsp;<\/p>\n<p><img loading=\"lazy\" decoding=\"async\" class=\"aligncenter size-large wp-image-16082\" src=\"http:\/\/www.conselharan.org\/wp-content\/uploads\/2017\/02\/paisatge-1024x576.jpg\" alt=\"paisatge\" width=\"1024\" height=\"576\" srcset=\"https:\/\/www.conselharan.org\/wp-content\/uploads\/2017\/02\/paisatge-1024x576.jpg 1024w, https:\/\/www.conselharan.org\/wp-content\/uploads\/2017\/02\/paisatge-300x169.jpg 300w, https:\/\/www.conselharan.org\/wp-content\/uploads\/2017\/02\/paisatge-768x432.jpg 768w, https:\/\/www.conselharan.org\/wp-content\/uploads\/2017\/02\/paisatge.jpg 1328w\" sizes=\"(max-width: 1024px) 100vw, 1024px\" \/><\/p>\n<p>&nbsp;<\/p>\n<p><strong>El Conselh Generau d&#8217;Aran, a trav\u00e9s del Departament d&#8217;Agricultura, Ramaderia i Medi Natural d&#8217;Aran<\/strong>, organitzara el 4t Congr\u00e9s Nacional d&#8217;Agents Forestals i Mediambientals que tindr\u00e0 lloc del 18 al 20 d&#8217;octubre al Vall d&#8217;Aran.<\/p>\n<p>&nbsp;<\/p>\n<p><img loading=\"lazy\" decoding=\"async\" class=\"aligncenter size-large wp-image-16081\" src=\"http:\/\/www.conselharan.org\/wp-content\/uploads\/2017\/02\/agents-pompi\u00e8rs-1024x576.jpg\" alt=\"agents-pompi\u00e8rs\" width=\"1024\" height=\"576\" srcset=\"https:\/\/www.conselharan.org\/wp-content\/uploads\/2017\/02\/agents-pompi\u00e8rs-1024x576.jpg 1024w, https:\/\/www.conselharan.org\/wp-content\/uploads\/2017\/02\/agents-pompi\u00e8rs-300x169.jpg 300w, https:\/\/www.conselharan.org\/wp-content\/uploads\/2017\/02\/agents-pompi\u00e8rs-768x432.jpg 768w, https:\/\/www.conselharan.org\/wp-content\/uploads\/2017\/02\/agents-pompi\u00e8rs.jpg 1600w\" sizes=\"(max-width: 1024px) 100vw, 1024px\" \/><\/p>\n<p>&nbsp;<\/p>\n<p>El Congr\u00e9s comptar\u00e0 amb pon\u00e8ncies i debats amb la seg\u00fcent tem\u00e1tica:<\/p>\n<p>&#8211; Funcions dels Agents de Medi Ambient com a policia mediambiental.<\/p>\n<p>&#8211; Persecuci\u00f3 de delictes.<\/p>\n<p>&#8211; Seguretat i riscos laborals.<\/p>\n<p>&#8211; \u00das de noves tecnologies i unitats amb gossos.<\/p>\n<p>&#8211; Pon\u00e8ncies d&#8217;Agents Forestals italians i francesos.<\/p>\n<p>&nbsp;<\/p>\n<p><img loading=\"lazy\" decoding=\"async\" class=\"aligncenter size-large wp-image-16078\" src=\"http:\/\/www.conselharan.org\/wp-content\/uploads\/2017\/02\/agents-768x1024.jpg\" alt=\"agents\" width=\"768\" height=\"1024\" srcset=\"https:\/\/www.conselharan.org\/wp-content\/uploads\/2017\/02\/agents-768x1024.jpg 768w, https:\/\/www.conselharan.org\/wp-content\/uploads\/2017\/02\/agents-225x300.jpg 225w, https:\/\/www.conselharan.org\/wp-content\/uploads\/2017\/02\/agents.jpg 1200w\" sizes=\"(max-width: 768px) 100vw, 768px\" \/><\/p>\n<p>&nbsp;<\/p>\n<p>&nbsp;<\/p>\n<p><img loading=\"lazy\" decoding=\"async\" class=\"aligncenter size-large wp-image-16080\" src=\"http:\/\/www.conselharan.org\/wp-content\/uploads\/2017\/02\/huec-1024x577.jpg\" alt=\"huec\" width=\"1024\" height=\"577\" srcset=\"https:\/\/www.conselharan.org\/wp-content\/uploads\/2017\/02\/huec-1024x577.jpg 1024w, https:\/\/www.conselharan.org\/wp-content\/uploads\/2017\/02\/huec-300x169.jpg 300w, https:\/\/www.conselharan.org\/wp-content\/uploads\/2017\/02\/huec-768x433.jpg 768w, https:\/\/www.conselharan.org\/wp-content\/uploads\/2017\/02\/huec.jpg 1136w\" sizes=\"(max-width: 1024px) 100vw, 1024px\" \/><\/p>\n<p>&nbsp;<\/p>\n<p>En breu s&#8217;obriran les inscripcions i es disposar\u00e0 del programa definitiu, el Departament d&#8217;Agricultura, Ramaderia i Medi Natural d&#8217;Aran est\u00e0 obert al fet que els professionals interessats puguin aportar temes per a les pon\u00e8ncies, panells i estands.<\/p>\n<p>&nbsp;<\/p>\n<p><img loading=\"lazy\" decoding=\"async\" class=\"aligncenter size-large wp-image-16083\" src=\"http:\/\/www.conselharan.org\/wp-content\/uploads\/2017\/02\/paisatge2-576x1024.jpg\" alt=\"paisatge2\" width=\"576\" height=\"1024\" srcset=\"https:\/\/www.conselharan.org\/wp-content\/uploads\/2017\/02\/paisatge2-576x1024.jpg 576w, https:\/\/www.conselharan.org\/wp-content\/uploads\/2017\/02\/paisatge2-169x300.jpg 169w, https:\/\/www.conselharan.org\/wp-content\/uploads\/2017\/02\/paisatge2.jpg 747w\" sizes=\"(max-width: 576px) 100vw, 576px\" \/><\/p>\n<p>&nbsp;<\/p>\n<p>&nbsp;<\/p>\n<p><em>Fotos: Agents de Miei Ambient deth Conselh Generau d&#8217;Aran<\/em><\/p>\n ","protected":false},"excerpt":{"rendered":"<p>Del 18 al 20 d&#8217;octubre, la Vall d&#8217;Aran acollir\u00e0 aquest important congr\u00e9s on es realitzaran pon\u00e8ncies i debats. &nbsp; &nbsp; El Conselh Generau d&#8217;Aran, a trav\u00e9s del Departament d&#8217;Agricultura, Ramaderia i Medi Natural d&#8217;Aran, organitzara el 4t Congr\u00e9s Nacional d&#8217;Agents Forestals i Mediambientals que tindr\u00e0 lloc del 18 al 20 d&#8217;octubre al Vall d&#8217;Aran. &nbsp;&#8230;<\/p>\n","protected":false},"author":2,"featured_media":16078,"comment_status":"closed","ping_status":"closed","sticky":false,"template":"","format":"standard","meta":{"footnotes":""},"categories":[127,33],"tags":[],"_links":{"self":[{"href":"https:\/\/www.conselharan.org\/ca\/wp-json\/wp\/v2\/posts\/16257"}],"collection":[{"href":"https:\/\/www.conselharan.org\/ca\/wp-json\/wp\/v2\/posts"}],"about":[{"href":"https:\/\/www.conselharan.org\/ca\/wp-json\/wp\/v2\/types\/post"}],"author":[{"embeddable":true,"href":"https:\/\/www.conselharan.org\/ca\/wp-json\/wp\/v2\/users\/2"}],"replies":[{"embeddable":true,"href":"https:\/\/www.conselharan.org\/ca\/wp-json\/wp\/v2\/comments?post=16257"}],"version-history":[{"count":2,"href":"https:\/\/www.conselharan.org\/ca\/wp-json\/wp\/v2\/posts\/16257\/revisions"}],"predecessor-version":[{"id":16892,"href":"https:\/\/www.conselharan.org\/ca\/wp-json\/wp\/v2\/posts\/16257\/revisions\/16892"}],"wp:featuredmedia":[{"embeddable":true,"href":"https:\/\/www.conselharan.org\/ca\/wp-json\/wp\/v2\/media\/16078"}],"wp:attachment":[{"href":"https:\/\/www.conselharan.org\/ca\/wp-json\/wp\/v2\/media?parent=16257"}],"wp:term":[{"taxonomy":"category","embeddable":true,"href":"https:\/\/www.conselharan.org\/ca\/wp-json\/wp\/v2\/categories?post=16257"},{"taxonomy":"post_tag","embeddable":true,"href":"https:\/\/www.conselharan.org\/ca\/wp-json\/wp\/v2\/tags?post=16257"}],"curies":[{"name":"wp","href":"https:\/\/api.w.org\/{rel}","templated":true}]}}