{"id":16287,"date":"2017-03-10T18:44:49","date_gmt":"2017-03-10T17:44:49","guid":{"rendered":"http:\/\/www.conselharan.org\/ca\/?p=16287"},"modified":"2017-03-10T18:44:49","modified_gmt":"2017-03-10T17:44:49","slug":"torisme-val-daran-present-a-la-copa-despanya-de-futbol-sala","status":"publish","type":"post","link":"https:\/\/www.conselharan.org\/ca\/torisme-val-daran-present-a-la-copa-despanya-de-futbol-sala\/","title":{"rendered":"Torisme Val d&#8217;Aran present a la Copa d&#8217;Espanya de Futbol Sala"},"content":{"rendered":"<p>Vielha, 10 de mar\u00e7 de 2017.- <strong>La Val d&#8217;Aran ser\u00e0 present a la Copa d&#8217;Espanya Ciudad Real 2017 de Futbol Sala<\/strong>, que se celebra fins al diumenge 12 de mar\u00e7, amb el lema <strong>&#8220;Val d&#8217;Aran, l&#8217;ess\u00e8ncia dels Pirineus\u201d.<\/strong><\/p>\n<p><a href=\"http:\/\/www.conselharan.org\/wp-content\/uploads\/2017\/03\/Captura-de-pantalla-completa-10032017-174349.jpg\"><img loading=\"lazy\" decoding=\"async\" class=\"aligncenter size-large wp-image-16282\" src=\"http:\/\/www.conselharan.org\/wp-content\/uploads\/2017\/03\/Captura-de-pantalla-completa-10032017-174349-1024x579.jpg\" alt=\"Captura de pantalla completa 10032017 174349\" width=\"1024\" height=\"579\" srcset=\"https:\/\/www.conselharan.org\/wp-content\/uploads\/2017\/03\/Captura-de-pantalla-completa-10032017-174349-1024x579.jpg 1024w, https:\/\/www.conselharan.org\/wp-content\/uploads\/2017\/03\/Captura-de-pantalla-completa-10032017-174349-300x170.jpg 300w, https:\/\/www.conselharan.org\/wp-content\/uploads\/2017\/03\/Captura-de-pantalla-completa-10032017-174349-768x434.jpg 768w, https:\/\/www.conselharan.org\/wp-content\/uploads\/2017\/03\/Captura-de-pantalla-completa-10032017-174349.jpg 1790w\" sizes=\"(max-width: 1024px) 100vw, 1024px\" \/><\/a><\/p>\n<p>La Copa d&#8217;Espanya de Futbol Sala \u00e9s el torneig m\u00e9s atractiu de la temporada i el que m\u00e9s expectaci\u00f3 aixeca. La Copa d&#8217;Espanya es podr\u00e0 veure a 40 pa\u00efsos.<\/p>\n<p>Televisi\u00f3 Espanyola emetr\u00e0 \u00edntegrament a trav\u00e9s del canal Teledeporte els 7 partits del torneig. Eurosport tamb\u00e9 realitzar\u00e0 una ampl\u00edssima cobertura, emetent un partit per dia a trav\u00e9s del canal Eurosport 2, aix\u00ed com Esport 3 que tamb\u00e9 emetr\u00e0 partits en directe.<\/p>\n<p>Es calcula que les audi\u00e8ncies previstes aproximades nom\u00e9s a Espanya, arribin a superar els 4 milions d&#8217;espectadors.<\/p>\n<p>La conselh\u00e8ra de Turisme del Conselh Generau d\u2019Aran, <strong>Anna D\u00edaz<\/strong>, ha recordat que molts equips de primer nivell de futbol sala espanyols ja fa anys que escullen la Val d&#8217;Aran per als seus stages d&#8217;estiu, on troben les condicions i instal\u00b7lacions esportives necess\u00e0ries per dur a terme la preparaci\u00f3 de la temporada. A aix\u00f2 cal afegir l&#8217;aposta del Govern d&#8217;Aran per a celebrar esdeveniments esportius de primer ordre mundial com l&#8217;etapa del <strong>Tour de Fran\u00e7a<\/strong> de l&#8217;estiu passat, que contribueixen a la promoci\u00f3 de la Val d&#8217;Aran tamb\u00e9 com a destinaci\u00f3 tur\u00edstica esportiva fora de la temporada d\u2019esqu\u00ed.<\/p>\n<p><a href=\"http:\/\/www.conselharan.org\/wp-content\/uploads\/2017\/03\/Captura-de-pantalla-completa-10032017-174236.jpg\"><img loading=\"lazy\" decoding=\"async\" class=\"aligncenter size-large wp-image-16281\" src=\"http:\/\/www.conselharan.org\/wp-content\/uploads\/2017\/03\/Captura-de-pantalla-completa-10032017-174236-1024x579.jpg\" alt=\"Captura de pantalla completa 10032017 174236\" width=\"1024\" height=\"579\" srcset=\"https:\/\/www.conselharan.org\/wp-content\/uploads\/2017\/03\/Captura-de-pantalla-completa-10032017-174236-1024x579.jpg 1024w, https:\/\/www.conselharan.org\/wp-content\/uploads\/2017\/03\/Captura-de-pantalla-completa-10032017-174236-300x170.jpg 300w, https:\/\/www.conselharan.org\/wp-content\/uploads\/2017\/03\/Captura-de-pantalla-completa-10032017-174236-768x434.jpg 768w, https:\/\/www.conselharan.org\/wp-content\/uploads\/2017\/03\/Captura-de-pantalla-completa-10032017-174236.jpg 1805w\" sizes=\"(max-width: 1024px) 100vw, 1024px\" \/><\/a> <a href=\"http:\/\/www.conselharan.org\/wp-content\/uploads\/2017\/03\/Captura-de-pantalla-completa-10032017-174355.jpg\"><img loading=\"lazy\" decoding=\"async\" class=\"aligncenter size-large wp-image-16283\" src=\"http:\/\/www.conselharan.org\/wp-content\/uploads\/2017\/03\/Captura-de-pantalla-completa-10032017-174355-1024x664.jpg\" alt=\"Captura de pantalla completa 10032017 174355\" width=\"1024\" height=\"664\" srcset=\"https:\/\/www.conselharan.org\/wp-content\/uploads\/2017\/03\/Captura-de-pantalla-completa-10032017-174355-1024x664.jpg 1024w, https:\/\/www.conselharan.org\/wp-content\/uploads\/2017\/03\/Captura-de-pantalla-completa-10032017-174355-300x195.jpg 300w, https:\/\/www.conselharan.org\/wp-content\/uploads\/2017\/03\/Captura-de-pantalla-completa-10032017-174355-768x498.jpg 768w, https:\/\/www.conselharan.org\/wp-content\/uploads\/2017\/03\/Captura-de-pantalla-completa-10032017-174355.jpg 1642w\" sizes=\"(max-width: 1024px) 100vw, 1024px\" \/><\/a><\/p>\n ","protected":false},"excerpt":{"rendered":"<p>Vielha, 10 de mar\u00e7 de 2017.- La Val d&#8217;Aran ser\u00e0 present a la Copa d&#8217;Espanya Ciudad Real 2017 de Futbol Sala, que se celebra fins al diumenge 12 de mar\u00e7, amb el lema &#8220;Val d&#8217;Aran, l&#8217;ess\u00e8ncia dels Pirineus\u201d. La Copa d&#8217;Espanya de Futbol Sala \u00e9s el torneig m\u00e9s atractiu de la temporada i el que&#8230;<\/p>\n","protected":false},"author":2,"featured_media":16282,"comment_status":"closed","ping_status":"closed","sticky":false,"template":"","format":"standard","meta":{"footnotes":""},"categories":[53],"tags":[],"_links":{"self":[{"href":"https:\/\/www.conselharan.org\/ca\/wp-json\/wp\/v2\/posts\/16287"}],"collection":[{"href":"https:\/\/www.conselharan.org\/ca\/wp-json\/wp\/v2\/posts"}],"about":[{"href":"https:\/\/www.conselharan.org\/ca\/wp-json\/wp\/v2\/types\/post"}],"author":[{"embeddable":true,"href":"https:\/\/www.conselharan.org\/ca\/wp-json\/wp\/v2\/users\/2"}],"replies":[{"embeddable":true,"href":"https:\/\/www.conselharan.org\/ca\/wp-json\/wp\/v2\/comments?post=16287"}],"version-history":[{"count":1,"href":"https:\/\/www.conselharan.org\/ca\/wp-json\/wp\/v2\/posts\/16287\/revisions"}],"predecessor-version":[{"id":16288,"href":"https:\/\/www.conselharan.org\/ca\/wp-json\/wp\/v2\/posts\/16287\/revisions\/16288"}],"wp:featuredmedia":[{"embeddable":true,"href":"https:\/\/www.conselharan.org\/ca\/wp-json\/wp\/v2\/media\/16282"}],"wp:attachment":[{"href":"https:\/\/www.conselharan.org\/ca\/wp-json\/wp\/v2\/media?parent=16287"}],"wp:term":[{"taxonomy":"category","embeddable":true,"href":"https:\/\/www.conselharan.org\/ca\/wp-json\/wp\/v2\/categories?post=16287"},{"taxonomy":"post_tag","embeddable":true,"href":"https:\/\/www.conselharan.org\/ca\/wp-json\/wp\/v2\/tags?post=16287"}],"curies":[{"name":"wp","href":"https:\/\/api.w.org\/{rel}","templated":true}]}}