{"id":16328,"date":"2017-03-12T17:51:57","date_gmt":"2017-03-12T16:51:57","guid":{"rendered":"http:\/\/www.conselharan.org\/ca\/300-participaires-ena-4au-corsa-dera-hemna-val-daran\/"},"modified":"2017-03-12T18:02:12","modified_gmt":"2017-03-12T17:02:12","slug":"300-participaires-ena-4au-corsa-dera-hemna-val-daran","status":"publish","type":"post","link":"https:\/\/www.conselharan.org\/ca\/300-participaires-ena-4au-corsa-dera-hemna-val-daran\/","title":{"rendered":"300 participants a la 4\u00aa Corsa dera Hemna Val d\u2019Aran"},"content":{"rendered":"<p>Vielha. 12 de mar\u00e7 de 2017.- La<strong> 4\u00aa edici\u00f3 de la Corsa dera Hemna Val d\u2019Aran<\/strong> ha posat el punt final als actes organitzats pel <strong>Conselh Generau d\u2019Aran<\/strong> en motiu del Dia Internacional de la Dona, amb la participaci\u00f3 de <strong>300 corredors de totes les edats<\/strong> que han completat dues voltes al recorregut urb\u00e0 de 5Km pels carrers de Vielha.<\/p>\n<p><a href=\"http:\/\/www.conselharan.org\/wp-content\/uploads\/2017\/03\/IMG_4646.jpg\"><img loading=\"lazy\" decoding=\"async\" class=\"aligncenter size-large wp-image-16290\" src=\"http:\/\/www.conselharan.org\/wp-content\/uploads\/2017\/03\/IMG_4646-1024x692.jpg\" alt=\"IMG_4646\" width=\"1024\" height=\"692\" srcset=\"https:\/\/www.conselharan.org\/wp-content\/uploads\/2017\/03\/IMG_4646-1024x692.jpg 1024w, https:\/\/www.conselharan.org\/wp-content\/uploads\/2017\/03\/IMG_4646-300x203.jpg 300w, https:\/\/www.conselharan.org\/wp-content\/uploads\/2017\/03\/IMG_4646-768x519.jpg 768w\" sizes=\"(max-width: 1024px) 100vw, 1024px\" \/><\/a><\/p>\n<p>&nbsp;<\/p>\n<p>La Corsa dera Hemna, que \u00e9s oberta a tothom i a totes les edats i es pot fer corrent o b\u00e9 caminant, enguany ha arribat a la 4\u00aa edici\u00f3 i ha esdevingut un dels esdeveniments populars amb m\u00e9s participaci\u00f3 a la Val d\u2019Aran.<\/p>\n<p>La conselh\u00e8ra de Salut e Ben\u00e9ster del Gov\u00e8rn d\u2019Aran, <strong>Anna D\u00edaz<\/strong>, que tamb\u00e9 ha participat a la cursa, ha felicitat a tots els participants\u00a0 per la seva implicaci\u00f3 en la cursa organitzada pel Servici d\u2019Informacion e Atencion ara Hemna (SIAH) del Conselh Generau d\u2019Aran en col\u00b7laboraci\u00f3 amb el Conselh Esportiu de la Val d\u2019Aran i l\u2019Associaci\u00f3 Volentaris Val d\u2019Aran.<\/p>\n<p>&nbsp;<\/p>\n<p><strong>Resultats:<\/strong><\/p>\n<p><strong>General Femen\u00ed<\/strong><\/p>\n<p>1 Sara D\u00edaz Mart\u00edn<\/p>\n<p>2 Aran Ros Castet<\/p>\n<p>3 Beatr\u00edz Brenes Vicente<\/p>\n<p>&nbsp;<\/p>\n<p><strong>Categoria M\u00e0ster Femen\u00ed<\/strong><\/p>\n<p>1 Chantal Darroux<\/p>\n<p>2 Pilar Vicente Castet<\/p>\n<p>3 Mar\u00eda Garc\u00eda Robles<\/p>\n<p>&nbsp;<\/p>\n<p><strong>Categoria Veter\u00e0 2 F<\/strong><\/p>\n<p>1 Rosa Elena Garc\u00eda Tejada<\/p>\n<p>2 Pilar Medan Abos<\/p>\n<p>3 Fina Calvo Asensio<\/p>\n<p>&nbsp;<\/p>\n<p><strong>Categoria Veter\u00e0 1 F<\/strong><\/p>\n<p>1 Sara D\u00edaz Mart\u00edn<\/p>\n<p>2 Esther Ros Carrera<\/p>\n<p>3 M. Carmen Garc\u00eda \u00c1lvarez<\/p>\n<p><strong>\u00a0<\/strong><\/p>\n<p><strong>Categoria Senior F<\/strong><\/p>\n<p>1 Aran Ros Castet<\/p>\n<p>2 Beatr\u00edz Brenes Vicente<\/p>\n<p>3 Bego\u00f1a Asensio Gonz\u00e1lez<\/p>\n<p>&nbsp;<\/p>\n<p><strong>Categoria Juvenil F<\/strong><\/p>\n<p>1 Mar\u00eda Lucas Puertas<\/p>\n<p>Alba Sastrada Capel<\/p>\n<p>Jana Batalla Estevez<\/p>\n<p>&nbsp;<\/p>\n<p><strong>General Mascul\u00ed<\/strong><\/p>\n<p>1 Jos\u00e9 Ram\u00f3n Rodr\u00edguez Palac\u00edn<\/p>\n<p>2 Georges Sarion<\/p>\n<p>3 Eric Fern\u00e1ndez Caubet<\/p>\n<p><a href=\"http:\/\/www.conselharan.org\/wp-content\/uploads\/2017\/03\/IMG_5029.jpg\"><img loading=\"lazy\" decoding=\"async\" class=\"aligncenter size-large wp-image-16321\" src=\"http:\/\/www.conselharan.org\/wp-content\/uploads\/2017\/03\/IMG_5029-1024x628.jpg\" alt=\"IMG_5029\" width=\"1024\" height=\"628\" srcset=\"https:\/\/www.conselharan.org\/wp-content\/uploads\/2017\/03\/IMG_5029-1024x628.jpg 1024w, https:\/\/www.conselharan.org\/wp-content\/uploads\/2017\/03\/IMG_5029-300x184.jpg 300w, https:\/\/www.conselharan.org\/wp-content\/uploads\/2017\/03\/IMG_5029-768x471.jpg 768w, https:\/\/www.conselharan.org\/wp-content\/uploads\/2017\/03\/IMG_5029.jpg 1700w\" sizes=\"(max-width: 1024px) 100vw, 1024px\" \/><\/a><\/p>\n<p>&nbsp;<\/p>\n<p><a href=\"http:\/\/www.conselharan.org\/wp-content\/uploads\/2017\/03\/IMG_4991.jpg\"><img loading=\"lazy\" decoding=\"async\" class=\"aligncenter size-large wp-image-16316\" src=\"http:\/\/www.conselharan.org\/wp-content\/uploads\/2017\/03\/IMG_4991-1024x768.jpg\" alt=\"IMG_4991\" width=\"1024\" height=\"768\" srcset=\"https:\/\/www.conselharan.org\/wp-content\/uploads\/2017\/03\/IMG_4991-1024x768.jpg 1024w, https:\/\/www.conselharan.org\/wp-content\/uploads\/2017\/03\/IMG_4991-300x225.jpg 300w, https:\/\/www.conselharan.org\/wp-content\/uploads\/2017\/03\/IMG_4991-768x576.jpg 768w\" sizes=\"(max-width: 1024px) 100vw, 1024px\" \/><\/a> <a href=\"http:\/\/www.conselharan.org\/wp-content\/uploads\/2017\/03\/IMG_4977.jpg\"><img loading=\"lazy\" decoding=\"async\" class=\"aligncenter size-large wp-image-16315\" src=\"http:\/\/www.conselharan.org\/wp-content\/uploads\/2017\/03\/IMG_4977-1024x763.jpg\" alt=\"IMG_4977\" width=\"1024\" height=\"763\" srcset=\"https:\/\/www.conselharan.org\/wp-content\/uploads\/2017\/03\/IMG_4977-1024x763.jpg 1024w, https:\/\/www.conselharan.org\/wp-content\/uploads\/2017\/03\/IMG_4977-300x224.jpg 300w, https:\/\/www.conselharan.org\/wp-content\/uploads\/2017\/03\/IMG_4977-768x572.jpg 768w\" sizes=\"(max-width: 1024px) 100vw, 1024px\" \/><\/a> <a href=\"http:\/\/www.conselharan.org\/wp-content\/uploads\/2017\/03\/IMG_4968.jpg\"><img loading=\"lazy\" decoding=\"async\" class=\"aligncenter size-large wp-image-16314\" src=\"http:\/\/www.conselharan.org\/wp-content\/uploads\/2017\/03\/IMG_4968-1024x656.jpg\" alt=\"IMG_4968\" width=\"1024\" height=\"656\" srcset=\"https:\/\/www.conselharan.org\/wp-content\/uploads\/2017\/03\/IMG_4968-1024x656.jpg 1024w, https:\/\/www.conselharan.org\/wp-content\/uploads\/2017\/03\/IMG_4968-300x192.jpg 300w, https:\/\/www.conselharan.org\/wp-content\/uploads\/2017\/03\/IMG_4968-768x492.jpg 768w\" sizes=\"(max-width: 1024px) 100vw, 1024px\" \/><\/a> <a href=\"http:\/\/www.conselharan.org\/wp-content\/uploads\/2017\/03\/IMG_4958.jpg\"><img loading=\"lazy\" decoding=\"async\" class=\"aligncenter size-large wp-image-16313\" src=\"http:\/\/www.conselharan.org\/wp-content\/uploads\/2017\/03\/IMG_4958-1024x762.jpg\" alt=\"IMG_4958\" width=\"1024\" height=\"762\" srcset=\"https:\/\/www.conselharan.org\/wp-content\/uploads\/2017\/03\/IMG_4958-1024x762.jpg 1024w, https:\/\/www.conselharan.org\/wp-content\/uploads\/2017\/03\/IMG_4958-300x223.jpg 300w, https:\/\/www.conselharan.org\/wp-content\/uploads\/2017\/03\/IMG_4958-768x572.jpg 768w\" sizes=\"(max-width: 1024px) 100vw, 1024px\" \/><\/a> <a href=\"http:\/\/www.conselharan.org\/wp-content\/uploads\/2017\/03\/IMG_4940.jpg\"><img loading=\"lazy\" decoding=\"async\" class=\"aligncenter size-large wp-image-16312\" src=\"http:\/\/www.conselharan.org\/wp-content\/uploads\/2017\/03\/IMG_4940-1024x768.jpg\" alt=\"IMG_4940\" width=\"1024\" height=\"768\" srcset=\"https:\/\/www.conselharan.org\/wp-content\/uploads\/2017\/03\/IMG_4940-1024x768.jpg 1024w, https:\/\/www.conselharan.org\/wp-content\/uploads\/2017\/03\/IMG_4940-300x225.jpg 300w, https:\/\/www.conselharan.org\/wp-content\/uploads\/2017\/03\/IMG_4940-768x576.jpg 768w\" sizes=\"(max-width: 1024px) 100vw, 1024px\" \/><\/a> <a href=\"http:\/\/www.conselharan.org\/wp-content\/uploads\/2017\/03\/IMG_4932.jpg\"><img loading=\"lazy\" decoding=\"async\" class=\"aligncenter size-large wp-image-16311\" src=\"http:\/\/www.conselharan.org\/wp-content\/uploads\/2017\/03\/IMG_4932-1024x769.jpg\" alt=\"IMG_4932\" width=\"1024\" height=\"769\" srcset=\"https:\/\/www.conselharan.org\/wp-content\/uploads\/2017\/03\/IMG_4932-1024x769.jpg 1024w, https:\/\/www.conselharan.org\/wp-content\/uploads\/2017\/03\/IMG_4932-300x225.jpg 300w, https:\/\/www.conselharan.org\/wp-content\/uploads\/2017\/03\/IMG_4932-768x577.jpg 768w\" sizes=\"(max-width: 1024px) 100vw, 1024px\" \/><\/a> <a href=\"http:\/\/www.conselharan.org\/wp-content\/uploads\/2017\/03\/IMG_4922.jpg\"><img loading=\"lazy\" decoding=\"async\" class=\"aligncenter size-large wp-image-16310\" src=\"http:\/\/www.conselharan.org\/wp-content\/uploads\/2017\/03\/IMG_4922-1024x768.jpg\" alt=\"IMG_4922\" width=\"1024\" height=\"768\" srcset=\"https:\/\/www.conselharan.org\/wp-content\/uploads\/2017\/03\/IMG_4922-1024x768.jpg 1024w, https:\/\/www.conselharan.org\/wp-content\/uploads\/2017\/03\/IMG_4922-300x225.jpg 300w, https:\/\/www.conselharan.org\/wp-content\/uploads\/2017\/03\/IMG_4922-768x576.jpg 768w\" sizes=\"(max-width: 1024px) 100vw, 1024px\" \/><\/a> <a href=\"http:\/\/www.conselharan.org\/wp-content\/uploads\/2017\/03\/IMG_4908.jpg\"><img loading=\"lazy\" decoding=\"async\" class=\"aligncenter size-large wp-image-16309\" src=\"http:\/\/www.conselharan.org\/wp-content\/uploads\/2017\/03\/IMG_4908-1024x766.jpg\" alt=\"IMG_4908\" width=\"1024\" height=\"766\" srcset=\"https:\/\/www.conselharan.org\/wp-content\/uploads\/2017\/03\/IMG_4908-1024x766.jpg 1024w, https:\/\/www.conselharan.org\/wp-content\/uploads\/2017\/03\/IMG_4908-300x224.jpg 300w, https:\/\/www.conselharan.org\/wp-content\/uploads\/2017\/03\/IMG_4908-768x574.jpg 768w\" sizes=\"(max-width: 1024px) 100vw, 1024px\" \/><\/a><\/p>\n ","protected":false},"excerpt":{"rendered":"<p>Vielha. 12 de mar\u00e7 de 2017.- La 4\u00aa edici\u00f3 de la Corsa dera Hemna Val d\u2019Aran ha posat el punt final als actes organitzats pel Conselh Generau d\u2019Aran en motiu del Dia Internacional de la Dona, amb la participaci\u00f3 de 300 corredors de totes les edats que han completat dues voltes al recorregut urb\u00e0 de&#8230;<\/p>\n","protected":false},"author":2,"featured_media":0,"comment_status":"closed","ping_status":"closed","sticky":false,"template":"","format":"standard","meta":{"footnotes":""},"categories":[136,36],"tags":[],"_links":{"self":[{"href":"https:\/\/www.conselharan.org\/ca\/wp-json\/wp\/v2\/posts\/16328"}],"collection":[{"href":"https:\/\/www.conselharan.org\/ca\/wp-json\/wp\/v2\/posts"}],"about":[{"href":"https:\/\/www.conselharan.org\/ca\/wp-json\/wp\/v2\/types\/post"}],"author":[{"embeddable":true,"href":"https:\/\/www.conselharan.org\/ca\/wp-json\/wp\/v2\/users\/2"}],"replies":[{"embeddable":true,"href":"https:\/\/www.conselharan.org\/ca\/wp-json\/wp\/v2\/comments?post=16328"}],"version-history":[{"count":1,"href":"https:\/\/www.conselharan.org\/ca\/wp-json\/wp\/v2\/posts\/16328\/revisions"}],"predecessor-version":[{"id":16329,"href":"https:\/\/www.conselharan.org\/ca\/wp-json\/wp\/v2\/posts\/16328\/revisions\/16329"}],"wp:attachment":[{"href":"https:\/\/www.conselharan.org\/ca\/wp-json\/wp\/v2\/media?parent=16328"}],"wp:term":[{"taxonomy":"category","embeddable":true,"href":"https:\/\/www.conselharan.org\/ca\/wp-json\/wp\/v2\/categories?post=16328"},{"taxonomy":"post_tag","embeddable":true,"href":"https:\/\/www.conselharan.org\/ca\/wp-json\/wp\/v2\/tags?post=16328"}],"curies":[{"name":"wp","href":"https:\/\/api.w.org\/{rel}","templated":true}]}}