{"id":16334,"date":"2017-03-13T11:20:23","date_gmt":"2017-03-13T10:20:23","guid":{"rendered":"http:\/\/www.conselharan.org\/ca\/?p=16334"},"modified":"2017-03-13T11:20:23","modified_gmt":"2017-03-13T10:20:23","slug":"avui-dilluns-13-de-marc-jornada-de-donacio-de-sang-a-la-val-daran","status":"publish","type":"post","link":"https:\/\/www.conselharan.org\/ca\/avui-dilluns-13-de-marc-jornada-de-donacio-de-sang-a-la-val-daran\/","title":{"rendered":"Avui dilluns, 13 de mar\u00e7, jornada de donaci\u00f3 de sang a la Val d\u2019Aran"},"content":{"rendered":"<p><img loading=\"lazy\" decoding=\"async\" class=\"aligncenter size-full wp-image-16332\" src=\"http:\/\/www.conselharan.org\/wp-content\/uploads\/2017\/03\/sangre.jpg\" alt=\"sangre\" width=\"960\" height=\"480\" srcset=\"https:\/\/www.conselharan.org\/wp-content\/uploads\/2017\/03\/sangre.jpg 960w, https:\/\/www.conselharan.org\/wp-content\/uploads\/2017\/03\/sangre-300x150.jpg 300w, https:\/\/www.conselharan.org\/wp-content\/uploads\/2017\/03\/sangre-768x384.jpg 768w, https:\/\/www.conselharan.org\/wp-content\/uploads\/2017\/03\/sangre-640x320.jpg 640w\" sizes=\"(max-width: 960px) 100vw, 960px\" \/><\/p>\n<p>&nbsp;<\/p>\n<p>L<strong>\u2019Associaci\u00f3 de Donants de Sang de la Val d\u2019Aran<\/strong>, ha organitzat una nova jornada de donaci\u00f3 de sang a la Val d\u2019Aran, <strong>avui dilluns, dia 13 de mar\u00e7, al Palau d\u2019Esports de Vielha i amb horari de 16:00 a 21:30h.<\/strong><\/p>\n<p>Donar sang no \u00e9s perjudicial per la salut, al contrari pot ser un sistema de control, ja que de l&#8217;extracci\u00f3 es fa una an\u00e0lisis de sang i posteriorment s\u2019envia el resultat a cada donant.<\/p>\n<p>Cada 3 segons a Catalunya hi ha alguna persona que necessita sang, ja que la majoria d&#8217;intervencions quir\u00fargiques i molts dels tractaments m\u00e8dics necessiten transfusions. La donaci\u00f3 de sang \u00e9s un acte senzill i segur que no comporta cap risc pel donant, per\u00f2, suposa en la gran majoria dels casos, salvar vides.<\/p>\n<p>Us esperem!!<\/p>\n<p>&nbsp;<\/p>\n<p>&nbsp;<\/p>\n<p>&nbsp;<\/p>\n<p>&nbsp;<\/p>\n<p>Vielha, 13 de mar\u00e7 de 2017<\/p>\n<p>&nbsp;<\/p>\n<p><em>Conselh Generau d&#8217;Aran: N\u00faria Sanjuan<\/em><\/p>\n ","protected":false},"excerpt":{"rendered":"<p>&nbsp; L\u2019Associaci\u00f3 de Donants de Sang de la Val d\u2019Aran, ha organitzat una nova jornada de donaci\u00f3 de sang a la Val d\u2019Aran, avui dilluns, dia 13 de mar\u00e7, al Palau d\u2019Esports de Vielha i amb horari de 16:00 a 21:30h. Donar sang no \u00e9s perjudicial per la salut, al contrari pot ser un sistema&#8230;<\/p>\n","protected":false},"author":2,"featured_media":16332,"comment_status":"closed","ping_status":"closed","sticky":false,"template":"","format":"standard","meta":{"footnotes":""},"categories":[36],"tags":[],"_links":{"self":[{"href":"https:\/\/www.conselharan.org\/ca\/wp-json\/wp\/v2\/posts\/16334"}],"collection":[{"href":"https:\/\/www.conselharan.org\/ca\/wp-json\/wp\/v2\/posts"}],"about":[{"href":"https:\/\/www.conselharan.org\/ca\/wp-json\/wp\/v2\/types\/post"}],"author":[{"embeddable":true,"href":"https:\/\/www.conselharan.org\/ca\/wp-json\/wp\/v2\/users\/2"}],"replies":[{"embeddable":true,"href":"https:\/\/www.conselharan.org\/ca\/wp-json\/wp\/v2\/comments?post=16334"}],"version-history":[{"count":1,"href":"https:\/\/www.conselharan.org\/ca\/wp-json\/wp\/v2\/posts\/16334\/revisions"}],"predecessor-version":[{"id":16335,"href":"https:\/\/www.conselharan.org\/ca\/wp-json\/wp\/v2\/posts\/16334\/revisions\/16335"}],"wp:featuredmedia":[{"embeddable":true,"href":"https:\/\/www.conselharan.org\/ca\/wp-json\/wp\/v2\/media\/16332"}],"wp:attachment":[{"href":"https:\/\/www.conselharan.org\/ca\/wp-json\/wp\/v2\/media?parent=16334"}],"wp:term":[{"taxonomy":"category","embeddable":true,"href":"https:\/\/www.conselharan.org\/ca\/wp-json\/wp\/v2\/categories?post=16334"},{"taxonomy":"post_tag","embeddable":true,"href":"https:\/\/www.conselharan.org\/ca\/wp-json\/wp\/v2\/tags?post=16334"}],"curies":[{"name":"wp","href":"https:\/\/api.w.org\/{rel}","templated":true}]}}