{"id":16342,"date":"2017-03-13T13:35:49","date_gmt":"2017-03-13T12:35:49","guid":{"rendered":"http:\/\/www.conselharan.org\/ca\/?p=16342"},"modified":"2017-03-13T13:36:17","modified_gmt":"2017-03-13T12:36:17","slug":"laranes-del-caei-pol-salvat-campio-despanya-u18","status":"publish","type":"post","link":"https:\/\/www.conselharan.org\/ca\/laranes-del-caei-pol-salvat-campio-despanya-u18\/","title":{"rendered":"L\u2019aran\u00e8s del CAEI, Pol Salvat, campi\u00f3 d\u2019Espanya U18"},"content":{"rendered":"<p><img loading=\"lazy\" decoding=\"async\" class=\"aligncenter size-large wp-image-16340\" src=\"http:\/\/www.conselharan.org\/wp-content\/uploads\/2017\/03\/Pol-Salvat-1024x682.jpg\" alt=\"Pol Salvat\" width=\"1024\" height=\"682\" srcset=\"https:\/\/www.conselharan.org\/wp-content\/uploads\/2017\/03\/Pol-Salvat-1024x682.jpg 1024w, https:\/\/www.conselharan.org\/wp-content\/uploads\/2017\/03\/Pol-Salvat-300x200.jpg 300w, https:\/\/www.conselharan.org\/wp-content\/uploads\/2017\/03\/Pol-Salvat-768x512.jpg 768w, https:\/\/www.conselharan.org\/wp-content\/uploads\/2017\/03\/Pol-Salvat.jpg 1600w\" sizes=\"(max-width: 1024px) 100vw, 1024px\" \/><\/p>\n<p>&nbsp;<\/p>\n<p>165 corredors de tota Espanya i de diversos pa\u00efsos m\u00e9s com Fran\u00e7a i Andorra, es van donar cita el cap de setmana del 4 al 5 de mar\u00e7, en l&#8217;estaci\u00f3 aranesa de Baqueira Beret per participar en la XXI edici\u00f3 del Trofeu internacional TOP-CAEI FIS que aquest any tamb\u00e9 era Campionat d&#8217;Espanya U18 i U21, on el corredor aran\u00e8s del Club Aran\u00e9s d\u2019Esp\u00f2rts d\u2019Iu\u00e8rn (<strong>CAEI<\/strong>),<strong> Pol Salvat<\/strong>, es va proclamar campi\u00f3 d&#8217;Espanya U18.<\/p>\n<p>En aquesta competici\u00f3, organitzada pel <strong>CAEI <\/strong>i<strong> Baqueira Beret,<\/strong> s&#8217;havien de disputar un GS i un SL per a homes i dames en la pista Stadium en el sector de Beret, per\u00f2 les condicions de la neu no van permetre que el dissabte, 4 de mar\u00e7, es pogu\u00e9s realitzar el SL previst. El diumenge, tot i que el temps no va acompanyar, la carrera es va poder realitzar gr\u00e0cies a la col\u2022laboraci\u00f3 de tots.<\/p>\n<p>L&#8217;organitzaci\u00f3 va premiar als tres primers Absoluts i als tres primers U18 i U21, homes i dames, amb una cistella de productes de la Val d&#8217;Aran i una medalla per a tots els guanyadors del Campionat d&#8217;Espanya, cosa molt b\u00e9 acollida per tots aquells que van pujar al podi, en un lliurament de trofeus que es va dur a terme en el mateix Pla de Beret.<\/p>\n<p>&nbsp;<\/p>\n<p><em><strong>RESULTATS TOP CAEI<\/strong><\/em><\/p>\n<p><strong>SL DAMES<\/strong><\/p>\n<p>1 MIJARES RUF Claudia. ECAP. AND<\/p>\n<p>2 RAMENTOL ALMEIDA Mariona. ECOA. AND<\/p>\n<p>3 RELAT Maria. CANMC. ESP<\/p>\n<p><strong>SL HOMES<\/strong><\/p>\n<p>1 SOLSONA Robert. ANDORRA. AND<\/p>\n<p>2 SALARICH Xavier. LMCE. ESP<\/p>\n<p>3 ORTEGA Ricard. LMCE. ESP<\/p>\n<p>&nbsp;<\/p>\n<p><em><strong>CTO. DE ESPA\u00d1A U18<\/strong><\/em><\/p>\n<p><strong>SL DAMES U18<\/strong><\/p>\n<p>1 RELAT Maria. CANMC. ESP<br \/>\n2 ALVAREZ Irene. C. ESQUI CAJA RURAL. ESP<\/p>\n<p>3 FORNE Alba. LMCE. ESP<\/p>\n<p><strong>SL HOMES U18<\/strong><\/p>\n<p><span style=\"text-decoration: underline;\">1 SALVAT Pol. CAEI. ESP<\/span><\/p>\n<p>2 MINTEGUI Ibon. C.P. MAYENCOS. ESP<\/p>\n<p>3 MONTES Marc. CEVA. ESP<\/p>\n<p><strong>SL DAMAS U21<\/strong><\/p>\n<p>1 MATEU Eugenia. LMCE. ESP<\/p>\n<p>2 JIMENEZ Marta. GRANUEC. ESP<\/p>\n<p>3 VALERO Adriana C E GRANADA ESP<\/p>\n<p><strong>SL HOMES<\/strong><\/p>\n<p>1 ORTEGA Ricard LMCE ESP<\/p>\n<p>2 VIOU Gonzalo LA PINILLA ESP<\/p>\n<p>3 SELLAS Nil CANMC ESP<\/p>\n<p>&nbsp;<\/p>\n<p>&nbsp;<\/p>\n<p>&nbsp;<\/p>\n<p>Vielha, 13 de mar\u00e7 de 2017<\/p>\n<p>&nbsp;<\/p>\n<p><em>Conselh Generau d&#8217;Aran: N\u00faria Sanjuan<\/em><\/p>\n<p><em>Font i Foto: CAEI<\/em><\/p>\n ","protected":false},"excerpt":{"rendered":"<p>&nbsp; 165 corredors de tota Espanya i de diversos pa\u00efsos m\u00e9s com Fran\u00e7a i Andorra, es van donar cita el cap de setmana del 4 al 5 de mar\u00e7, en l&#8217;estaci\u00f3 aranesa de Baqueira Beret per participar en la XXI edici\u00f3 del Trofeu internacional TOP-CAEI FIS que aquest any tamb\u00e9 era Campionat d&#8217;Espanya U18 i&#8230;<\/p>\n","protected":false},"author":2,"featured_media":16340,"comment_status":"closed","ping_status":"closed","sticky":false,"template":"","format":"standard","meta":{"footnotes":""},"categories":[136],"tags":[],"_links":{"self":[{"href":"https:\/\/www.conselharan.org\/ca\/wp-json\/wp\/v2\/posts\/16342"}],"collection":[{"href":"https:\/\/www.conselharan.org\/ca\/wp-json\/wp\/v2\/posts"}],"about":[{"href":"https:\/\/www.conselharan.org\/ca\/wp-json\/wp\/v2\/types\/post"}],"author":[{"embeddable":true,"href":"https:\/\/www.conselharan.org\/ca\/wp-json\/wp\/v2\/users\/2"}],"replies":[{"embeddable":true,"href":"https:\/\/www.conselharan.org\/ca\/wp-json\/wp\/v2\/comments?post=16342"}],"version-history":[{"count":1,"href":"https:\/\/www.conselharan.org\/ca\/wp-json\/wp\/v2\/posts\/16342\/revisions"}],"predecessor-version":[{"id":16343,"href":"https:\/\/www.conselharan.org\/ca\/wp-json\/wp\/v2\/posts\/16342\/revisions\/16343"}],"wp:featuredmedia":[{"embeddable":true,"href":"https:\/\/www.conselharan.org\/ca\/wp-json\/wp\/v2\/media\/16340"}],"wp:attachment":[{"href":"https:\/\/www.conselharan.org\/ca\/wp-json\/wp\/v2\/media?parent=16342"}],"wp:term":[{"taxonomy":"category","embeddable":true,"href":"https:\/\/www.conselharan.org\/ca\/wp-json\/wp\/v2\/categories?post=16342"},{"taxonomy":"post_tag","embeddable":true,"href":"https:\/\/www.conselharan.org\/ca\/wp-json\/wp\/v2\/tags?post=16342"}],"curies":[{"name":"wp","href":"https:\/\/api.w.org\/{rel}","templated":true}]}}