{"id":16372,"date":"2017-03-14T15:05:44","date_gmt":"2017-03-14T14:05:44","guid":{"rendered":"http:\/\/www.conselharan.org\/ca\/?p=16372"},"modified":"2017-03-14T15:08:17","modified_gmt":"2017-03-14T14:08:17","slug":"les-araneses-aina-masip-i-naia-espana-campiones-del-catalunya-open-de-patinatge-sobre-gel-artistic-en-les-seves-categories","status":"publish","type":"post","link":"https:\/\/www.conselharan.org\/ca\/les-araneses-aina-masip-i-naia-espana-campiones-del-catalunya-open-de-patinatge-sobre-gel-artistic-en-les-seves-categories\/","title":{"rendered":"Les araneses, Aina Masip i Naia Espa\u00f1a, campiones del Catalunya Open de patinatge sobre gel art\u00edstic en les seves categories"},"content":{"rendered":"<p><strong>\u2022 7 p\u00f2diums pel CEGVA en el Campionat de Catalunya Open i en la Copa Vielha de patinatge sobre gel.<\/strong><\/p>\n<p>&nbsp;<\/p>\n<p><img loading=\"lazy\" decoding=\"async\" class=\"aligncenter size-full wp-image-16364\" src=\"http:\/\/www.conselharan.org\/wp-content\/uploads\/2017\/03\/grop-cegva.jpg\" alt=\"grop cegva\" width=\"960\" height=\"736\" srcset=\"https:\/\/www.conselharan.org\/wp-content\/uploads\/2017\/03\/grop-cegva.jpg 960w, https:\/\/www.conselharan.org\/wp-content\/uploads\/2017\/03\/grop-cegva-300x230.jpg 300w, https:\/\/www.conselharan.org\/wp-content\/uploads\/2017\/03\/grop-cegva-768x589.jpg 768w\" sizes=\"(max-width: 960px) 100vw, 960px\" \/><\/p>\n<p>El passat cap de setmana, 11 i 12 de mar\u00e7, es va celebrar el Campionat de Catalunya Open i Copa Vielha de patinatge sobre gel. Campionat obert nom\u00e9s a les categories nacionals o internacionals de clubs que pertanyents a la FEDH.<\/p>\n<p><img loading=\"lazy\" decoding=\"async\" class=\"aligncenter size-full wp-image-16366\" src=\"http:\/\/www.conselharan.org\/wp-content\/uploads\/2017\/03\/cegva.jpeg\" alt=\"cegva\" width=\"640\" height=\"480\" srcset=\"https:\/\/www.conselharan.org\/wp-content\/uploads\/2017\/03\/cegva.jpeg 640w, https:\/\/www.conselharan.org\/wp-content\/uploads\/2017\/03\/cegva-300x225.jpeg 300w\" sizes=\"(max-width: 640px) 100vw, 640px\" \/><\/p>\n<p>&nbsp;<\/p>\n<p>La prova, organitzada pel Club Esp\u00f2rts de G\u00e8u Val d\u2019Aran (<strong>CEGVA<\/strong>) era puntuable per la 26a Lliga Catalana de Patinatge art\u00edstic sobre gel.<\/p>\n<p>125 patinadors vinguts de tots els clubs de Espanya i Andorra van formar part d&#8217;aquesta competici\u00f3.<\/p>\n<p>&nbsp;<\/p>\n<p><img loading=\"lazy\" decoding=\"async\" class=\"aligncenter size-large wp-image-16368\" src=\"http:\/\/www.conselharan.org\/wp-content\/uploads\/2017\/03\/patinadores-cegva-1024x575.jpg\" alt=\"patinadores cegva\" width=\"1024\" height=\"575\" srcset=\"https:\/\/www.conselharan.org\/wp-content\/uploads\/2017\/03\/patinadores-cegva-1024x575.jpg 1024w, https:\/\/www.conselharan.org\/wp-content\/uploads\/2017\/03\/patinadores-cegva-300x168.jpg 300w, https:\/\/www.conselharan.org\/wp-content\/uploads\/2017\/03\/patinadores-cegva-768x431.jpg 768w, https:\/\/www.conselharan.org\/wp-content\/uploads\/2017\/03\/patinadores-cegva.jpg 1600w\" sizes=\"(max-width: 1024px) 100vw, 1024px\" \/><\/p>\n<p>&nbsp;<\/p>\n<p>El club aran\u00e8s presentava a 9 patinadores: <strong>Irene Ar\u00eds, Claudia Capdevila, Sara Monteagudo, Luc\u00eda Sanchez, Naia Espa\u00f1a, Georgina Serrallach, Noa Villacampa, Griselda Serrallach i Iria Espa\u00f1a<\/strong>, obtenint un total 7 p\u00f2diums.<\/p>\n<p>&nbsp;<\/p>\n<p><img loading=\"lazy\" decoding=\"async\" class=\"aligncenter size-full wp-image-16367\" src=\"http:\/\/www.conselharan.org\/wp-content\/uploads\/2017\/03\/naia-espa\u00f1a-cegva.jpg\" alt=\"naia espa\u00f1a cegva\" width=\"960\" height=\"720\" srcset=\"https:\/\/www.conselharan.org\/wp-content\/uploads\/2017\/03\/naia-espa\u00f1a-cegva.jpg 960w, https:\/\/www.conselharan.org\/wp-content\/uploads\/2017\/03\/naia-espa\u00f1a-cegva-300x225.jpg 300w, https:\/\/www.conselharan.org\/wp-content\/uploads\/2017\/03\/naia-espa\u00f1a-cegva-768x576.jpg 768w\" sizes=\"(max-width: 960px) 100vw, 960px\" \/><\/p>\n<p>&nbsp;<\/p>\n<p>En la categoria<em> DEBS<\/em> l&#8217;aranesa, <strong>Naia Espa\u00f1a<\/strong>, es va proclamar campiona tant de la Copa Vielha com del Campionat de Catalunya.<\/p>\n<p>&nbsp;<\/p>\n<p><img loading=\"lazy\" decoding=\"async\" class=\"aligncenter size-large wp-image-16365\" src=\"http:\/\/www.conselharan.org\/wp-content\/uploads\/2017\/03\/aina-masip-cegva-1024x768.jpg\" alt=\"aina masip-cegva\" width=\"1024\" height=\"768\" srcset=\"https:\/\/www.conselharan.org\/wp-content\/uploads\/2017\/03\/aina-masip-cegva-1024x768.jpg 1024w, https:\/\/www.conselharan.org\/wp-content\/uploads\/2017\/03\/aina-masip-cegva-300x225.jpg 300w, https:\/\/www.conselharan.org\/wp-content\/uploads\/2017\/03\/aina-masip-cegva-768x576.jpg 768w, https:\/\/www.conselharan.org\/wp-content\/uploads\/2017\/03\/aina-masip-cegva.jpg 2048w\" sizes=\"(max-width: 1024px) 100vw, 1024px\" \/><\/p>\n<p>&nbsp;<\/p>\n<p>Per la seva part, la tamb\u00e9 aranesa, <strong>Aina Masip,<\/strong> en categoria <em>Basic Novice B<\/em> va obtenir la segona pla\u00e7a en la Copa Vielha i es va proclamar campiona de Catalunya Open de la seva categoria. En la 2a categoria, <strong>Georgina Serrallach<\/strong>, va quedar tercera en la Copa Vielha i subcampiona de Catalunya, i la tercera pla\u00e7a se la va emportar l&#8217;aranesa, <strong>Iria Espa\u00f1a<\/strong>.<\/p>\n<p>&nbsp;<\/p>\n<p>&nbsp;<\/p>\n<p>&nbsp;<\/p>\n<p>&nbsp;<\/p>\n<p>Vielha, 14 de mar\u00e7 de 2017<\/p>\n<p>&nbsp;<\/p>\n<p><em>Conselh Generau d&#8217;Aran: N\u00faria Sanjuan<\/em><\/p>\n<p><em>Font i fotos: CEGVA<\/em><\/p>\n ","protected":false},"excerpt":{"rendered":"<p>\u2022 7 p\u00f2diums pel CEGVA en el Campionat de Catalunya Open i en la Copa Vielha de patinatge sobre gel. &nbsp; El passat cap de setmana, 11 i 12 de mar\u00e7, es va celebrar el Campionat de Catalunya Open i Copa Vielha de patinatge sobre gel. Campionat obert nom\u00e9s a les categories nacionals o internacionals&#8230;<\/p>\n","protected":false},"author":2,"featured_media":16365,"comment_status":"closed","ping_status":"closed","sticky":false,"template":"","format":"standard","meta":{"footnotes":""},"categories":[136],"tags":[],"_links":{"self":[{"href":"https:\/\/www.conselharan.org\/ca\/wp-json\/wp\/v2\/posts\/16372"}],"collection":[{"href":"https:\/\/www.conselharan.org\/ca\/wp-json\/wp\/v2\/posts"}],"about":[{"href":"https:\/\/www.conselharan.org\/ca\/wp-json\/wp\/v2\/types\/post"}],"author":[{"embeddable":true,"href":"https:\/\/www.conselharan.org\/ca\/wp-json\/wp\/v2\/users\/2"}],"replies":[{"embeddable":true,"href":"https:\/\/www.conselharan.org\/ca\/wp-json\/wp\/v2\/comments?post=16372"}],"version-history":[{"count":1,"href":"https:\/\/www.conselharan.org\/ca\/wp-json\/wp\/v2\/posts\/16372\/revisions"}],"predecessor-version":[{"id":16373,"href":"https:\/\/www.conselharan.org\/ca\/wp-json\/wp\/v2\/posts\/16372\/revisions\/16373"}],"wp:featuredmedia":[{"embeddable":true,"href":"https:\/\/www.conselharan.org\/ca\/wp-json\/wp\/v2\/media\/16365"}],"wp:attachment":[{"href":"https:\/\/www.conselharan.org\/ca\/wp-json\/wp\/v2\/media?parent=16372"}],"wp:term":[{"taxonomy":"category","embeddable":true,"href":"https:\/\/www.conselharan.org\/ca\/wp-json\/wp\/v2\/categories?post=16372"},{"taxonomy":"post_tag","embeddable":true,"href":"https:\/\/www.conselharan.org\/ca\/wp-json\/wp\/v2\/tags?post=16372"}],"curies":[{"name":"wp","href":"https:\/\/api.w.org\/{rel}","templated":true}]}}