{"id":16408,"date":"2017-03-15T13:31:23","date_gmt":"2017-03-15T12:31:23","guid":{"rendered":"http:\/\/www.conselharan.org\/ca\/?p=16408"},"modified":"2017-03-15T13:31:23","modified_gmt":"2017-03-15T12:31:23","slug":"jornada-de-practiques-de-rescats-dallaus-del-grm-val-daran-a-beret","status":"publish","type":"post","link":"https:\/\/www.conselharan.org\/ca\/jornada-de-practiques-de-rescats-dallaus-del-grm-val-daran-a-beret\/","title":{"rendered":"Jornada de pr\u00e0ctiques de rescats d\u2019allaus del GRM Val d\u2019Aran a Beret \u00a0"},"content":{"rendered":"<p>El GRM (Grup de Rescat de Muntanya) Val d\u2019Aran, va efectuar una jornada de formaci\u00f3 i pr\u00e0ctica de rescat d\u2019allaus en muntanya.<\/p>\n<p>Durant la sessi\u00f3, es va explicar el nou esquema de gesti\u00f3 del servei d\u2019emerg\u00e8ncies, prevenci\u00f3 i extinci\u00f3 d\u2019incendis, rescats de muntanya i protecci\u00f3 civil, d\u2019integraci\u00f3 dels serveis d\u2019emerg\u00e8ncies i Pompi\u00e8rs del Conselh Generau d\u2019Aran.<\/p>\n<p><a href=\"http:\/\/www.conselharan.org\/wp-content\/uploads\/2017\/03\/JORNADA-PRACTIQUES1.jpg\"><img loading=\"lazy\" decoding=\"async\" class=\"aligncenter size-full wp-image-16401\" src=\"http:\/\/www.conselharan.org\/wp-content\/uploads\/2017\/03\/JORNADA-PRACTIQUES1.jpg\" alt=\"JORNADA PRACTIQUES1\" width=\"960\" height=\"720\" srcset=\"https:\/\/www.conselharan.org\/wp-content\/uploads\/2017\/03\/JORNADA-PRACTIQUES1.jpg 960w, https:\/\/www.conselharan.org\/wp-content\/uploads\/2017\/03\/JORNADA-PRACTIQUES1-300x225.jpg 300w, https:\/\/www.conselharan.org\/wp-content\/uploads\/2017\/03\/JORNADA-PRACTIQUES1-768x576.jpg 768w\" sizes=\"(max-width: 960px) 100vw, 960px\" \/><\/a><\/p>\n<p>Posteriorment es va dur a terme la sessi\u00f3 pr\u00e0ctica, en la que hi van participar unitats del GRM Pompi\u00e8rs d\u2019Aran, Centre de Prediccion de Lauegi dera Val d\u2019Aran, pisters de Baqueira-Beret, agents de Mossos d\u2019Esquadra, agents Rurals, agents Forestals, Guies de Muntanya, agents de la Gendarmerie francesa i de l\u2019Ertaintza.<\/p>\n<p>La jornada va consistir en la coordinaci\u00f3 dels diferents grups que actuen en un escenari de m\u00faltiples v\u00edctimes en cas d\u2019allau, de la transfer\u00e8ncia d\u2019informaci\u00f3 i de les diferents fases del rescat: av\u00eds de l\u2019accident, actuaci\u00f3 de l\u2019operatiu, recerca, rescat organitzat i tractament de les possibles v\u00edctimes.<\/p>\n<p>Finalment la sessi\u00f3 va cloure amb la posada en pr\u00e0ctica d\u2019un rescat d\u2019allau sobre el terreny.<\/p>\n<p><a href=\"http:\/\/www.conselharan.org\/wp-content\/uploads\/2017\/03\/JORNADA-PRACTIQUES.jpg\"><img loading=\"lazy\" decoding=\"async\" class=\"aligncenter size-large wp-image-16402\" src=\"http:\/\/www.conselharan.org\/wp-content\/uploads\/2017\/03\/JORNADA-PRACTIQUES-1024x576.jpg\" alt=\"JORNADA PRACTIQUES\" width=\"1024\" height=\"576\" srcset=\"https:\/\/www.conselharan.org\/wp-content\/uploads\/2017\/03\/JORNADA-PRACTIQUES-1024x576.jpg 1024w, https:\/\/www.conselharan.org\/wp-content\/uploads\/2017\/03\/JORNADA-PRACTIQUES-300x169.jpg 300w, https:\/\/www.conselharan.org\/wp-content\/uploads\/2017\/03\/JORNADA-PRACTIQUES-768x432.jpg 768w, https:\/\/www.conselharan.org\/wp-content\/uploads\/2017\/03\/JORNADA-PRACTIQUES.jpg 1280w\" sizes=\"(max-width: 1024px) 100vw, 1024px\" \/><\/a> <a href=\"http:\/\/www.conselharan.org\/wp-content\/uploads\/2017\/03\/JORNADA-PRACTIQUES2.jpg\"><img loading=\"lazy\" decoding=\"async\" class=\"aligncenter size-full wp-image-16400\" src=\"http:\/\/www.conselharan.org\/wp-content\/uploads\/2017\/03\/JORNADA-PRACTIQUES2.jpg\" alt=\"JORNADA PRACTIQUES2\" width=\"960\" height=\"720\" srcset=\"https:\/\/www.conselharan.org\/wp-content\/uploads\/2017\/03\/JORNADA-PRACTIQUES2.jpg 960w, https:\/\/www.conselharan.org\/wp-content\/uploads\/2017\/03\/JORNADA-PRACTIQUES2-300x225.jpg 300w, https:\/\/www.conselharan.org\/wp-content\/uploads\/2017\/03\/JORNADA-PRACTIQUES2-768x576.jpg 768w\" sizes=\"(max-width: 960px) 100vw, 960px\" \/><\/a> <a href=\"http:\/\/www.conselharan.org\/wp-content\/uploads\/2017\/03\/Image.jpg\"><img loading=\"lazy\" decoding=\"async\" class=\"aligncenter size-large wp-image-16403\" src=\"http:\/\/www.conselharan.org\/wp-content\/uploads\/2017\/03\/Image-576x1024.jpg\" alt=\"Image\" width=\"576\" height=\"1024\" srcset=\"https:\/\/www.conselharan.org\/wp-content\/uploads\/2017\/03\/Image-576x1024.jpg 576w, https:\/\/www.conselharan.org\/wp-content\/uploads\/2017\/03\/Image-169x300.jpg 169w, https:\/\/www.conselharan.org\/wp-content\/uploads\/2017\/03\/Image.jpg 747w\" sizes=\"(max-width: 576px) 100vw, 576px\" \/><\/a><\/p>\n ","protected":false},"excerpt":{"rendered":"<p>El GRM (Grup de Rescat de Muntanya) Val d\u2019Aran, va efectuar una jornada de formaci\u00f3 i pr\u00e0ctica de rescat d\u2019allaus en muntanya. Durant la sessi\u00f3, es va explicar el nou esquema de gesti\u00f3 del servei d\u2019emerg\u00e8ncies, prevenci\u00f3 i extinci\u00f3 d\u2019incendis, rescats de muntanya i protecci\u00f3 civil, d\u2019integraci\u00f3 dels serveis d\u2019emerg\u00e8ncies i Pompi\u00e8rs del Conselh Generau&#8230;<\/p>\n","protected":false},"author":2,"featured_media":16403,"comment_status":"closed","ping_status":"closed","sticky":false,"template":"","format":"standard","meta":{"footnotes":""},"categories":[33,36],"tags":[],"_links":{"self":[{"href":"https:\/\/www.conselharan.org\/ca\/wp-json\/wp\/v2\/posts\/16408"}],"collection":[{"href":"https:\/\/www.conselharan.org\/ca\/wp-json\/wp\/v2\/posts"}],"about":[{"href":"https:\/\/www.conselharan.org\/ca\/wp-json\/wp\/v2\/types\/post"}],"author":[{"embeddable":true,"href":"https:\/\/www.conselharan.org\/ca\/wp-json\/wp\/v2\/users\/2"}],"replies":[{"embeddable":true,"href":"https:\/\/www.conselharan.org\/ca\/wp-json\/wp\/v2\/comments?post=16408"}],"version-history":[{"count":1,"href":"https:\/\/www.conselharan.org\/ca\/wp-json\/wp\/v2\/posts\/16408\/revisions"}],"predecessor-version":[{"id":16409,"href":"https:\/\/www.conselharan.org\/ca\/wp-json\/wp\/v2\/posts\/16408\/revisions\/16409"}],"wp:featuredmedia":[{"embeddable":true,"href":"https:\/\/www.conselharan.org\/ca\/wp-json\/wp\/v2\/media\/16403"}],"wp:attachment":[{"href":"https:\/\/www.conselharan.org\/ca\/wp-json\/wp\/v2\/media?parent=16408"}],"wp:term":[{"taxonomy":"category","embeddable":true,"href":"https:\/\/www.conselharan.org\/ca\/wp-json\/wp\/v2\/categories?post=16408"},{"taxonomy":"post_tag","embeddable":true,"href":"https:\/\/www.conselharan.org\/ca\/wp-json\/wp\/v2\/tags?post=16408"}],"curies":[{"name":"wp","href":"https:\/\/api.w.org\/{rel}","templated":true}]}}