{"id":16425,"date":"2017-03-15T15:30:41","date_gmt":"2017-03-15T14:30:41","guid":{"rendered":"http:\/\/www.conselharan.org\/ca\/?p=16425"},"modified":"2017-03-15T15:30:56","modified_gmt":"2017-03-15T14:30:56","slug":"oriol-filella-i-guilhem-berini-1r-i-3r-en-la-final-de-snowboard-deldorado-freeride-junior","status":"publish","type":"post","link":"https:\/\/www.conselharan.org\/ca\/oriol-filella-i-guilhem-berini-1r-i-3r-en-la-final-de-snowboard-deldorado-freeride-junior\/","title":{"rendered":"Oriol Filella i Guilhem Berini 1r i 3r en la final de snowboard d\u2019ELDORADO Freeride Junior"},"content":{"rendered":"<p><img loading=\"lazy\" decoding=\"async\" class=\"aligncenter size-large wp-image-16423\" src=\"http:\/\/www.conselharan.org\/wp-content\/uploads\/2017\/03\/Oriol-Filella-1024x683.jpg\" alt=\"Oriol Filella\" width=\"1024\" height=\"683\" srcset=\"https:\/\/www.conselharan.org\/wp-content\/uploads\/2017\/03\/Oriol-Filella-1024x683.jpg 1024w, https:\/\/www.conselharan.org\/wp-content\/uploads\/2017\/03\/Oriol-Filella-300x200.jpg 300w, https:\/\/www.conselharan.org\/wp-content\/uploads\/2017\/03\/Oriol-Filella-768x512.jpg 768w, https:\/\/www.conselharan.org\/wp-content\/uploads\/2017\/03\/Oriol-Filella.jpg 2048w\" sizes=\"(max-width: 1024px) 100vw, 1024px\" \/><\/p>\n<p>&nbsp;<\/p>\n<p>Amb la tercera posici\u00f3 del cap de setmana passat en l&#8217;estaci\u00f3 de Bo\u00ed Ta\u00fcll en la qual era la quarta i \u00faltima prova, <strong>Oriol Filella<\/strong> es va proclamar campi\u00f3 del circuit i <strong>Guilhem Berini<\/strong> ho va acompanyar en el tercer calaix del podi de la general. Aquesta competici\u00f3 va ser organitzada per Eldorado Freeride Junior i forma part del Freeride World Tour Junior a Espanya.<\/p>\n<p>L&#8217;organitzaci\u00f3 va anticipar la disputa de la final al dissabte, 11 de mar\u00e7, per previsi\u00f3 de canvis meteorol\u00f2gics per al diumenge.<\/p>\n<p>El dissabte va clarejar amb un sol radiant, que va facilitar realitzar les rondes durant tot el dia en perfectes condicions de visibilitat i relleu.<\/p>\n<p>El sector de roques albergava unes condicions de neu dura i \u201cencostrada\u201d a primera hora i de neu transformada al migdia, que prometien ser molt exigents pels riders durant la competici\u00f3.<\/p>\n<p>Els 3 riders j\u00fanior de la secci\u00f3 de snowboard van realitzar bones l\u00ednies en la seva quarta participaci\u00f3 en una prova d&#8217;Eldorado Freeride Junior.<\/p>\n<p>Oriol Filella va encadenar una l\u00ednia amb flu\u00efdesa, control i velocitat, incloent 3 drops en diferents roques del sector, amb la qual va fregar el primer lloc del calaix del podi de no ser perqu\u00e8 va posar una m\u00e0 en una de les recepcions que li va restar diversos punts.<\/p>\n<p>&nbsp;<\/p>\n<p><span style=\"text-decoration: underline;\"><strong>Ranking final Eldorado Freeride Junior a Espanya 2016\/17<\/strong><\/span><\/p>\n<p><strong>Categoria Snowboard Mascul\u00ed:<\/strong><\/p>\n<p>1r Oriol Filella<br \/>\n3r Guilhem Berini<\/p>\n<p>&nbsp;<\/p>\n<p>&nbsp;<\/p>\n<p>&nbsp;<\/p>\n<p>&nbsp;<\/p>\n<p>&nbsp;<\/p>\n<p>Vielha, 15 de mar\u00e7 de 2017<\/p>\n<p>&nbsp;<\/p>\n<p><em>Conselh Generau d&#8217;Aran: N\u00faria Sanjuan<\/em><\/p>\n<p><em>Font i fotos: CAEI<\/em><\/p>\n ","protected":false},"excerpt":{"rendered":"<p>&nbsp; Amb la tercera posici\u00f3 del cap de setmana passat en l&#8217;estaci\u00f3 de Bo\u00ed Ta\u00fcll en la qual era la quarta i \u00faltima prova, Oriol Filella es va proclamar campi\u00f3 del circuit i Guilhem Berini ho va acompanyar en el tercer calaix del podi de la general. Aquesta competici\u00f3 va ser organitzada per Eldorado Freeride&#8230;<\/p>\n","protected":false},"author":2,"featured_media":16423,"comment_status":"closed","ping_status":"closed","sticky":false,"template":"","format":"standard","meta":{"footnotes":""},"categories":[136],"tags":[],"_links":{"self":[{"href":"https:\/\/www.conselharan.org\/ca\/wp-json\/wp\/v2\/posts\/16425"}],"collection":[{"href":"https:\/\/www.conselharan.org\/ca\/wp-json\/wp\/v2\/posts"}],"about":[{"href":"https:\/\/www.conselharan.org\/ca\/wp-json\/wp\/v2\/types\/post"}],"author":[{"embeddable":true,"href":"https:\/\/www.conselharan.org\/ca\/wp-json\/wp\/v2\/users\/2"}],"replies":[{"embeddable":true,"href":"https:\/\/www.conselharan.org\/ca\/wp-json\/wp\/v2\/comments?post=16425"}],"version-history":[{"count":1,"href":"https:\/\/www.conselharan.org\/ca\/wp-json\/wp\/v2\/posts\/16425\/revisions"}],"predecessor-version":[{"id":16426,"href":"https:\/\/www.conselharan.org\/ca\/wp-json\/wp\/v2\/posts\/16425\/revisions\/16426"}],"wp:featuredmedia":[{"embeddable":true,"href":"https:\/\/www.conselharan.org\/ca\/wp-json\/wp\/v2\/media\/16423"}],"wp:attachment":[{"href":"https:\/\/www.conselharan.org\/ca\/wp-json\/wp\/v2\/media?parent=16425"}],"wp:term":[{"taxonomy":"category","embeddable":true,"href":"https:\/\/www.conselharan.org\/ca\/wp-json\/wp\/v2\/categories?post=16425"},{"taxonomy":"post_tag","embeddable":true,"href":"https:\/\/www.conselharan.org\/ca\/wp-json\/wp\/v2\/tags?post=16425"}],"curies":[{"name":"wp","href":"https:\/\/api.w.org\/{rel}","templated":true}]}}