{"id":16438,"date":"2017-03-15T17:31:22","date_gmt":"2017-03-15T16:31:22","guid":{"rendered":"http:\/\/www.conselharan.org\/ca\/?p=16438"},"modified":"2017-03-15T17:31:22","modified_gmt":"2017-03-15T16:31:22","slug":"podium-complet-del-ceva-a-u14-homes-i-dames-del-10e-trofeu-fundacio-jesus-serra","status":"publish","type":"post","link":"https:\/\/www.conselharan.org\/ca\/podium-complet-del-ceva-a-u14-homes-i-dames-del-10e-trofeu-fundacio-jesus-serra\/","title":{"rendered":"P\u00f2dium complet del CEVA a U14 Homes i Dames del 10\u00e8 Trofeu Fundaci\u00f3 Jes\u00fas Serra"},"content":{"rendered":"<p>&nbsp;<\/p>\n<p>El cap de setmana del 11 i 12 de mar\u00e7, Baqueira Beret ha estat l&#8217;escenari del conegut Trofeu Fundaci\u00f3 Jes\u00fas Serra, que aquest any ha arribat a la 10a edici\u00f3.<\/p>\n<p><a href=\"http:\/\/www.conselharan.org\/wp-content\/uploads\/2017\/03\/IMG_5069.jpg\"><img loading=\"lazy\" decoding=\"async\" class=\"aligncenter size-large wp-image-16432\" src=\"http:\/\/www.conselharan.org\/wp-content\/uploads\/2017\/03\/IMG_5069-1024x768.jpg\" alt=\"IMG_5069\" width=\"1024\" height=\"768\" srcset=\"https:\/\/www.conselharan.org\/wp-content\/uploads\/2017\/03\/IMG_5069-1024x768.jpg 1024w, https:\/\/www.conselharan.org\/wp-content\/uploads\/2017\/03\/IMG_5069-300x225.jpg 300w, https:\/\/www.conselharan.org\/wp-content\/uploads\/2017\/03\/IMG_5069-768x576.jpg 768w, https:\/\/www.conselharan.org\/wp-content\/uploads\/2017\/03\/IMG_5069.jpg 1600w\" sizes=\"(max-width: 1024px) 100vw, 1024px\" \/><\/a><\/p>\n<p>Els esquiadors del Club CEVA han obtingut molt bons resultats en aquesta 10a edici\u00f3 destacant el p\u00f2dium complet de Tom\u00e1s Barata, Guillermo Meire i Hugo Soler-Duffo, en U14 Homes i el d&#8217;Eugene Brotons, Lina Meier i Catalina Mateo, en U14 Dames.<\/p>\n<p>Cal destacar a m\u00e9s el <strong>segon lloc aconseguit per Iker Gaztaminza<\/strong> i la <strong>quarta posici\u00f3 d&#8217;Ares Rafel<\/strong> en el paral\u00b7lel disputat diumenge, amb el que en ser corredors menors de 25 anys, van aconseguir una borsa d&#8217;estudis que els permetr\u00e0 continuar la seva formaci\u00f3 mentre segueixen en el m\u00f3n de l&#8217;alta competici\u00f3 de l&#8217;esqu\u00ed, la beca \u00e9s de 2.500\u20ac per a Iker Gaztaminza i de 2.000\u20ac per Ares Rafel.<\/p>\n<p><a href=\"http:\/\/www.conselharan.org\/wp-content\/uploads\/2017\/03\/IMG_5080.jpg\"><img loading=\"lazy\" decoding=\"async\" class=\"aligncenter size-full wp-image-16433\" src=\"http:\/\/www.conselharan.org\/wp-content\/uploads\/2017\/03\/IMG_5080.jpg\" alt=\"IMG_5080\" width=\"899\" height=\"892\" srcset=\"https:\/\/www.conselharan.org\/wp-content\/uploads\/2017\/03\/IMG_5080.jpg 899w, https:\/\/www.conselharan.org\/wp-content\/uploads\/2017\/03\/IMG_5080-150x150.jpg 150w, https:\/\/www.conselharan.org\/wp-content\/uploads\/2017\/03\/IMG_5080-300x298.jpg 300w, https:\/\/www.conselharan.org\/wp-content\/uploads\/2017\/03\/IMG_5080-768x762.jpg 768w, https:\/\/www.conselharan.org\/wp-content\/uploads\/2017\/03\/IMG_5080-75x75.jpg 75w\" sizes=\"(max-width: 899px) 100vw, 899px\" \/><\/a><\/p>\n<p><strong>Marc Montes del Club Ceva segon a la lliga catalana U18<\/strong><\/p>\n<p>Despr\u00e9s de les proves del Campionat de Catalunya d&#8217;Esqu\u00ed Alp\u00ed Absolut que s&#8217;ha disputat durant el cap de setmana a Espot, el corredor del Club CEVA <strong>Marc Montes<\/strong> ha finalitzat en la segona posici\u00f3 de la Lliga Catalana U18.<\/p>\n<p>&nbsp;<\/p>\n<p><strong>Els corredors del CEVA U12 i U10 participen en el XXII Trofeu Pitarroy a Aram\u00f3n Cerler<\/strong><\/p>\n<p>Els corredors del Club CEVA de les categories U10 i U12, tamb\u00e9 van obtenir bons resultats en la seva participaci\u00f3 en la XXII\u00aa edici\u00f3 del Trofeu Pitarroy del circuit d&#8217;esqu\u00ed alp\u00ed Audi quattro Cup disputat aquest cap de setmana a Aram\u00f3n Cerler, a la qual es van inscriure fins 363 participants. El Trofeu Pitarroy \u00e9s una carrera referent de l&#8217;esqu\u00ed alp\u00ed alev\u00ed a nivell estatal.<\/p>\n<p><a href=\"http:\/\/www.conselharan.org\/wp-content\/uploads\/2017\/03\/file-1.jpeg\"><img loading=\"lazy\" decoding=\"async\" class=\"aligncenter size-large wp-image-16434\" src=\"http:\/\/www.conselharan.org\/wp-content\/uploads\/2017\/03\/file-1-644x1024.jpeg\" alt=\"file-1\" width=\"644\" height=\"1024\" srcset=\"https:\/\/www.conselharan.org\/wp-content\/uploads\/2017\/03\/file-1-644x1024.jpeg 644w, https:\/\/www.conselharan.org\/wp-content\/uploads\/2017\/03\/file-1-189x300.jpeg 189w, https:\/\/www.conselharan.org\/wp-content\/uploads\/2017\/03\/file-1-768x1221.jpeg 768w, https:\/\/www.conselharan.org\/wp-content\/uploads\/2017\/03\/file-1.jpeg 805w\" sizes=\"(max-width: 644px) 100vw, 644px\" \/><\/a><\/p>\n<p><strong>Resultats CEVA dissabte 11 de mar\u00e7.<\/strong><\/p>\n<p>U12 Dames:<\/p>\n<p>Andrea Rodr\u00edguez 12.<\/p>\n<p>U12 Homes:<\/p>\n<p>Victor Bult\u00f3 4.<\/p>\n<p>Nicol\u00e1s Meire 7.<\/p>\n<p>U10 Dames:<\/p>\n<p>Daisy Brotons 6.<\/p>\n<p>Valeria Meire 7.<\/p>\n<p>U10 Homes:<\/p>\n<p>Teo Meyer 13.<\/p>\n<p>&nbsp;<\/p>\n<p><strong>Resultats CEVA Diumenge 12 de mar\u00e7.<\/strong><\/p>\n<p>U12 Homes:<\/p>\n<p>Victor Bult\u00f3 5.<\/p>\n<p>U10 Dames:<\/p>\n<p>Daisy Brotons 2.<\/p>\n<p>Valeria Meire 5.<\/p>\n<p>&nbsp;<\/p>\n<p><strong>Alexandra Rufin 3a classificada a Boi Taull i 3\u00aa posici\u00f3 de la general de EL DORADO\u00a0Freeride Junior<\/strong><\/p>\n<p><a href=\"http:\/\/www.conselharan.org\/wp-content\/uploads\/2017\/03\/879B8E6D-AD91-4C44-BACA-0F2BA578AD43.jpg\"><img loading=\"lazy\" decoding=\"async\" class=\"aligncenter size-large wp-image-16431\" src=\"http:\/\/www.conselharan.org\/wp-content\/uploads\/2017\/03\/879B8E6D-AD91-4C44-BACA-0F2BA578AD43-1024x1024.jpg\" alt=\"879B8E6D-AD91-4C44-BACA-0F2BA578AD43\" width=\"1024\" height=\"1024\" srcset=\"https:\/\/www.conselharan.org\/wp-content\/uploads\/2017\/03\/879B8E6D-AD91-4C44-BACA-0F2BA578AD43-1024x1024.jpg 1024w, https:\/\/www.conselharan.org\/wp-content\/uploads\/2017\/03\/879B8E6D-AD91-4C44-BACA-0F2BA578AD43-150x150.jpg 150w, https:\/\/www.conselharan.org\/wp-content\/uploads\/2017\/03\/879B8E6D-AD91-4C44-BACA-0F2BA578AD43-300x300.jpg 300w, https:\/\/www.conselharan.org\/wp-content\/uploads\/2017\/03\/879B8E6D-AD91-4C44-BACA-0F2BA578AD43-768x768.jpg 768w, https:\/\/www.conselharan.org\/wp-content\/uploads\/2017\/03\/879B8E6D-AD91-4C44-BACA-0F2BA578AD43-270x270.jpg 270w, https:\/\/www.conselharan.org\/wp-content\/uploads\/2017\/03\/879B8E6D-AD91-4C44-BACA-0F2BA578AD43-207x207.jpg 207w, https:\/\/www.conselharan.org\/wp-content\/uploads\/2017\/03\/879B8E6D-AD91-4C44-BACA-0F2BA578AD43-75x75.jpg 75w, https:\/\/www.conselharan.org\/wp-content\/uploads\/2017\/03\/879B8E6D-AD91-4C44-BACA-0F2BA578AD43.jpg 2048w\" sizes=\"(max-width: 1024px) 100vw, 1024px\" \/><\/a><\/p>\n<p><strong>Bona competici\u00f3 d&#8217;Anna Esteve Bieto del Club CEVA en la seva estrena en el Campionat del M\u00f3n J\u00fanior FIS d&#8217;esqu\u00ed Alp\u00ed<\/strong><\/p>\n<p>Anna Esteve Bieto del Club CEVA va competir aquesta passada setmana al Campionat del M\u00f3n J\u00fanior FIS d&#8217;esqu\u00ed Alp\u00ed celebrat a l&#8217;estaci\u00f3 sueca de Llauri.<\/p>\n<p>La corredora del Club CEVA, va aconseguir el lloc 41 en la prova de descens, el 47 en el Super Gegant, el lloc 34 en la combinada i un meritori 28 lloc en ECOM.<\/p>\n<p>&nbsp;<\/p>\n ","protected":false},"excerpt":{"rendered":"<p>&nbsp; El cap de setmana del 11 i 12 de mar\u00e7, Baqueira Beret ha estat l&#8217;escenari del conegut Trofeu Fundaci\u00f3 Jes\u00fas Serra, que aquest any ha arribat a la 10a edici\u00f3. Els esquiadors del Club CEVA han obtingut molt bons resultats en aquesta 10a edici\u00f3 destacant el p\u00f2dium complet de Tom\u00e1s Barata, Guillermo Meire i&#8230;<\/p>\n","protected":false},"author":2,"featured_media":16432,"comment_status":"closed","ping_status":"closed","sticky":false,"template":"","format":"standard","meta":{"footnotes":""},"categories":[136],"tags":[],"_links":{"self":[{"href":"https:\/\/www.conselharan.org\/ca\/wp-json\/wp\/v2\/posts\/16438"}],"collection":[{"href":"https:\/\/www.conselharan.org\/ca\/wp-json\/wp\/v2\/posts"}],"about":[{"href":"https:\/\/www.conselharan.org\/ca\/wp-json\/wp\/v2\/types\/post"}],"author":[{"embeddable":true,"href":"https:\/\/www.conselharan.org\/ca\/wp-json\/wp\/v2\/users\/2"}],"replies":[{"embeddable":true,"href":"https:\/\/www.conselharan.org\/ca\/wp-json\/wp\/v2\/comments?post=16438"}],"version-history":[{"count":1,"href":"https:\/\/www.conselharan.org\/ca\/wp-json\/wp\/v2\/posts\/16438\/revisions"}],"predecessor-version":[{"id":16439,"href":"https:\/\/www.conselharan.org\/ca\/wp-json\/wp\/v2\/posts\/16438\/revisions\/16439"}],"wp:featuredmedia":[{"embeddable":true,"href":"https:\/\/www.conselharan.org\/ca\/wp-json\/wp\/v2\/media\/16432"}],"wp:attachment":[{"href":"https:\/\/www.conselharan.org\/ca\/wp-json\/wp\/v2\/media?parent=16438"}],"wp:term":[{"taxonomy":"category","embeddable":true,"href":"https:\/\/www.conselharan.org\/ca\/wp-json\/wp\/v2\/categories?post=16438"},{"taxonomy":"post_tag","embeddable":true,"href":"https:\/\/www.conselharan.org\/ca\/wp-json\/wp\/v2\/tags?post=16438"}],"curies":[{"name":"wp","href":"https:\/\/api.w.org\/{rel}","templated":true}]}}