{"id":16449,"date":"2017-03-16T11:51:18","date_gmt":"2017-03-16T10:51:18","guid":{"rendered":"http:\/\/www.conselharan.org\/ca\/?p=16449"},"modified":"2017-03-16T12:19:34","modified_gmt":"2017-03-16T11:19:34","slug":"lacm-explica-els-beneficis-de-la-central-de-compres-del-mon-local-a-la-val-daran","status":"publish","type":"post","link":"https:\/\/www.conselharan.org\/ca\/lacm-explica-els-beneficis-de-la-central-de-compres-del-mon-local-a-la-val-daran\/","title":{"rendered":"L\u2019ACM explica els beneficis de la central de compres del m\u00f3n local a la Val d\u2019Aran"},"content":{"rendered":"<p>\u2022<strong> El Conselh Generau d\u2019Aran s\u2019ha adherit recentment a la central de compres.<\/strong><\/p>\n<p><strong>\u2022 L\u2019ACM est\u00e0 treballant per seguir potenciant el factor ecol\u00f2gic sostenible en els seus productes energ\u00e8tics.<\/strong><\/p>\n<p>&nbsp;<\/p>\n<p><img loading=\"lazy\" decoding=\"async\" class=\"aligncenter size-large wp-image-16446\" src=\"http:\/\/www.conselharan.org\/wp-content\/uploads\/2017\/03\/DSC_1000-1024x685.jpg\" alt=\"DSC_1000\" width=\"1024\" height=\"685\" srcset=\"https:\/\/www.conselharan.org\/wp-content\/uploads\/2017\/03\/DSC_1000-1024x685.jpg 1024w, https:\/\/www.conselharan.org\/wp-content\/uploads\/2017\/03\/DSC_1000-300x201.jpg 300w, https:\/\/www.conselharan.org\/wp-content\/uploads\/2017\/03\/DSC_1000-768x514.jpg 768w\" sizes=\"(max-width: 1024px) 100vw, 1024px\" \/><\/p>\n<p>&nbsp;<\/p>\n<p>6 Ajuntaments i el Conselh Generau d\u2019Aran adquireixen algun producte o servei a trav\u00e9s de la Central de Compres del m\u00f3n local, impulsada per l\u2019Associaci\u00f3 Catalana de Municipis i Comarques. Els ens locals aconsegueixen millors preus, m\u00e0xima seguretat jur\u00eddica, estalvi en procediments i expertesa local.<\/p>\n<p>Actualment, la Central de Compres ofereix 9 productes o serveis (gas, electricitat, vehicles, assegurances, m\u00e0quines t\u00e8cniques, impressi\u00f3 i multifunci\u00f3, paper d\u2019oficina, equipaments inform\u00e0tics i sistema de v\u00eddeoactes), que tenen com a objectiu que els ens locals catalans puguin oferir serveis de qualitat a la ciutadania.<\/p>\n<p>Per presentar la Central de Compres, per\u00f2 tamb\u00e9 per debatre l\u2019impacte de la nova llei de contractes al m\u00f3n local, l\u2019ACM est\u00e0 duent a terme un seguit de jornades al territori per intercanviar impressions i inquietuds amb t\u00e8cnics locals.<\/p>\n<p>&nbsp;<\/p>\n<p><img loading=\"lazy\" decoding=\"async\" class=\"aligncenter size-large wp-image-16452\" src=\"http:\/\/www.conselharan.org\/wp-content\/uploads\/2017\/03\/DSC_0997-1024x685.jpg\" alt=\"DSC_0997\" width=\"1024\" height=\"685\" srcset=\"https:\/\/www.conselharan.org\/wp-content\/uploads\/2017\/03\/DSC_0997-1024x685.jpg 1024w, https:\/\/www.conselharan.org\/wp-content\/uploads\/2017\/03\/DSC_0997-300x201.jpg 300w, https:\/\/www.conselharan.org\/wp-content\/uploads\/2017\/03\/DSC_0997-768x514.jpg 768w\" sizes=\"(max-width: 1024px) 100vw, 1024px\" \/><\/p>\n<p>&nbsp;<\/p>\n<p>El Conselh Generau d\u2019Aran, ha acollit la cinquena jornada territorial presidida pel sindic d\u2019Aran, <strong>Carlos Barrera<\/strong>, que ha explicat: &#8220;<strong>La Central de compres \u00e9s interessant per a l\u2019Aran, pel Conselh Generau i pels 9 ajuntaments i les 12 EMD\u2019s araneses perqu\u00e8 ajuda a aglutinar esfor\u00e7os i fer millor la nostra feina\u201d.<\/strong><\/p>\n<p>Aix\u00ed mateix, el secretari general de l\u2019ACM, <strong>Marc Pifarr\u00e9<\/strong> ha posat en valor el fet que, <strong>&#8220;al marge dels 6 ajuntaments, aquest any, el Conselh Generau tamb\u00e9 s\u2019ha adherit a la central de compres i comen\u00e7a a utilitzar-la\u201d.<\/strong><\/p>\n<p>&nbsp;<\/p>\n<p><img loading=\"lazy\" decoding=\"async\" class=\"aligncenter size-large wp-image-16447\" src=\"http:\/\/www.conselharan.org\/wp-content\/uploads\/2017\/03\/DSC_1012-1024x685.jpg\" alt=\"DSC_1012\" width=\"1024\" height=\"685\" srcset=\"https:\/\/www.conselharan.org\/wp-content\/uploads\/2017\/03\/DSC_1012-1024x685.jpg 1024w, https:\/\/www.conselharan.org\/wp-content\/uploads\/2017\/03\/DSC_1012-300x201.jpg 300w, https:\/\/www.conselharan.org\/wp-content\/uploads\/2017\/03\/DSC_1012-768x514.jpg 768w\" sizes=\"(max-width: 1024px) 100vw, 1024px\" \/><\/p>\n<p>&nbsp;<\/p>\n<p><strong>Central de Compres l\u00edder a Catalunya<\/strong><\/p>\n<p>Actualment, la Central de Compres del m\u00f3n local compta amb 942 ens locals que adquireixen productes o serveis mitjan\u00e7ant aquest sistema pioner. Aquesta xifra demostra que \u00e9s la Central Compres m\u00e9s utilitzada a l\u2019Estat espanyol. En el cas dels ajuntaments, un 77,4% compren algun producte de la Central de Compres.<\/p>\n<p>El subministrament el\u00e8ctric \u00e9s el servei m\u00e9s contractat amb m\u00e9s de 700 ens locals, seguit per les assegurances (479 ens locals) i el subministrament de gas (178 ens locals). Altres productes de major envergadura i cost com els vehicles (87 ens locals) i la maquin\u00e0ria t\u00e8cnica (14 ens locals) tamb\u00e9 comencen a ser contractats. L\u2019\u00faltim servei licitat, el sistema de v\u00eddeo actes i gravaci\u00f3, ja comen\u00e7a a rebre els primers enc\u00e0rrecs d\u2019ajuntaments.<\/p>\n<p>M\u00e9s informaci\u00f3:<a href=\"http:\/\/www.acm.cat\/\" target=\"_blank\">\u00a0http:\/\/www.acm.cat\/<\/a><\/p>\n<p>&nbsp;<\/p>\n<p>&nbsp;<\/p>\n<p>&nbsp;<\/p>\n<p>Vielha, 16 de mar\u00e7 de 2017<\/p>\n<p>&nbsp;<\/p>\n<p><em>Conselh Generau d&#8217;Aran: N\u00faria Sanjuan<\/em><\/p>\n<p><em>Font: ACM<\/em><\/p>\n ","protected":false},"excerpt":{"rendered":"<p>\u2022 El Conselh Generau d\u2019Aran s\u2019ha adherit recentment a la central de compres. \u2022 L\u2019ACM est\u00e0 treballant per seguir potenciant el factor ecol\u00f2gic sostenible en els seus productes energ\u00e8tics. &nbsp; &nbsp; 6 Ajuntaments i el Conselh Generau d\u2019Aran adquireixen algun producte o servei a trav\u00e9s de la Central de Compres del m\u00f3n local, impulsada per&#8230;<\/p>\n","protected":false},"author":2,"featured_media":16446,"comment_status":"closed","ping_status":"closed","sticky":false,"template":"","format":"standard","meta":{"footnotes":""},"categories":[53],"tags":[],"_links":{"self":[{"href":"https:\/\/www.conselharan.org\/ca\/wp-json\/wp\/v2\/posts\/16449"}],"collection":[{"href":"https:\/\/www.conselharan.org\/ca\/wp-json\/wp\/v2\/posts"}],"about":[{"href":"https:\/\/www.conselharan.org\/ca\/wp-json\/wp\/v2\/types\/post"}],"author":[{"embeddable":true,"href":"https:\/\/www.conselharan.org\/ca\/wp-json\/wp\/v2\/users\/2"}],"replies":[{"embeddable":true,"href":"https:\/\/www.conselharan.org\/ca\/wp-json\/wp\/v2\/comments?post=16449"}],"version-history":[{"count":3,"href":"https:\/\/www.conselharan.org\/ca\/wp-json\/wp\/v2\/posts\/16449\/revisions"}],"predecessor-version":[{"id":16457,"href":"https:\/\/www.conselharan.org\/ca\/wp-json\/wp\/v2\/posts\/16449\/revisions\/16457"}],"wp:featuredmedia":[{"embeddable":true,"href":"https:\/\/www.conselharan.org\/ca\/wp-json\/wp\/v2\/media\/16446"}],"wp:attachment":[{"href":"https:\/\/www.conselharan.org\/ca\/wp-json\/wp\/v2\/media?parent=16449"}],"wp:term":[{"taxonomy":"category","embeddable":true,"href":"https:\/\/www.conselharan.org\/ca\/wp-json\/wp\/v2\/categories?post=16449"},{"taxonomy":"post_tag","embeddable":true,"href":"https:\/\/www.conselharan.org\/ca\/wp-json\/wp\/v2\/tags?post=16449"}],"curies":[{"name":"wp","href":"https:\/\/api.w.org\/{rel}","templated":true}]}}