{"id":16470,"date":"2017-03-17T13:50:55","date_gmt":"2017-03-17T12:50:55","guid":{"rendered":"http:\/\/www.conselharan.org\/ca\/?p=16470"},"modified":"2017-03-17T13:51:15","modified_gmt":"2017-03-17T12:51:15","slug":"presentacio-del-balanc-de-lanalisi-de-la-norma-de-gestio-de-destinacions-turistiques-intel%e2%80%a2ligents-en-la-val-daran","status":"publish","type":"post","link":"https:\/\/www.conselharan.org\/ca\/presentacio-del-balanc-de-lanalisi-de-la-norma-de-gestio-de-destinacions-turistiques-intel%e2%80%a2ligents-en-la-val-daran\/","title":{"rendered":"Presentaci\u00f3 del Balan\u00e7 de l\u2019an\u00e0lisi de la Norma de Gesti\u00f3 de Destinacions Tur\u00edstiques Intel\u2022ligents en la Val d\u2019Aran"},"content":{"rendered":"<p><strong>Des del mes de juny de 2015 la Societat Estatal per a la Gesti\u00f3 de la Innovaci\u00f3 i les Tecnologies Tur\u00edstiques (SEGITTUR), dependent del Ministeri d&#8217;Ind\u00fastria, Energia i Turisme, i adscrita a la Secretaria d&#8217;Estat de Turisme, ha analitzat, diagnosticat i identificat les l\u00ednies d&#8217;actuaci\u00f3 de la Val d\u2019Aran com a destinaci\u00f3 tur\u00edstica en les \u00e0rees de sostenibilitat, innovaci\u00f3, noves tecnologies i accessibilitat.<\/strong><\/p>\n<p>&nbsp;<\/p>\n<p><img loading=\"lazy\" decoding=\"async\" class=\"aligncenter size-large wp-image-16467\" src=\"http:\/\/www.conselharan.org\/wp-content\/uploads\/2017\/03\/DSC_0979-1024x685.jpg\" alt=\"DSC_0979\" width=\"1024\" height=\"685\" srcset=\"https:\/\/www.conselharan.org\/wp-content\/uploads\/2017\/03\/DSC_0979-1024x685.jpg 1024w, https:\/\/www.conselharan.org\/wp-content\/uploads\/2017\/03\/DSC_0979-300x201.jpg 300w, https:\/\/www.conselharan.org\/wp-content\/uploads\/2017\/03\/DSC_0979-768x514.jpg 768w\" sizes=\"(max-width: 1024px) 100vw, 1024px\" \/><\/p>\n<p>&nbsp;<\/p>\n<p>La conselh\u00e8ra de Turisme i Desenvolupament Econ\u00f2mic d&#8217;Aran,<strong> Anna D\u00edaz<\/strong> i el director de l\u2019I+D+I de la Societat Estatal per a la Gesti\u00f3 de la Innovaci\u00f3 i les Tecnologies Tur\u00edstiques, SEGITTUR,<strong> Carlos Romero,<\/strong> han presentat en el Conselh Generau d\u2019Aran el Balan\u00e7 de l&#8217;an\u00e0lisi de la Norma de Gesti\u00f3 de Destinacions Tur\u00edstiques Intel\u2022ligents (DTIs) en la Val d\u2019Aran.<\/p>\n<p>El reconeixement de<strong> Destinaci\u00f3 Tur\u00edstica Intel\u2022ligent<\/strong> avala la incorporaci\u00f3 al model tur\u00edstic de la Val d\u2019Aran el treball en innovaci\u00f3, tecnologia, sostenibilitat i accessibilitat, quatre factors competitius que garanteixen el present i el futur del turisme en la Val d\u2019Aran.<\/p>\n<p>&nbsp;<\/p>\n<p><img loading=\"lazy\" decoding=\"async\" class=\"size-large wp-image-16468\" src=\"http:\/\/www.conselharan.org\/wp-content\/uploads\/2017\/03\/DSC_0988-1024x605.jpg\" alt=\"????????????????????????????????????\" width=\"1024\" height=\"605\" srcset=\"https:\/\/www.conselharan.org\/wp-content\/uploads\/2017\/03\/DSC_0988-1024x605.jpg 1024w, https:\/\/www.conselharan.org\/wp-content\/uploads\/2017\/03\/DSC_0988-300x177.jpg 300w, https:\/\/www.conselharan.org\/wp-content\/uploads\/2017\/03\/DSC_0988-768x453.jpg 768w\" sizes=\"(max-width: 1024px) 100vw, 1024px\" \/><\/p>\n<p>SEGITTUR va iniciar el treball DTI en la Val d\u2019Aran en el mes de juny, i ha consistit a analitzar i diagnosticar les l\u00ednies d&#8217;actuaci\u00f3 realitzades a l\u2019Aran com a destinaci\u00f3 en les quatre variables que defineixen a una Destinaci\u00f3 Tur\u00edstica Intel\u2022ligent, la fase final ha consistit en l&#8217;elaboraci\u00f3 d&#8217;un informe de recomanacions que es van a integrar com a programes espec\u00edfics en el nou <strong>Pla de Turisme Val d\u2019Aran 2016-2020<\/strong> i \u00e9s el que s&#8217;ha presentat en el Conselh Generau al sector tur\u00edstic de la Val d\u2019Aran.<\/p>\n<p>L&#8217;anterior pla de turisme 2012-2015 de la Val d\u2019Aran culmina amb l&#8217;obtenci\u00f3 d&#8217;aquest reconeixement que s&#8217;enquadra al programa de competitivitat del pla i a trav\u00e9s del qual s&#8217;han desenvolupat diferents l\u00ednies de treball que han aconseguit que l\u2019Aran rebi diferents certificacions i reconeixements, entre els quals destaquen el de<strong> destinaci\u00f3 sostenible Biosphere<\/strong> atorgat pel Global Sustainable Tourism Council de la Fundaci\u00f3 Nacions Unides, finalista en els <strong>Destination Leadership<\/strong> atorgats per la National Geographic Society i la<strong> ITB de Berl\u00edn<\/strong>, i aquest \u00faltim pel seu treball com a <strong>Destinaci\u00f3 Tur\u00edstica Intel\u2022ligent<\/strong> (projecte impulsat pel <strong>Ministeri d&#8217;Ind\u00fastria, Energia i Turisme<\/strong>, a trav\u00e9s del Pla Nacional i Integral de Turisme 2012-2015).<\/p>\n<p>La Val d\u2019Aran ha estat un dels projectes pilot desenvolupats per SEGITTUR i que ha consistit a analitzar i recomanar actuacions en els quatre eixos que conformen una DTI: <strong>innovaci\u00f3, tecnologia, sostenibilitat i accessibilitat.<\/strong> L&#8217;informe recull tota la informaci\u00f3 necess\u00e0ria sobre les fonts de finan\u00e7ament que facilitin el desenvolupament de les actuacions i que ofereixen tant el Ministeri d&#8217;Ind\u00fastria, Energia i Turisme, a trav\u00e9s del Pla Nacional de Ciutats Intel\u2022ligents, Emprendetur i el FOMIT, com a la Uni\u00f3 Europea, mitjan\u00e7ant els fons FEDER.<\/p>\n<p>Des del Gov\u00e8rn d\u2019Aran s&#8217;han realitzat sessions informatives a empresaris i institucions araneses per explicar el significat de les Destinacions Tur\u00edstiques Intel\u2022ligents. En paraules de la conselh\u00e8ra de Turisme i Desenvolupament Econ\u00f2mic d&#8217;Aran, <strong>Anna D\u00edaz: \u201cUna Smart Destination \u00e9s una destinaci\u00f3 innovadora, que treballa per consolidar la seva infraestructura tecnol\u00f2gica i que garanteix el desenvolupament sostenible del territori. Facilita la interacci\u00f3 i integraci\u00f3 del visitant amb l&#8217;entorn i incrementa la qualitat de la seva experi\u00e8ncia\u201d. D\u00edaz<\/strong> ha afegit: <strong>\u201cLa Val d&#8217;Aran, \u00e9s una destinaci\u00f3 tur\u00edstica competitiva que ofereix serveis de qualitat a qualsevol perfil de viatger. L&#8217;informe que presentem avui \u00e9s molt interessant i ens ser\u00e0 molt \u00fatil per millorar amb els recursos que tenim\u201d.<\/strong><\/p>\n<p><strong>\u201cAmb la implantaci\u00f3 del Sistema de Turisme Responsable i l&#8217;obtenci\u00f3 del certificat Biosphere, la Val d\u2019Aran avan\u00e7a cap a un nou model de desenvolupament tur\u00edstic basat en els principis de la sostenibilitat, la diversitat cultural i la responsabilitat social, la qual cosa contribueix al fet que la Val d\u2019Aran sigui una destinaci\u00f3 tur\u00edstica basada en el respecte de la seva cultura, el medi ambient i la responsabilitat\u201d<\/strong> ha subratllat la conselh\u00e8ra de Turisme i Desenvolupament Econ\u00f2mic d&#8217;Aran, <strong>Anna D\u00edaz<\/strong>.<\/p>\n<p>&nbsp;<\/p>\n<p>&nbsp;<\/p>\n<p>&nbsp;<\/p>\n<p>Vielha, 17 de mar\u00e7 de 2017<\/p>\n<p>&nbsp;<\/p>\n<p><em>Conselh Generau d&#8217;Aran: N\u00faria Sanjuan<\/em><\/p>\n ","protected":false},"excerpt":{"rendered":"<p>Des del mes de juny de 2015 la Societat Estatal per a la Gesti\u00f3 de la Innovaci\u00f3 i les Tecnologies Tur\u00edstiques (SEGITTUR), dependent del Ministeri d&#8217;Ind\u00fastria, Energia i Turisme, i adscrita a la Secretaria d&#8217;Estat de Turisme, ha analitzat, diagnosticat i identificat les l\u00ednies d&#8217;actuaci\u00f3 de la Val d\u2019Aran com a destinaci\u00f3 tur\u00edstica en les&#8230;<\/p>\n","protected":false},"author":2,"featured_media":16467,"comment_status":"closed","ping_status":"closed","sticky":false,"template":"","format":"standard","meta":{"footnotes":""},"categories":[53],"tags":[],"_links":{"self":[{"href":"https:\/\/www.conselharan.org\/ca\/wp-json\/wp\/v2\/posts\/16470"}],"collection":[{"href":"https:\/\/www.conselharan.org\/ca\/wp-json\/wp\/v2\/posts"}],"about":[{"href":"https:\/\/www.conselharan.org\/ca\/wp-json\/wp\/v2\/types\/post"}],"author":[{"embeddable":true,"href":"https:\/\/www.conselharan.org\/ca\/wp-json\/wp\/v2\/users\/2"}],"replies":[{"embeddable":true,"href":"https:\/\/www.conselharan.org\/ca\/wp-json\/wp\/v2\/comments?post=16470"}],"version-history":[{"count":1,"href":"https:\/\/www.conselharan.org\/ca\/wp-json\/wp\/v2\/posts\/16470\/revisions"}],"predecessor-version":[{"id":16471,"href":"https:\/\/www.conselharan.org\/ca\/wp-json\/wp\/v2\/posts\/16470\/revisions\/16471"}],"wp:featuredmedia":[{"embeddable":true,"href":"https:\/\/www.conselharan.org\/ca\/wp-json\/wp\/v2\/media\/16467"}],"wp:attachment":[{"href":"https:\/\/www.conselharan.org\/ca\/wp-json\/wp\/v2\/media?parent=16470"}],"wp:term":[{"taxonomy":"category","embeddable":true,"href":"https:\/\/www.conselharan.org\/ca\/wp-json\/wp\/v2\/categories?post=16470"},{"taxonomy":"post_tag","embeddable":true,"href":"https:\/\/www.conselharan.org\/ca\/wp-json\/wp\/v2\/tags?post=16470"}],"curies":[{"name":"wp","href":"https:\/\/api.w.org\/{rel}","templated":true}]}}