{"id":16480,"date":"2017-03-17T14:40:10","date_gmt":"2017-03-17T13:40:10","guid":{"rendered":"http:\/\/www.conselharan.org\/ca\/?p=16480"},"modified":"2017-03-17T14:40:44","modified_gmt":"2017-03-17T13:40:44","slug":"torisme-val-daran-i-baqueira-participen-a-la-fira-salon-destinations-nature-de-paris","status":"publish","type":"post","link":"https:\/\/www.conselharan.org\/ca\/torisme-val-daran-i-baqueira-participen-a-la-fira-salon-destinations-nature-de-paris\/","title":{"rendered":"Torisme Val d\u2019aran i Baqueira participen a la Fira Salon Destinations Nature de Par\u00eds"},"content":{"rendered":"<p>Vielha, 17 de mar\u00e7 de 2017.- La conselh\u00e8ra de Torisme del Conselh Generau d\u2019Aran, <strong>Anna D<\/strong><strong>\u00ed<\/strong><strong>az<\/strong> acompanyada dels representants de <strong>Baqueira Beret<\/strong> participen aquests dies a la Fira Salon Destinations Nature del 16 al 19 de mar\u00e7 a Par\u00eds Expo Porte de Versailles.<\/p>\n<p><a href=\"http:\/\/www.conselharan.org\/wp-content\/uploads\/2017\/03\/IMG_5318.jpg\"><img loading=\"lazy\" decoding=\"async\" class=\"aligncenter size-large wp-image-16475\" src=\"http:\/\/www.conselharan.org\/wp-content\/uploads\/2017\/03\/IMG_5318-1024x768.jpg\" alt=\"IMG_5318\" width=\"1024\" height=\"768\" srcset=\"https:\/\/www.conselharan.org\/wp-content\/uploads\/2017\/03\/IMG_5318.jpg 1024w, https:\/\/www.conselharan.org\/wp-content\/uploads\/2017\/03\/IMG_5318-300x225.jpg 300w, https:\/\/www.conselharan.org\/wp-content\/uploads\/2017\/03\/IMG_5318-768x576.jpg 768w\" sizes=\"(max-width: 1024px) 100vw, 1024px\" \/><\/a><\/p>\n<p>Aquest Sal\u00f3 que est\u00e0 dedicat als esports a l&#8217;aire lliure i vacances a la natura, \u00e9s el punt de trobada dels amants de la natura i els viatges fora del com\u00fa. Els visitants podran descobrir la idees i consells sobre senderisme, senders, marxa n\u00f2rdica, passejades a cavall, rutes en bicicleta, tot el que ofereix la Val d\u2019Aran en temporada de primavera i estiu.<\/p>\n<p>El Sal\u00f3 que arriba enguany a la 33\u00aa edici\u00f3, preveu l\u2019assist\u00e8ncia de m\u00e9s de 70.000 visitants.<\/p>\n<p>La participaci\u00f3 de Torisme Val d\u2019Aran i de Baqueira Beret al Sal\u00f3 de Par\u00eds, respon a la voluntat de donar a con\u00e8ixer la completa oferta de turisme de muntanya i d\u2019esports a l\u2019aire lliure de la Val d\u2019Aran.<\/p>\n<p>Anna D\u00edaz, ha recordat que <strong>\u201c<\/strong><strong>amb la implantaci<\/strong><strong>\u00f3<\/strong><strong> del Sistema de Turisme Responsable i l<\/strong><strong>\u2019<\/strong><strong>obtenci<\/strong><strong>\u00f3<\/strong><strong> del certificat Biosphere, la Val d<\/strong><strong>\u2019<\/strong><strong>Aran avan<\/strong><strong>\u00e7<\/strong><strong>a cap a un nou model de desenvolupament tur<\/strong><strong>\u00ed<\/strong><strong>stic basat en els principis de la sostenibilitat, la diversitat cultural i la responsabilitat social, la qual cosa contribueix al fet que la Val d<\/strong><strong>\u2019<\/strong><strong>Aran sigui una destinaci<\/strong><strong>\u00f3<\/strong><strong> tur<\/strong><strong>\u00ed<\/strong><strong>stica basada en el respecte de la seva cultura, el medi ambient i la responsabilitat<\/strong><strong>\u201d<\/strong><strong>.<\/strong><\/p>\n<p>D\u00edaz ha afegit que \u201cla Val d\u2019Aran, \u00e9s una destinaci\u00f3 tur\u00edstica competitiva que ofereix serveis de qualitat a qualsevol perfil de viatger\u201d.<\/p>\n ","protected":false},"excerpt":{"rendered":"<p>Vielha, 17 de mar\u00e7 de 2017.- La conselh\u00e8ra de Torisme del Conselh Generau d\u2019Aran, Anna D\u00edaz acompanyada dels representants de Baqueira Beret participen aquests dies a la Fira Salon Destinations Nature del 16 al 19 de mar\u00e7 a Par\u00eds Expo Porte de Versailles. Aquest Sal\u00f3 que est\u00e0 dedicat als esports a l&#8217;aire lliure i vacances&#8230;<\/p>\n","protected":false},"author":2,"featured_media":16475,"comment_status":"closed","ping_status":"closed","sticky":false,"template":"","format":"standard","meta":{"footnotes":""},"categories":[33],"tags":[],"_links":{"self":[{"href":"https:\/\/www.conselharan.org\/ca\/wp-json\/wp\/v2\/posts\/16480"}],"collection":[{"href":"https:\/\/www.conselharan.org\/ca\/wp-json\/wp\/v2\/posts"}],"about":[{"href":"https:\/\/www.conselharan.org\/ca\/wp-json\/wp\/v2\/types\/post"}],"author":[{"embeddable":true,"href":"https:\/\/www.conselharan.org\/ca\/wp-json\/wp\/v2\/users\/2"}],"replies":[{"embeddable":true,"href":"https:\/\/www.conselharan.org\/ca\/wp-json\/wp\/v2\/comments?post=16480"}],"version-history":[{"count":2,"href":"https:\/\/www.conselharan.org\/ca\/wp-json\/wp\/v2\/posts\/16480\/revisions"}],"predecessor-version":[{"id":16482,"href":"https:\/\/www.conselharan.org\/ca\/wp-json\/wp\/v2\/posts\/16480\/revisions\/16482"}],"wp:featuredmedia":[{"embeddable":true,"href":"https:\/\/www.conselharan.org\/ca\/wp-json\/wp\/v2\/media\/16475"}],"wp:attachment":[{"href":"https:\/\/www.conselharan.org\/ca\/wp-json\/wp\/v2\/media?parent=16480"}],"wp:term":[{"taxonomy":"category","embeddable":true,"href":"https:\/\/www.conselharan.org\/ca\/wp-json\/wp\/v2\/categories?post=16480"},{"taxonomy":"post_tag","embeddable":true,"href":"https:\/\/www.conselharan.org\/ca\/wp-json\/wp\/v2\/tags?post=16480"}],"curies":[{"name":"wp","href":"https:\/\/api.w.org\/{rel}","templated":true}]}}