{"id":16516,"date":"2017-03-17T16:59:03","date_gmt":"2017-03-17T15:59:03","guid":{"rendered":"http:\/\/www.conselharan.org\/ca\/?p=16516"},"modified":"2018-10-04T11:13:20","modified_gmt":"2018-10-04T09:13:20","slug":"magnifics-resultats-dabel-moga-carracedo-i-pol-tellosa-badia-en-la-final-deldorado","status":"publish","type":"post","link":"https:\/\/www.conselharan.org\/ca\/magnifics-resultats-dabel-moga-carracedo-i-pol-tellosa-badia-en-la-final-deldorado\/","title":{"rendered":"Magn\u00edfics resultats d\u2019Abel Moga Carracedo i P\u00f2l Tellosa Bad\u00eda en la final d\u2019ELDORADO"},"content":{"rendered":"<p><img loading=\"lazy\" decoding=\"async\" class=\"aligncenter size-full wp-image-16513\" src=\"http:\/\/www.conselharan.org\/wp-content\/uploads\/2017\/03\/podium-boi.jpg\" alt=\"podium boi\" width=\"960\" height=\"640\" srcset=\"https:\/\/www.conselharan.org\/wp-content\/uploads\/2017\/03\/podium-boi.jpg 960w, https:\/\/www.conselharan.org\/wp-content\/uploads\/2017\/03\/podium-boi-300x200.jpg 300w, https:\/\/www.conselharan.org\/wp-content\/uploads\/2017\/03\/podium-boi-768x512.jpg 768w\" sizes=\"(max-width: 960px) 100vw, 960px\" \/><\/p>\n<p>Dissabte passat, 11 de mar\u00e7, es va dur a terme l&#8217;\u00faltima prova del circuit d&#8217;ElDorado en l&#8217;estaci\u00f3 de Bo\u00ed Taull i els <strong>membres del Programa de Tecnificaci\u00f3 del Conselh Generau d\u2019Aran<\/strong> van aconseguir magn\u00edfics resultats.<\/p>\n<p>Els aranesos <strong>Abel Moga Carracedo<\/strong>, que anava com Current Leader, va quedar primer amb una l\u00ednia molt neta i <strong>P\u00f2l Tellosa Bad\u00eda<\/strong> que va realitzar tamb\u00e9 una impecable l\u00ednia va quedar en segona posici\u00f3.<\/p>\n<p><strong>Axel Joaniquet<\/strong> va quedar en vuit\u00e8 lloc tot i fer una bona baixada, per\u00f2 el nivell en aquesta ocasi\u00f3 va ser molt exigent.<\/p>\n<p>Els membres d&#8217;Emotion, <strong>Jordi Riba i Juli\u00e1n Puras,<\/strong> van quedar quart i set\u00e8 lloc respectivament.<\/p>\n<p>&nbsp;<\/p>\n<p><img loading=\"lazy\" decoding=\"async\" class=\"aligncenter size-full wp-image-16514\" src=\"http:\/\/www.conselharan.org\/wp-content\/uploads\/2017\/03\/final-ElDorado.jpg\" alt=\"final ElDorado\" width=\"960\" height=\"640\" srcset=\"https:\/\/www.conselharan.org\/wp-content\/uploads\/2017\/03\/final-ElDorado.jpg 960w, https:\/\/www.conselharan.org\/wp-content\/uploads\/2017\/03\/final-ElDorado-300x200.jpg 300w, https:\/\/www.conselharan.org\/wp-content\/uploads\/2017\/03\/final-ElDorado-768x512.jpg 768w\" sizes=\"(max-width: 960px) 100vw, 960px\" \/><\/p>\n<p>&nbsp;<\/p>\n<p>Tots estaven euf\u00f2rics, riders i entrenador d&#8217;Emotion, <strong>Cristian Boiria<\/strong>, ja que aix\u00f2 significa l&#8217;honor de tenir entre les seves files al primer Campi\u00f3 del Circuit dels Pirineus aix\u00ed com el tercer lloc, Abel Moga i P\u00f2l Tellosa respectivament i Axel Joaniquet en quart lloc.<\/p>\n<p>&nbsp;<\/p>\n<p>M\u00e9s informaci\u00f3: <a href=\"http:\/\/www.escuelaemotion.com\" target=\"_blank\" rel=\"noopener\"><strong>www.escuelaemotion.com<\/strong><\/a><\/p>\n<p>&nbsp;<\/p>\n<p>&nbsp;<\/p>\n<p>&nbsp;<\/p>\n<p>&nbsp;<\/p>\n<p>&nbsp;<\/p>\n<p>Vielha, 17 de mar\u00e7 de 2017<\/p>\n<p>&nbsp;<\/p>\n<p><em>Conselh Generau d&#8217;Aran: N\u00faria Sanjuan<\/em><\/p>\n ","protected":false},"excerpt":{"rendered":"<p>Dissabte passat, 11 de mar\u00e7, es va dur a terme l&#8217;\u00faltima prova del circuit d&#8217;ElDorado en l&#8217;estaci\u00f3 de Bo\u00ed Taull i els membres del Programa de Tecnificaci\u00f3 del Conselh Generau d\u2019Aran van aconseguir magn\u00edfics resultats. Els aranesos Abel Moga Carracedo, que anava com Current Leader, va quedar primer amb una l\u00ednia molt neta i P\u00f2l&#8230;<\/p>\n","protected":false},"author":2,"featured_media":16513,"comment_status":"closed","ping_status":"closed","sticky":false,"template":"","format":"standard","meta":{"footnotes":""},"categories":[136],"tags":[],"_links":{"self":[{"href":"https:\/\/www.conselharan.org\/ca\/wp-json\/wp\/v2\/posts\/16516"}],"collection":[{"href":"https:\/\/www.conselharan.org\/ca\/wp-json\/wp\/v2\/posts"}],"about":[{"href":"https:\/\/www.conselharan.org\/ca\/wp-json\/wp\/v2\/types\/post"}],"author":[{"embeddable":true,"href":"https:\/\/www.conselharan.org\/ca\/wp-json\/wp\/v2\/users\/2"}],"replies":[{"embeddable":true,"href":"https:\/\/www.conselharan.org\/ca\/wp-json\/wp\/v2\/comments?post=16516"}],"version-history":[{"count":2,"href":"https:\/\/www.conselharan.org\/ca\/wp-json\/wp\/v2\/posts\/16516\/revisions"}],"predecessor-version":[{"id":24551,"href":"https:\/\/www.conselharan.org\/ca\/wp-json\/wp\/v2\/posts\/16516\/revisions\/24551"}],"wp:featuredmedia":[{"embeddable":true,"href":"https:\/\/www.conselharan.org\/ca\/wp-json\/wp\/v2\/media\/16513"}],"wp:attachment":[{"href":"https:\/\/www.conselharan.org\/ca\/wp-json\/wp\/v2\/media?parent=16516"}],"wp:term":[{"taxonomy":"category","embeddable":true,"href":"https:\/\/www.conselharan.org\/ca\/wp-json\/wp\/v2\/categories?post=16516"},{"taxonomy":"post_tag","embeddable":true,"href":"https:\/\/www.conselharan.org\/ca\/wp-json\/wp\/v2\/tags?post=16516"}],"curies":[{"name":"wp","href":"https:\/\/api.w.org\/{rel}","templated":true}]}}